{"id":99672,"date":"2023-01-06T12:00:48","date_gmt":"2023-01-06T15:00:48","guid":{"rendered":"https:\/\/infoecos.com.ar\/?p=99672"},"modified":"2023-01-11T02:12:38","modified_gmt":"2023-01-11T05:12:38","slug":"cardini-en-declaraciones-que-publica-el-sitio-oeste-ba-salio-a-responderle-a-badino","status":"publish","type":"post","link":"https:\/\/infoecos.com.ar\/index.php\/cardini-en-declaraciones-que-publica-el-sitio-oeste-ba-salio-a-responderle-a-badino\/","title":{"rendered":"Cardini, en declaraciones que publica el sitio Oeste BA, sali\u00f3 a responderle a Badino"},"content":{"rendered":"\n<p><strong>Informaci\u00f3n textual de nuestros colegas:<\/strong><\/p>\n\n\n\n<p>El concejal del Frente Juntos Mat\u00edas Cardini sali\u00f3 al cruce de las declaraciones de su par del Frente de Todos Leticia Badino y dijo que busca romper los acuerdos y el clima de trabajo com\u00fan en el distrito.<br><\/p>\n\n\n\n<figure class=\"wp-block-image aligncenter size-large is-resized\"><img loading=\"lazy\" decoding=\"async\" src=\"https:\/\/infoecos.com.ar\/wp-content\/uploads\/cardini3-920x518.jpg\" alt=\"Cardini, Mat\u00edas - Foto: diario La Opini\u00f3n\" class=\"wp-image-22414\" width=\"559\" height=\"314\"\/><figcaption class=\"wp-element-caption\">Cardini, Mat\u00edas &#8211; Foto: diario La Opini\u00f3n<\/figcaption><\/figure>\n\n\n\n<p>\u201cEn el arranque del a\u00f1o, despu\u00e9s que el Intendente diera el mensaje de trabajar juntos por Trenque Lauquen, la Concejal Badino sale a romper el clima de trabajo en com\u00fan y de b\u00fasqueda de consensos, con discursos que no aportan nada\u201d se quej\u00f3 Cardini.<\/p>\n\n\n\n<p>\u201cEl mensaje del Intendente \u2013agreg\u00f3 Cardini- fue claro en el sentido de despojarse de las diferencias para poner en primer lugar a Trenque Lauquen y los intereses de nuestra comunidad. Con humildad manifest\u00f3 abiertamente que solo no puede. Que necesita a todos. Pero del otro lado, Badino, justamente hace todo lo contrario. Prioriza las diferencias y dinamita los posibles encuentros. Aparece condicionando el trabajo en com\u00fan a cambio de apoyar o no cuestiones como la condena judicial de la vicepresidente Cristina Fern\u00e1ndez\u201d.<\/p>\n\n\n\n<p>\u201cEs notable la poca capacidad de empat\u00eda con la gente, que, a diferencia de lo que hace Badino, los vecinos piden poner todos los esfuerzos en superar esas diferencias partidarias nacionales, para mejorar el desarrollo de nuestra localidad. Es lamentable que para sumarse a un trabajo en conjunto en nuestra localidad, una de las condiciones que pone Badino tengan que ver con la situaci\u00f3n judicial de Cristina Fern\u00e1ndez\u201d.<\/p>\n\n\n\n<p>Para Badino \u201cy para todo el Kirchnerismo, lo \u00fanico importante estos tres a\u00f1os de Gobierno ha sido la agenda judicial de la Vice. De hecho ahora quieren iniciar un juicio a la Corte Suprema y hasta truchean una firma de un gobernador. Tambi\u00e9n amenazan con reformar el Consejo de la Magistratura por decreto. Y para terminar, aclaremos una cosa. Cristina Fern\u00e1ndez no est\u00e1 proscripta. La vicepresidenta est\u00e1 condenada por defraudaci\u00f3n al Estado\u201d.<\/p>\n\n\n\n<p>\u201cPara Badino debe ser dif\u00edcil tener que hacerse cargo de un gobierno que tiene los salarios de los trabajadores m\u00e1s bajos de los \u00faltimos 30 a\u00f1os, y que hab\u00eda prometido llenar la heladera de los argentinos, y en vez de eso, terminan ofreciendo gel Intimo\u201d.<\/p>\n\n\n\n<p><\/p>\n","protected":false},"excerpt":{"rendered":"<p>Sali\u00f3 a contestarle a Leticia Badino, que se hab\u00eda expresado en Facebook y fue tomada por Infoecos<\/p>\n","protected":false},"author":2,"featured_media":15286,"comment_status":"closed","ping_status":"open","sticky":false,"template":"","format":"standard","meta":{"footnotes":""},"categories":[26],"tags":[7027],"class_list":["post-99672","post","type-post","status-publish","format-standard","has-post-thumbnail","hentry","category-inferior6","tag-entrecruce-fdt-jxc"],"yoast_head":"<!-- This site is optimized with the Yoast SEO plugin v23.4 - https:\/\/yoast.com\/wordpress\/plugins\/seo\/ -->\n<title>Cardini, en declaraciones que publica el sitio Oeste BA, sali\u00f3 a responderle a Badino - Infoecos<\/title>\n<meta name=\"robots\" content=\"index, follow, max-snippet:-1, max-image-preview:large, max-video-preview:-1\" \/>\n<link rel=\"canonical\" href=\"https:\/\/infoecos.com.ar\/index.php\/cardini-en-declaraciones-que-publica-el-sitio-oeste-ba-salio-a-responderle-a-badino\/\" \/>\n<meta property=\"og:locale\" content=\"es_ES\" \/>\n<meta property=\"og:type\" content=\"article\" \/>\n<meta property=\"og:title\" content=\"Cardini, en declaraciones que publica el sitio Oeste BA, sali\u00f3 a responderle a Badino - Infoecos\" \/>\n<meta property=\"og:description\" content=\"Sali\u00f3 a contestarle a Leticia Badino, que se hab\u00eda expresado en Facebook y fue tomada por Infoecos\" \/>\n<meta property=\"og:url\" content=\"https:\/\/infoecos.com.ar\/index.php\/cardini-en-declaraciones-que-publica-el-sitio-oeste-ba-salio-a-responderle-a-badino\/\" \/>\n<meta property=\"og:site_name\" content=\"Infoecos\" \/>\n<meta property=\"article:publisher\" content=\"https:\/\/www.facebook.com\/profile.php?id=100063200290284\" \/>\n<meta property=\"article:published_time\" content=\"2023-01-06T15:00:48+00:00\" \/>\n<meta property=\"article:modified_time\" content=\"2023-01-11T05:12:38+00:00\" \/>\n<meta property=\"og:image\" content=\"https:\/\/infoecos.com.ar\/wp-content\/uploads\/cardini1.jpg\" \/>\n\t<meta property=\"og:image:width\" content=\"775\" \/>\n\t<meta property=\"og:image:height\" content=\"620\" \/>\n\t<meta property=\"og:image:type\" content=\"image\/jpeg\" \/>\n<meta name=\"author\" content=\"Jorge Matheus\" \/>\n<meta name=\"twitter:card\" content=\"summary_large_image\" \/>\n<meta name=\"twitter:creator\" content=\"@infoecos\" \/>\n<meta name=\"twitter:site\" content=\"@infoecos\" \/>\n<meta name=\"twitter:label1\" content=\"Escrito por\" \/>\n\t<meta name=\"twitter:data1\" content=\"Jorge Matheus\" \/>\n\t<meta name=\"twitter:label2\" content=\"Tiempo de lectura\" \/>\n\t<meta name=\"twitter:data2\" content=\"2 minutos\" \/>\n<script type=\"application\/ld+json\" class=\"yoast-schema-graph\">{\"@context\":\"https:\/\/schema.org\",\"@graph\":[{\"@type\":\"Article\",\"@id\":\"https:\/\/infoecos.com.ar\/index.php\/cardini-en-declaraciones-que-publica-el-sitio-oeste-ba-salio-a-responderle-a-badino\/#article\",\"isPartOf\":{\"@id\":\"https:\/\/infoecos.com.ar\/index.php\/cardini-en-declaraciones-que-publica-el-sitio-oeste-ba-salio-a-responderle-a-badino\/\"},\"author\":{\"name\":\"Jorge Matheus\",\"@id\":\"https:\/\/infoecos.com.ar\/#\/schema\/person\/8f5ace5ce73b4b4aac4b7245aee6f191\"},\"headline\":\"Cardini, en declaraciones que publica el sitio Oeste BA, sali\u00f3 a responderle a Badino\",\"datePublished\":\"2023-01-06T15:00:48+00:00\",\"dateModified\":\"2023-01-11T05:12:38+00:00\",\"mainEntityOfPage\":{\"@id\":\"https:\/\/infoecos.com.ar\/index.php\/cardini-en-declaraciones-que-publica-el-sitio-oeste-ba-salio-a-responderle-a-badino\/\"},\"wordCount\":396,\"publisher\":{\"@id\":\"https:\/\/infoecos.com.ar\/#organization\"},\"image\":{\"@id\":\"https:\/\/infoecos.com.ar\/index.php\/cardini-en-declaraciones-que-publica-el-sitio-oeste-ba-salio-a-responderle-a-badino\/#primaryimage\"},\"thumbnailUrl\":\"\",\"keywords\":[\"ENTRECRUCE FDT-JXC\"],\"articleSection\":[\"Bloque inferior - 6\"],\"inLanguage\":\"es\"},{\"@type\":\"WebPage\",\"@id\":\"https:\/\/infoecos.com.ar\/index.php\/cardini-en-declaraciones-que-publica-el-sitio-oeste-ba-salio-a-responderle-a-badino\/\",\"url\":\"https:\/\/infoecos.com.ar\/index.php\/cardini-en-declaraciones-que-publica-el-sitio-oeste-ba-salio-a-responderle-a-badino\/\",\"name\":\"Cardini, en declaraciones que publica el sitio Oeste BA, sali\u00f3 a responderle a Badino - Infoecos\",\"isPartOf\":{\"@id\":\"https:\/\/infoecos.com.ar\/#website\"},\"primaryImageOfPage\":{\"@id\":\"https:\/\/infoecos.com.ar\/index.php\/cardini-en-declaraciones-que-publica-el-sitio-oeste-ba-salio-a-responderle-a-badino\/#primaryimage\"},\"image\":{\"@id\":\"https:\/\/infoecos.com.ar\/index.php\/cardini-en-declaraciones-que-publica-el-sitio-oeste-ba-salio-a-responderle-a-badino\/#primaryimage\"},\"thumbnailUrl\":\"\",\"datePublished\":\"2023-01-06T15:00:48+00:00\",\"dateModified\":\"2023-01-11T05:12:38+00:00\",\"breadcrumb\":{\"@id\":\"https:\/\/infoecos.com.ar\/index.php\/cardini-en-declaraciones-que-publica-el-sitio-oeste-ba-salio-a-responderle-a-badino\/#breadcrumb\"},\"inLanguage\":\"es\",\"potentialAction\":[{\"@type\":\"ReadAction\",\"target\":[\"https:\/\/infoecos.com.ar\/index.php\/cardini-en-declaraciones-que-publica-el-sitio-oeste-ba-salio-a-responderle-a-badino\/\"]}]},{\"@type\":\"ImageObject\",\"inLanguage\":\"es\",\"@id\":\"https:\/\/infoecos.com.ar\/index.php\/cardini-en-declaraciones-que-publica-el-sitio-oeste-ba-salio-a-responderle-a-badino\/#primaryimage\",\"url\":\"\",\"contentUrl\":\"\"},{\"@type\":\"BreadcrumbList\",\"@id\":\"https:\/\/infoecos.com.ar\/index.php\/cardini-en-declaraciones-que-publica-el-sitio-oeste-ba-salio-a-responderle-a-badino\/#breadcrumb\",\"itemListElement\":[{\"@type\":\"ListItem\",\"position\":1,\"name\":\"Portada\",\"item\":\"https:\/\/infoecos.com.ar\/\"},{\"@type\":\"ListItem\",\"position\":2,\"name\":\"Cardini, en declaraciones que publica el sitio Oeste BA, sali\u00f3 a responderle a Badino\"}]},{\"@type\":\"WebSite\",\"@id\":\"https:\/\/infoecos.com.ar\/#website\",\"url\":\"https:\/\/infoecos.com.ar\/\",\"name\":\"Infoecos\",\"description\":\"Noticias de trenque lauquen y la zona\",\"publisher\":{\"@id\":\"https:\/\/infoecos.com.ar\/#organization\"},\"alternateName\":\"Noticias\",\"potentialAction\":[{\"@type\":\"SearchAction\",\"target\":{\"@type\":\"EntryPoint\",\"urlTemplate\":\"https:\/\/infoecos.com.ar\/?s={search_term_string}\"},\"query-input\":{\"@type\":\"PropertyValueSpecification\",\"valueRequired\":true,\"valueName\":\"search_term_string\"}}],\"inLanguage\":\"es\"},{\"@type\":\"Organization\",\"@id\":\"https:\/\/infoecos.com.ar\/#organization\",\"name\":\"Infoecos\",\"alternateName\":\"Noticias\",\"url\":\"https:\/\/infoecos.com.ar\/\",\"logo\":{\"@type\":\"ImageObject\",\"inLanguage\":\"es\",\"@id\":\"https:\/\/infoecos.com.ar\/#\/schema\/logo\/image\/\",\"url\":\"https:\/\/infoecos.com.ar\/wp-content\/uploads\/2024\/03\/cropped-logo.png\",\"contentUrl\":\"https:\/\/infoecos.com.ar\/wp-content\/uploads\/2024\/03\/cropped-logo.png\",\"width\":374,\"height\":90,\"caption\":\"Infoecos\"},\"image\":{\"@id\":\"https:\/\/infoecos.com.ar\/#\/schema\/logo\/image\/\"},\"sameAs\":[\"https:\/\/www.facebook.com\/profile.php?id=100063200290284\",\"https:\/\/x.com\/infoecos\"]},{\"@type\":\"Person\",\"@id\":\"https:\/\/infoecos.com.ar\/#\/schema\/person\/8f5ace5ce73b4b4aac4b7245aee6f191\",\"name\":\"Jorge Matheus\",\"url\":\"https:\/\/infoecos.com.ar\/index.php\/author\/jomatheus\/\"}]}<\/script>\n<!-- \/ Yoast SEO plugin. -->","yoast_head_json":{"title":"Cardini, en declaraciones que publica el sitio Oeste BA, sali\u00f3 a responderle a Badino - Infoecos","robots":{"index":"index","follow":"follow","max-snippet":"max-snippet:-1","max-image-preview":"max-image-preview:large","max-video-preview":"max-video-preview:-1"},"canonical":"https:\/\/infoecos.com.ar\/index.php\/cardini-en-declaraciones-que-publica-el-sitio-oeste-ba-salio-a-responderle-a-badino\/","og_locale":"es_ES","og_type":"article","og_title":"Cardini, en declaraciones que publica el sitio Oeste BA, sali\u00f3 a responderle a Badino - Infoecos","og_description":"Sali\u00f3 a contestarle a Leticia Badino, que se hab\u00eda expresado en Facebook y fue tomada por Infoecos","og_url":"https:\/\/infoecos.com.ar\/index.php\/cardini-en-declaraciones-que-publica-el-sitio-oeste-ba-salio-a-responderle-a-badino\/","og_site_name":"Infoecos","article_publisher":"https:\/\/www.facebook.com\/profile.php?id=100063200290284","article_published_time":"2023-01-06T15:00:48+00:00","article_modified_time":"2023-01-11T05:12:38+00:00","og_image":[{"width":775,"height":620,"url":"https:\/\/infoecos.com.ar\/wp-content\/uploads\/cardini1.jpg","type":"image\/jpeg"}],"author":"Jorge Matheus","twitter_card":"summary_large_image","twitter_creator":"@infoecos","twitter_site":"@infoecos","twitter_misc":{"Escrito por":"Jorge Matheus","Tiempo de lectura":"2 minutos"},"schema":{"@context":"https:\/\/schema.org","@graph":[{"@type":"Article","@id":"https:\/\/infoecos.com.ar\/index.php\/cardini-en-declaraciones-que-publica-el-sitio-oeste-ba-salio-a-responderle-a-badino\/#article","isPartOf":{"@id":"https:\/\/infoecos.com.ar\/index.php\/cardini-en-declaraciones-que-publica-el-sitio-oeste-ba-salio-a-responderle-a-badino\/"},"author":{"name":"Jorge Matheus","@id":"https:\/\/infoecos.com.ar\/#\/schema\/person\/8f5ace5ce73b4b4aac4b7245aee6f191"},"headline":"Cardini, en declaraciones que publica el sitio Oeste BA, sali\u00f3 a responderle a Badino","datePublished":"2023-01-06T15:00:48+00:00","dateModified":"2023-01-11T05:12:38+00:00","mainEntityOfPage":{"@id":"https:\/\/infoecos.com.ar\/index.php\/cardini-en-declaraciones-que-publica-el-sitio-oeste-ba-salio-a-responderle-a-badino\/"},"wordCount":396,"publisher":{"@id":"https:\/\/infoecos.com.ar\/#organization"},"image":{"@id":"https:\/\/infoecos.com.ar\/index.php\/cardini-en-declaraciones-que-publica-el-sitio-oeste-ba-salio-a-responderle-a-badino\/#primaryimage"},"thumbnailUrl":"","keywords":["ENTRECRUCE FDT-JXC"],"articleSection":["Bloque inferior - 6"],"inLanguage":"es"},{"@type":"WebPage","@id":"https:\/\/infoecos.com.ar\/index.php\/cardini-en-declaraciones-que-publica-el-sitio-oeste-ba-salio-a-responderle-a-badino\/","url":"https:\/\/infoecos.com.ar\/index.php\/cardini-en-declaraciones-que-publica-el-sitio-oeste-ba-salio-a-responderle-a-badino\/","name":"Cardini, en declaraciones que publica el sitio Oeste BA, sali\u00f3 a responderle a Badino - Infoecos","isPartOf":{"@id":"https:\/\/infoecos.com.ar\/#website"},"primaryImageOfPage":{"@id":"https:\/\/infoecos.com.ar\/index.php\/cardini-en-declaraciones-que-publica-el-sitio-oeste-ba-salio-a-responderle-a-badino\/#primaryimage"},"image":{"@id":"https:\/\/infoecos.com.ar\/index.php\/cardini-en-declaraciones-que-publica-el-sitio-oeste-ba-salio-a-responderle-a-badino\/#primaryimage"},"thumbnailUrl":"","datePublished":"2023-01-06T15:00:48+00:00","dateModified":"2023-01-11T05:12:38+00:00","breadcrumb":{"@id":"https:\/\/infoecos.com.ar\/index.php\/cardini-en-declaraciones-que-publica-el-sitio-oeste-ba-salio-a-responderle-a-badino\/#breadcrumb"},"inLanguage":"es","potentialAction":[{"@type":"ReadAction","target":["https:\/\/infoecos.com.ar\/index.php\/cardini-en-declaraciones-que-publica-el-sitio-oeste-ba-salio-a-responderle-a-badino\/"]}]},{"@type":"ImageObject","inLanguage":"es","@id":"https:\/\/infoecos.com.ar\/index.php\/cardini-en-declaraciones-que-publica-el-sitio-oeste-ba-salio-a-responderle-a-badino\/#primaryimage","url":"","contentUrl":""},{"@type":"BreadcrumbList","@id":"https:\/\/infoecos.com.ar\/index.php\/cardini-en-declaraciones-que-publica-el-sitio-oeste-ba-salio-a-responderle-a-badino\/#breadcrumb","itemListElement":[{"@type":"ListItem","position":1,"name":"Portada","item":"https:\/\/infoecos.com.ar\/"},{"@type":"ListItem","position":2,"name":"Cardini, en declaraciones que publica el sitio Oeste BA, sali\u00f3 a responderle a Badino"}]},{"@type":"WebSite","@id":"https:\/\/infoecos.com.ar\/#website","url":"https:\/\/infoecos.com.ar\/","name":"Infoecos","description":"Noticias de trenque lauquen y la zona","publisher":{"@id":"https:\/\/infoecos.com.ar\/#organization"},"alternateName":"Noticias","potentialAction":[{"@type":"SearchAction","target":{"@type":"EntryPoint","urlTemplate":"https:\/\/infoecos.com.ar\/?s={search_term_string}"},"query-input":{"@type":"PropertyValueSpecification","valueRequired":true,"valueName":"search_term_string"}}],"inLanguage":"es"},{"@type":"Organization","@id":"https:\/\/infoecos.com.ar\/#organization","name":"Infoecos","alternateName":"Noticias","url":"https:\/\/infoecos.com.ar\/","logo":{"@type":"ImageObject","inLanguage":"es","@id":"https:\/\/infoecos.com.ar\/#\/schema\/logo\/image\/","url":"https:\/\/infoecos.com.ar\/wp-content\/uploads\/2024\/03\/cropped-logo.png","contentUrl":"https:\/\/infoecos.com.ar\/wp-content\/uploads\/2024\/03\/cropped-logo.png","width":374,"height":90,"caption":"Infoecos"},"image":{"@id":"https:\/\/infoecos.com.ar\/#\/schema\/logo\/image\/"},"sameAs":["https:\/\/www.facebook.com\/profile.php?id=100063200290284","https:\/\/x.com\/infoecos"]},{"@type":"Person","@id":"https:\/\/infoecos.com.ar\/#\/schema\/person\/8f5ace5ce73b4b4aac4b7245aee6f191","name":"Jorge Matheus","url":"https:\/\/infoecos.com.ar\/index.php\/author\/jomatheus\/"}]}},"featured_image_urls":{"full":"","thumbnail":"","medium":"","medium_large":"","large":"","1536x1536":"","2048x2048":"","covernews-slider-full":"","covernews-slider-center":"","covernews-featured":"","covernews-medium":"","covernews-medium-square":""},"author_info":{"info":["Jorge Matheus"]},"category_info":"<a href=\"https:\/\/infoecos.com.ar\/index.php\/category\/inferior6\/\" rel=\"category tag\">Bloque inferior - 6<\/a>","tag_info":"Bloque inferior - 6","comment_count":"0","_links":{"self":[{"href":"https:\/\/infoecos.com.ar\/index.php\/wp-json\/wp\/v2\/posts\/99672"}],"collection":[{"href":"https:\/\/infoecos.com.ar\/index.php\/wp-json\/wp\/v2\/posts"}],"about":[{"href":"https:\/\/infoecos.com.ar\/index.php\/wp-json\/wp\/v2\/types\/post"}],"author":[{"embeddable":true,"href":"https:\/\/infoecos.com.ar\/index.php\/wp-json\/wp\/v2\/users\/2"}],"replies":[{"embeddable":true,"href":"https:\/\/infoecos.com.ar\/index.php\/wp-json\/wp\/v2\/comments?post=99672"}],"version-history":[{"count":2,"href":"https:\/\/infoecos.com.ar\/index.php\/wp-json\/wp\/v2\/posts\/99672\/revisions"}],"predecessor-version":[{"id":99675,"href":"https:\/\/infoecos.com.ar\/index.php\/wp-json\/wp\/v2\/posts\/99672\/revisions\/99675"}],"wp:featuredmedia":[{"embeddable":true,"href":"https:\/\/infoecos.com.ar\/index.php\/wp-json\/"}],"wp:attachment":[{"href":"https:\/\/infoecos.com.ar\/index.php\/wp-json\/wp\/v2\/media?parent=99672"}],"wp:term":[{"taxonomy":"category","embeddable":true,"href":"https:\/\/infoecos.com.ar\/index.php\/wp-json\/wp\/v2\/categories?post=99672"},{"taxonomy":"post_tag","embeddable":true,"href":"https:\/\/infoecos.com.ar\/index.php\/wp-json\/wp\/v2\/tags?post=99672"}],"curies":[{"name":"wp","href":"https:\/\/api.w.org\/{rel}","templated":true}]}}