{"id":99678,"date":"2023-01-06T12:27:59","date_gmt":"2023-01-06T15:27:59","guid":{"rendered":"https:\/\/infoecos.com.ar\/?p=99678"},"modified":"2023-01-06T12:28:00","modified_gmt":"2023-01-06T15:28:00","slug":"ya-rige-el-acceso-a-la-auh-para-ninos-ninas-y-adolescentes-sin-cuidados-parentales","status":"publish","type":"post","link":"https:\/\/infoecos.com.ar\/index.php\/ya-rige-el-acceso-a-la-auh-para-ninos-ninas-y-adolescentes-sin-cuidados-parentales\/","title":{"rendered":"Ya rige el acceso a la AUH para ni\u00f1os, ni\u00f1as y adolescentes sin cuidados parentales"},"content":{"rendered":"\n<p>El Gobierno nacional oficializ\u00f3 este viernes el \u00abefectivo acceso a los recursos de la seguridad social de todo ni\u00f1o, ni\u00f1a y adolescente respecto del cual se hubiera adoptado una medida de protecci\u00f3n excepcional y permanezca en dispositivos residenciales de cuidado, de gesti\u00f3n p\u00fablica o privada\u00bb, o en instituciones familiares. <\/p>\n\n\n\n<figure class=\"wp-block-embed is-type-video is-provider-youtube wp-block-embed-youtube wp-embed-aspect-16-9 wp-has-aspect-ratio\"><div class=\"wp-block-embed__wrapper\">\n<iframe loading=\"lazy\" title=\"&quot;Los ni\u00f1os y ni\u00f1as deben ser tratados como sujetos de derecho&quot;, se\u00f1al\u00f3 Alberto Fern\u00e1ndez\" width=\"640\" height=\"360\" src=\"https:\/\/www.youtube.com\/embed\/WkYvOo8mI6o?start=18&#038;feature=oembed\" frameborder=\"0\" allow=\"accelerometer; autoplay; clipboard-write; encrypted-media; gyroscope; picture-in-picture; web-share\" referrerpolicy=\"strict-origin-when-cross-origin\" allowfullscreen><\/iframe>\n<\/div><\/figure>\n\n\n\n<p>Este jueves el presidente Alberto Fern\u00e1ndez hab\u00eda hecho el anuncio de este beneficio en un acto que encabez\u00f3 en la ciudad de Mar del Plata.\u00a0Ahora, la medida qued\u00f3 oficializada mediante la publicaci\u00f3n en la edici\u00f3n de este viernes del Bolet\u00edn Oficial del Decreto 5\/2023.<\/p>\n\n\n\n<p>La norma lleva la firma del jefe de Estado; del jefe de Gabinete, Juan Manzur; de la ministra de Desarrollo Social, Victoria Tolosa Paz; y de su par de Ambiente y Desarrollo Sostenible, Juan Cabandi\u00e9. <\/p>\n\n\n\n<p><\/p>\n\n\n\n<p>\u00abDisp\u00f3nese el efectivo acceso a los recursos de la seguridad social de todo ni\u00f1o, toda ni\u00f1a y adolescente respecto del o de la cual se hubiera adoptado una medida de protecci\u00f3n excepcional y permanezca en dispositivos residenciales de cuidado, de gesti\u00f3n p\u00fablica o privada, o en dispositivos familiares de cuidado\u00bb, puntualiza el art\u00edculo primero del decreto. <\/p>\n\n\n\n<p>En el acto de presentaci\u00f3n de la medida, Alberto Fern\u00e1ndez hab\u00eda afirmado que \u00ablos ni\u00f1os y ni\u00f1as deben ser tratados como sujetos de derecho\u00bb. <\/p>\n","protected":false},"excerpt":{"rendered":"<p>Material con video. Este jueves el presidente Alberto Fern\u00e1ndez hab\u00eda hecho el anuncio de este beneficio en un acto que encabez\u00f3 en la ciudad de Mar del Plata<\/p>\n","protected":false},"author":2,"featured_media":91222,"comment_status":"closed","ping_status":"open","sticky":false,"template":"","format":"standard","meta":{"footnotes":""},"categories":[49],"tags":[7029],"class_list":["post-99678","post","type-post","status-publish","format-standard","has-post-thumbnail","hentry","category-c3nota3","tag-via-telam-com-ar"],"yoast_head":"<!-- This site is optimized with the Yoast SEO plugin v23.4 - https:\/\/yoast.com\/wordpress\/plugins\/seo\/ -->\n<title>Ya rige el acceso a la AUH para ni\u00f1os, ni\u00f1as y adolescentes sin cuidados parentales - Infoecos<\/title>\n<meta name=\"robots\" content=\"index, follow, max-snippet:-1, max-image-preview:large, max-video-preview:-1\" \/>\n<link rel=\"canonical\" href=\"https:\/\/infoecos.com.ar\/index.php\/ya-rige-el-acceso-a-la-auh-para-ninos-ninas-y-adolescentes-sin-cuidados-parentales\/\" \/>\n<meta property=\"og:locale\" content=\"es_ES\" \/>\n<meta property=\"og:type\" content=\"article\" \/>\n<meta property=\"og:title\" content=\"Ya rige el acceso a la AUH para ni\u00f1os, ni\u00f1as y adolescentes sin cuidados parentales - Infoecos\" \/>\n<meta property=\"og:description\" content=\"Material con video. Este jueves el presidente Alberto Fern\u00e1ndez hab\u00eda hecho el anuncio de este beneficio en un acto que encabez\u00f3 en la ciudad de Mar del Plata\" \/>\n<meta property=\"og:url\" content=\"https:\/\/infoecos.com.ar\/index.php\/ya-rige-el-acceso-a-la-auh-para-ninos-ninas-y-adolescentes-sin-cuidados-parentales\/\" \/>\n<meta property=\"og:site_name\" content=\"Infoecos\" \/>\n<meta property=\"article:publisher\" content=\"https:\/\/www.facebook.com\/profile.php?id=100063200290284\" \/>\n<meta property=\"article:published_time\" content=\"2023-01-06T15:27:59+00:00\" \/>\n<meta property=\"article:modified_time\" content=\"2023-01-06T15:28:00+00:00\" \/>\n<meta property=\"og:image\" content=\"https:\/\/infoecos.com.ar\/wp-content\/uploads\/2022\/04\/anses.jpg\" \/>\n\t<meta property=\"og:image:width\" content=\"607\" \/>\n\t<meta property=\"og:image:height\" content=\"405\" \/>\n\t<meta property=\"og:image:type\" content=\"image\/jpeg\" \/>\n<meta name=\"author\" content=\"Jorge Matheus\" \/>\n<meta name=\"twitter:card\" content=\"summary_large_image\" \/>\n<meta name=\"twitter:creator\" content=\"@infoecos\" \/>\n<meta name=\"twitter:site\" content=\"@infoecos\" \/>\n<meta name=\"twitter:label1\" content=\"Escrito por\" \/>\n\t<meta name=\"twitter:data1\" content=\"Jorge Matheus\" \/>\n\t<meta name=\"twitter:label2\" content=\"Tiempo de lectura\" \/>\n\t<meta name=\"twitter:data2\" content=\"1 minuto\" \/>\n<script type=\"application\/ld+json\" class=\"yoast-schema-graph\">{\"@context\":\"https:\/\/schema.org\",\"@graph\":[{\"@type\":\"Article\",\"@id\":\"https:\/\/infoecos.com.ar\/index.php\/ya-rige-el-acceso-a-la-auh-para-ninos-ninas-y-adolescentes-sin-cuidados-parentales\/#article\",\"isPartOf\":{\"@id\":\"https:\/\/infoecos.com.ar\/index.php\/ya-rige-el-acceso-a-la-auh-para-ninos-ninas-y-adolescentes-sin-cuidados-parentales\/\"},\"author\":{\"name\":\"Jorge Matheus\",\"@id\":\"https:\/\/infoecos.com.ar\/#\/schema\/person\/8f5ace5ce73b4b4aac4b7245aee6f191\"},\"headline\":\"Ya rige el acceso a la AUH para ni\u00f1os, ni\u00f1as y adolescentes sin cuidados parentales\",\"datePublished\":\"2023-01-06T15:27:59+00:00\",\"dateModified\":\"2023-01-06T15:28:00+00:00\",\"mainEntityOfPage\":{\"@id\":\"https:\/\/infoecos.com.ar\/index.php\/ya-rige-el-acceso-a-la-auh-para-ninos-ninas-y-adolescentes-sin-cuidados-parentales\/\"},\"wordCount\":266,\"publisher\":{\"@id\":\"https:\/\/infoecos.com.ar\/#organization\"},\"image\":{\"@id\":\"https:\/\/infoecos.com.ar\/index.php\/ya-rige-el-acceso-a-la-auh-para-ninos-ninas-y-adolescentes-sin-cuidados-parentales\/#primaryimage\"},\"thumbnailUrl\":\"https:\/\/infoecos.com.ar\/wp-content\/uploads\/2022\/04\/anses.jpg\",\"keywords\":[\"VIA TELAM.COM.AR\"],\"articleSection\":[\"C3 N3\"],\"inLanguage\":\"es\"},{\"@type\":\"WebPage\",\"@id\":\"https:\/\/infoecos.com.ar\/index.php\/ya-rige-el-acceso-a-la-auh-para-ninos-ninas-y-adolescentes-sin-cuidados-parentales\/\",\"url\":\"https:\/\/infoecos.com.ar\/index.php\/ya-rige-el-acceso-a-la-auh-para-ninos-ninas-y-adolescentes-sin-cuidados-parentales\/\",\"name\":\"Ya rige el acceso a la AUH para ni\u00f1os, ni\u00f1as y adolescentes sin cuidados parentales - Infoecos\",\"isPartOf\":{\"@id\":\"https:\/\/infoecos.com.ar\/#website\"},\"primaryImageOfPage\":{\"@id\":\"https:\/\/infoecos.com.ar\/index.php\/ya-rige-el-acceso-a-la-auh-para-ninos-ninas-y-adolescentes-sin-cuidados-parentales\/#primaryimage\"},\"image\":{\"@id\":\"https:\/\/infoecos.com.ar\/index.php\/ya-rige-el-acceso-a-la-auh-para-ninos-ninas-y-adolescentes-sin-cuidados-parentales\/#primaryimage\"},\"thumbnailUrl\":\"https:\/\/infoecos.com.ar\/wp-content\/uploads\/2022\/04\/anses.jpg\",\"datePublished\":\"2023-01-06T15:27:59+00:00\",\"dateModified\":\"2023-01-06T15:28:00+00:00\",\"breadcrumb\":{\"@id\":\"https:\/\/infoecos.com.ar\/index.php\/ya-rige-el-acceso-a-la-auh-para-ninos-ninas-y-adolescentes-sin-cuidados-parentales\/#breadcrumb\"},\"inLanguage\":\"es\",\"potentialAction\":[{\"@type\":\"ReadAction\",\"target\":[\"https:\/\/infoecos.com.ar\/index.php\/ya-rige-el-acceso-a-la-auh-para-ninos-ninas-y-adolescentes-sin-cuidados-parentales\/\"]}]},{\"@type\":\"ImageObject\",\"inLanguage\":\"es\",\"@id\":\"https:\/\/infoecos.com.ar\/index.php\/ya-rige-el-acceso-a-la-auh-para-ninos-ninas-y-adolescentes-sin-cuidados-parentales\/#primaryimage\",\"url\":\"https:\/\/infoecos.com.ar\/wp-content\/uploads\/2022\/04\/anses.jpg\",\"contentUrl\":\"https:\/\/infoecos.com.ar\/wp-content\/uploads\/2022\/04\/anses.jpg\",\"width\":607,\"height\":405},{\"@type\":\"BreadcrumbList\",\"@id\":\"https:\/\/infoecos.com.ar\/index.php\/ya-rige-el-acceso-a-la-auh-para-ninos-ninas-y-adolescentes-sin-cuidados-parentales\/#breadcrumb\",\"itemListElement\":[{\"@type\":\"ListItem\",\"position\":1,\"name\":\"Portada\",\"item\":\"https:\/\/infoecos.com.ar\/\"},{\"@type\":\"ListItem\",\"position\":2,\"name\":\"Ya rige el acceso a la AUH para ni\u00f1os, ni\u00f1as y adolescentes sin cuidados parentales\"}]},{\"@type\":\"WebSite\",\"@id\":\"https:\/\/infoecos.com.ar\/#website\",\"url\":\"https:\/\/infoecos.com.ar\/\",\"name\":\"Infoecos\",\"description\":\"Noticias de trenque lauquen y la zona\",\"publisher\":{\"@id\":\"https:\/\/infoecos.com.ar\/#organization\"},\"alternateName\":\"Noticias\",\"potentialAction\":[{\"@type\":\"SearchAction\",\"target\":{\"@type\":\"EntryPoint\",\"urlTemplate\":\"https:\/\/infoecos.com.ar\/?s={search_term_string}\"},\"query-input\":{\"@type\":\"PropertyValueSpecification\",\"valueRequired\":true,\"valueName\":\"search_term_string\"}}],\"inLanguage\":\"es\"},{\"@type\":\"Organization\",\"@id\":\"https:\/\/infoecos.com.ar\/#organization\",\"name\":\"Infoecos\",\"alternateName\":\"Noticias\",\"url\":\"https:\/\/infoecos.com.ar\/\",\"logo\":{\"@type\":\"ImageObject\",\"inLanguage\":\"es\",\"@id\":\"https:\/\/infoecos.com.ar\/#\/schema\/logo\/image\/\",\"url\":\"https:\/\/infoecos.com.ar\/wp-content\/uploads\/2024\/03\/cropped-logo.png\",\"contentUrl\":\"https:\/\/infoecos.com.ar\/wp-content\/uploads\/2024\/03\/cropped-logo.png\",\"width\":374,\"height\":90,\"caption\":\"Infoecos\"},\"image\":{\"@id\":\"https:\/\/infoecos.com.ar\/#\/schema\/logo\/image\/\"},\"sameAs\":[\"https:\/\/www.facebook.com\/profile.php?id=100063200290284\",\"https:\/\/x.com\/infoecos\"]},{\"@type\":\"Person\",\"@id\":\"https:\/\/infoecos.com.ar\/#\/schema\/person\/8f5ace5ce73b4b4aac4b7245aee6f191\",\"name\":\"Jorge Matheus\",\"url\":\"https:\/\/infoecos.com.ar\/index.php\/author\/jomatheus\/\"}]}<\/script>\n<!-- \/ Yoast SEO plugin. -->","yoast_head_json":{"title":"Ya rige el acceso a la AUH para ni\u00f1os, ni\u00f1as y adolescentes sin cuidados parentales - Infoecos","robots":{"index":"index","follow":"follow","max-snippet":"max-snippet:-1","max-image-preview":"max-image-preview:large","max-video-preview":"max-video-preview:-1"},"canonical":"https:\/\/infoecos.com.ar\/index.php\/ya-rige-el-acceso-a-la-auh-para-ninos-ninas-y-adolescentes-sin-cuidados-parentales\/","og_locale":"es_ES","og_type":"article","og_title":"Ya rige el acceso a la AUH para ni\u00f1os, ni\u00f1as y adolescentes sin cuidados parentales - Infoecos","og_description":"Material con video. Este jueves el presidente Alberto Fern\u00e1ndez hab\u00eda hecho el anuncio de este beneficio en un acto que encabez\u00f3 en la ciudad de Mar del Plata","og_url":"https:\/\/infoecos.com.ar\/index.php\/ya-rige-el-acceso-a-la-auh-para-ninos-ninas-y-adolescentes-sin-cuidados-parentales\/","og_site_name":"Infoecos","article_publisher":"https:\/\/www.facebook.com\/profile.php?id=100063200290284","article_published_time":"2023-01-06T15:27:59+00:00","article_modified_time":"2023-01-06T15:28:00+00:00","og_image":[{"width":607,"height":405,"url":"https:\/\/infoecos.com.ar\/wp-content\/uploads\/2022\/04\/anses.jpg","type":"image\/jpeg"}],"author":"Jorge Matheus","twitter_card":"summary_large_image","twitter_creator":"@infoecos","twitter_site":"@infoecos","twitter_misc":{"Escrito por":"Jorge Matheus","Tiempo de lectura":"1 minuto"},"schema":{"@context":"https:\/\/schema.org","@graph":[{"@type":"Article","@id":"https:\/\/infoecos.com.ar\/index.php\/ya-rige-el-acceso-a-la-auh-para-ninos-ninas-y-adolescentes-sin-cuidados-parentales\/#article","isPartOf":{"@id":"https:\/\/infoecos.com.ar\/index.php\/ya-rige-el-acceso-a-la-auh-para-ninos-ninas-y-adolescentes-sin-cuidados-parentales\/"},"author":{"name":"Jorge Matheus","@id":"https:\/\/infoecos.com.ar\/#\/schema\/person\/8f5ace5ce73b4b4aac4b7245aee6f191"},"headline":"Ya rige el acceso a la AUH para ni\u00f1os, ni\u00f1as y adolescentes sin cuidados parentales","datePublished":"2023-01-06T15:27:59+00:00","dateModified":"2023-01-06T15:28:00+00:00","mainEntityOfPage":{"@id":"https:\/\/infoecos.com.ar\/index.php\/ya-rige-el-acceso-a-la-auh-para-ninos-ninas-y-adolescentes-sin-cuidados-parentales\/"},"wordCount":266,"publisher":{"@id":"https:\/\/infoecos.com.ar\/#organization"},"image":{"@id":"https:\/\/infoecos.com.ar\/index.php\/ya-rige-el-acceso-a-la-auh-para-ninos-ninas-y-adolescentes-sin-cuidados-parentales\/#primaryimage"},"thumbnailUrl":"https:\/\/infoecos.com.ar\/wp-content\/uploads\/2022\/04\/anses.jpg","keywords":["VIA TELAM.COM.AR"],"articleSection":["C3 N3"],"inLanguage":"es"},{"@type":"WebPage","@id":"https:\/\/infoecos.com.ar\/index.php\/ya-rige-el-acceso-a-la-auh-para-ninos-ninas-y-adolescentes-sin-cuidados-parentales\/","url":"https:\/\/infoecos.com.ar\/index.php\/ya-rige-el-acceso-a-la-auh-para-ninos-ninas-y-adolescentes-sin-cuidados-parentales\/","name":"Ya rige el acceso a la AUH para ni\u00f1os, ni\u00f1as y adolescentes sin cuidados parentales - Infoecos","isPartOf":{"@id":"https:\/\/infoecos.com.ar\/#website"},"primaryImageOfPage":{"@id":"https:\/\/infoecos.com.ar\/index.php\/ya-rige-el-acceso-a-la-auh-para-ninos-ninas-y-adolescentes-sin-cuidados-parentales\/#primaryimage"},"image":{"@id":"https:\/\/infoecos.com.ar\/index.php\/ya-rige-el-acceso-a-la-auh-para-ninos-ninas-y-adolescentes-sin-cuidados-parentales\/#primaryimage"},"thumbnailUrl":"https:\/\/infoecos.com.ar\/wp-content\/uploads\/2022\/04\/anses.jpg","datePublished":"2023-01-06T15:27:59+00:00","dateModified":"2023-01-06T15:28:00+00:00","breadcrumb":{"@id":"https:\/\/infoecos.com.ar\/index.php\/ya-rige-el-acceso-a-la-auh-para-ninos-ninas-y-adolescentes-sin-cuidados-parentales\/#breadcrumb"},"inLanguage":"es","potentialAction":[{"@type":"ReadAction","target":["https:\/\/infoecos.com.ar\/index.php\/ya-rige-el-acceso-a-la-auh-para-ninos-ninas-y-adolescentes-sin-cuidados-parentales\/"]}]},{"@type":"ImageObject","inLanguage":"es","@id":"https:\/\/infoecos.com.ar\/index.php\/ya-rige-el-acceso-a-la-auh-para-ninos-ninas-y-adolescentes-sin-cuidados-parentales\/#primaryimage","url":"https:\/\/infoecos.com.ar\/wp-content\/uploads\/2022\/04\/anses.jpg","contentUrl":"https:\/\/infoecos.com.ar\/wp-content\/uploads\/2022\/04\/anses.jpg","width":607,"height":405},{"@type":"BreadcrumbList","@id":"https:\/\/infoecos.com.ar\/index.php\/ya-rige-el-acceso-a-la-auh-para-ninos-ninas-y-adolescentes-sin-cuidados-parentales\/#breadcrumb","itemListElement":[{"@type":"ListItem","position":1,"name":"Portada","item":"https:\/\/infoecos.com.ar\/"},{"@type":"ListItem","position":2,"name":"Ya rige el acceso a la AUH para ni\u00f1os, ni\u00f1as y adolescentes sin cuidados parentales"}]},{"@type":"WebSite","@id":"https:\/\/infoecos.com.ar\/#website","url":"https:\/\/infoecos.com.ar\/","name":"Infoecos","description":"Noticias de trenque lauquen y la zona","publisher":{"@id":"https:\/\/infoecos.com.ar\/#organization"},"alternateName":"Noticias","potentialAction":[{"@type":"SearchAction","target":{"@type":"EntryPoint","urlTemplate":"https:\/\/infoecos.com.ar\/?s={search_term_string}"},"query-input":{"@type":"PropertyValueSpecification","valueRequired":true,"valueName":"search_term_string"}}],"inLanguage":"es"},{"@type":"Organization","@id":"https:\/\/infoecos.com.ar\/#organization","name":"Infoecos","alternateName":"Noticias","url":"https:\/\/infoecos.com.ar\/","logo":{"@type":"ImageObject","inLanguage":"es","@id":"https:\/\/infoecos.com.ar\/#\/schema\/logo\/image\/","url":"https:\/\/infoecos.com.ar\/wp-content\/uploads\/2024\/03\/cropped-logo.png","contentUrl":"https:\/\/infoecos.com.ar\/wp-content\/uploads\/2024\/03\/cropped-logo.png","width":374,"height":90,"caption":"Infoecos"},"image":{"@id":"https:\/\/infoecos.com.ar\/#\/schema\/logo\/image\/"},"sameAs":["https:\/\/www.facebook.com\/profile.php?id=100063200290284","https:\/\/x.com\/infoecos"]},{"@type":"Person","@id":"https:\/\/infoecos.com.ar\/#\/schema\/person\/8f5ace5ce73b4b4aac4b7245aee6f191","name":"Jorge Matheus","url":"https:\/\/infoecos.com.ar\/index.php\/author\/jomatheus\/"}]}},"featured_image_urls":{"full":["https:\/\/infoecos.com.ar\/wp-content\/uploads\/2022\/04\/anses.jpg",607,405,false],"thumbnail":["https:\/\/infoecos.com.ar\/wp-content\/uploads\/2022\/04\/anses-150x150.jpg",150,150,true],"medium":["https:\/\/infoecos.com.ar\/wp-content\/uploads\/2022\/04\/anses-460x307.jpg",460,307,true],"medium_large":["https:\/\/infoecos.com.ar\/wp-content\/uploads\/2022\/04\/anses.jpg",607,405,false],"large":["https:\/\/infoecos.com.ar\/wp-content\/uploads\/2022\/04\/anses.jpg",607,405,false],"1536x1536":["https:\/\/infoecos.com.ar\/wp-content\/uploads\/2022\/04\/anses.jpg",607,405,false],"2048x2048":["https:\/\/infoecos.com.ar\/wp-content\/uploads\/2022\/04\/anses.jpg",607,405,false],"covernews-slider-full":["https:\/\/infoecos.com.ar\/wp-content\/uploads\/2022\/04\/anses.jpg",607,405,false],"covernews-slider-center":["https:\/\/infoecos.com.ar\/wp-content\/uploads\/2022\/04\/anses.jpg",607,405,false],"covernews-featured":["https:\/\/infoecos.com.ar\/wp-content\/uploads\/2022\/04\/anses.jpg",607,405,false],"covernews-medium":["https:\/\/infoecos.com.ar\/wp-content\/uploads\/2022\/04\/anses-607x380.jpg",540,338,true],"covernews-medium-square":["https:\/\/infoecos.com.ar\/wp-content\/uploads\/2022\/04\/anses.jpg",375,250,false]},"author_info":{"info":["Jorge Matheus"]},"category_info":"<a href=\"https:\/\/infoecos.com.ar\/index.php\/category\/c3nota3\/\" rel=\"category tag\">C3 N3<\/a>","tag_info":"C3 N3","comment_count":"0","_links":{"self":[{"href":"https:\/\/infoecos.com.ar\/index.php\/wp-json\/wp\/v2\/posts\/99678"}],"collection":[{"href":"https:\/\/infoecos.com.ar\/index.php\/wp-json\/wp\/v2\/posts"}],"about":[{"href":"https:\/\/infoecos.com.ar\/index.php\/wp-json\/wp\/v2\/types\/post"}],"author":[{"embeddable":true,"href":"https:\/\/infoecos.com.ar\/index.php\/wp-json\/wp\/v2\/users\/2"}],"replies":[{"embeddable":true,"href":"https:\/\/infoecos.com.ar\/index.php\/wp-json\/wp\/v2\/comments?post=99678"}],"version-history":[{"count":1,"href":"https:\/\/infoecos.com.ar\/index.php\/wp-json\/wp\/v2\/posts\/99678\/revisions"}],"predecessor-version":[{"id":99679,"href":"https:\/\/infoecos.com.ar\/index.php\/wp-json\/wp\/v2\/posts\/99678\/revisions\/99679"}],"wp:featuredmedia":[{"embeddable":true,"href":"https:\/\/infoecos.com.ar\/index.php\/wp-json\/wp\/v2\/media\/91222"}],"wp:attachment":[{"href":"https:\/\/infoecos.com.ar\/index.php\/wp-json\/wp\/v2\/media?parent=99678"}],"wp:term":[{"taxonomy":"category","embeddable":true,"href":"https:\/\/infoecos.com.ar\/index.php\/wp-json\/wp\/v2\/categories?post=99678"},{"taxonomy":"post_tag","embeddable":true,"href":"https:\/\/infoecos.com.ar\/index.php\/wp-json\/wp\/v2\/tags?post=99678"}],"curies":[{"name":"wp","href":"https:\/\/api.w.org\/{rel}","templated":true}]}}