{"id":99680,"date":"2023-01-06T12:39:50","date_gmt":"2023-01-06T15:39:50","guid":{"rendered":"https:\/\/infoecos.com.ar\/?p=99680"},"modified":"2023-01-06T12:39:51","modified_gmt":"2023-01-06T15:39:51","slug":"massa-anunciara-medidas-para-los-tamberos-pero-ya-le-anticiparon-que-las-rechazan","status":"publish","type":"post","link":"https:\/\/infoecos.com.ar\/index.php\/massa-anunciara-medidas-para-los-tamberos-pero-ya-le-anticiparon-que-las-rechazan\/","title":{"rendered":"Massa anunciar\u00e1 medidas para los tamberos, pero ya le anticiparon que las rechazan"},"content":{"rendered":"\n<p>En Villa Mar\u00eda, provincia de C\u00f3rdoba, el ministro de Econom\u00eda Sergio Massa anunciar\u00e1 una compensaci\u00f3n econ\u00f3mica directa por litro de leche producido para los tambos de menos de 4.000 litros diarios. Los productores de leche ya rechazan ese tipo de ayuda y piden ir m\u00e1s a fondo para resolver la crisis, se\u00f1ala el sitio de internet Bichos de Campo.<\/p>\n\n\n\n<figure class=\"wp-block-image aligncenter size-full is-resized\"><img loading=\"lazy\" decoding=\"async\" src=\"https:\/\/infoecos.com.ar\/wp-content\/uploads\/2023\/01\/tambos1.jpg\" alt=\"\" class=\"wp-image-99681\" width=\"544\" height=\"272\" srcset=\"https:\/\/infoecos.com.ar\/wp-content\/uploads\/2023\/01\/tambos1.jpg 360w, https:\/\/infoecos.com.ar\/wp-content\/uploads\/2023\/01\/tambos1-300x150.jpg 300w\" sizes=\"(max-width: 544px) 100vw, 544px\" \/><\/figure>\n\n\n\n<p>Desde el Gobierno se anunciar\u00e1n compensaciones por cuatro meses. Los productores de menos de 1.500 litros recibir\u00edan 15 pesos litro producido y los de hasta 4.000 litros unos 10 pesos por litros.\u00a0De este modo se pretende compensar los efectos del solar soja 1, el d\u00f3lar soja 2, la sequ\u00eda.<\/p>\n\n\n\n<figure class=\"wp-block-image aligncenter size-full is-resized\"><img loading=\"lazy\" decoding=\"async\" src=\"https:\/\/infoecos.com.ar\/wp-content\/uploads\/2023\/01\/tambo.jpg\" alt=\"\" class=\"wp-image-99682\" width=\"540\" height=\"270\" srcset=\"https:\/\/infoecos.com.ar\/wp-content\/uploads\/2023\/01\/tambo.jpg 750w, https:\/\/infoecos.com.ar\/wp-content\/uploads\/2023\/01\/tambo-300x150.jpg 300w\" sizes=\"(max-width: 540px) 100vw, 540px\" \/><\/figure>\n\n\n\n<p>Ra\u00fal Catta, coordinador de comisi\u00f3n de l\u00e1cteos de Sociedad Rural Argentina, explic\u00f3: \u201cEstamos en quebranto desde mediados del a\u00f1o pasado y el gobierno simula reaccionar reci\u00e9n ahora, sin tomar las medidas de fondo que revertir\u00edan esto\u201d.<\/p>\n\n\n\n<p>\u201cEntendemos que la ayuda ser\u00eda de 600 mil pesos por mes, pero deja afuera al 65% de los productores que tambi\u00e9n se ven afectado por la situaci\u00f3n cr\u00edtica de toda la lecher\u00eda nacional\u201d, agreg\u00f3 el productor del norte bonaerense.<\/p>\n\n\n\n<p>A criterio de Catta, las autoridades \u201cdeber\u00edan sincerar el tipo de cambio y ser\u00eda clave que eliminen las retenciones y apliquen reintegros a la exportaci\u00f3n para que nos mejore el precio. Tambi\u00e9n deber\u00edan dejar de lado los controles al mercado interno y dar cr\u00e9ditos para que los productores puedan retener vacas ante los problemas de rentabilidad y de sequ\u00eda y se evite as\u00ed la liquidaci\u00f3n de tambos\u201d.<\/p>\n","protected":false},"excerpt":{"rendered":"<p>Los productores de menos de 1.500 litros recibir\u00edan 15 pesos litro producido y los de hasta 4.000 litros unos 10 pesos por litros<\/p>\n","protected":false},"author":2,"featured_media":99681,"comment_status":"closed","ping_status":"open","sticky":false,"template":"","format":"standard","meta":{"footnotes":""},"categories":[197],"tags":[97],"class_list":["post-99680","post","type-post","status-publish","format-standard","has-post-thumbnail","hentry","category-c3nota4","tag-economia"],"yoast_head":"<!-- This site is optimized with the Yoast SEO plugin v23.4 - https:\/\/yoast.com\/wordpress\/plugins\/seo\/ -->\n<title>Massa anunciar\u00e1 medidas para los tamberos, pero ya le anticiparon que las rechazan - Infoecos<\/title>\n<meta name=\"robots\" content=\"index, follow, max-snippet:-1, max-image-preview:large, max-video-preview:-1\" \/>\n<link rel=\"canonical\" href=\"https:\/\/infoecos.com.ar\/index.php\/massa-anunciara-medidas-para-los-tamberos-pero-ya-le-anticiparon-que-las-rechazan\/\" \/>\n<meta property=\"og:locale\" content=\"es_ES\" \/>\n<meta property=\"og:type\" content=\"article\" \/>\n<meta property=\"og:title\" content=\"Massa anunciar\u00e1 medidas para los tamberos, pero ya le anticiparon que las rechazan - Infoecos\" \/>\n<meta property=\"og:description\" content=\"Los productores de menos de 1.500 litros recibir\u00edan 15 pesos litro producido y los de hasta 4.000 litros unos 10 pesos por litros\" \/>\n<meta property=\"og:url\" content=\"https:\/\/infoecos.com.ar\/index.php\/massa-anunciara-medidas-para-los-tamberos-pero-ya-le-anticiparon-que-las-rechazan\/\" \/>\n<meta property=\"og:site_name\" content=\"Infoecos\" \/>\n<meta property=\"article:publisher\" content=\"https:\/\/www.facebook.com\/profile.php?id=100063200290284\" \/>\n<meta property=\"article:published_time\" content=\"2023-01-06T15:39:50+00:00\" \/>\n<meta property=\"article:modified_time\" content=\"2023-01-06T15:39:51+00:00\" \/>\n<meta property=\"og:image\" content=\"https:\/\/infoecos.com.ar\/wp-content\/uploads\/2023\/01\/tambos1.jpg\" \/>\n\t<meta property=\"og:image:width\" content=\"360\" \/>\n\t<meta property=\"og:image:height\" content=\"180\" \/>\n\t<meta property=\"og:image:type\" content=\"image\/jpeg\" \/>\n<meta name=\"author\" content=\"Jorge Matheus\" \/>\n<meta name=\"twitter:card\" content=\"summary_large_image\" \/>\n<meta name=\"twitter:creator\" content=\"@infoecos\" \/>\n<meta name=\"twitter:site\" content=\"@infoecos\" \/>\n<meta name=\"twitter:label1\" content=\"Escrito por\" \/>\n\t<meta name=\"twitter:data1\" content=\"Jorge Matheus\" \/>\n\t<meta name=\"twitter:label2\" content=\"Tiempo de lectura\" \/>\n\t<meta name=\"twitter:data2\" content=\"2 minutos\" \/>\n<script type=\"application\/ld+json\" class=\"yoast-schema-graph\">{\"@context\":\"https:\/\/schema.org\",\"@graph\":[{\"@type\":\"Article\",\"@id\":\"https:\/\/infoecos.com.ar\/index.php\/massa-anunciara-medidas-para-los-tamberos-pero-ya-le-anticiparon-que-las-rechazan\/#article\",\"isPartOf\":{\"@id\":\"https:\/\/infoecos.com.ar\/index.php\/massa-anunciara-medidas-para-los-tamberos-pero-ya-le-anticiparon-que-las-rechazan\/\"},\"author\":{\"name\":\"Jorge Matheus\",\"@id\":\"https:\/\/infoecos.com.ar\/#\/schema\/person\/8f5ace5ce73b4b4aac4b7245aee6f191\"},\"headline\":\"Massa anunciar\u00e1 medidas para los tamberos, pero ya le anticiparon que las rechazan\",\"datePublished\":\"2023-01-06T15:39:50+00:00\",\"dateModified\":\"2023-01-06T15:39:51+00:00\",\"mainEntityOfPage\":{\"@id\":\"https:\/\/infoecos.com.ar\/index.php\/massa-anunciara-medidas-para-los-tamberos-pero-ya-le-anticiparon-que-las-rechazan\/\"},\"wordCount\":285,\"publisher\":{\"@id\":\"https:\/\/infoecos.com.ar\/#organization\"},\"image\":{\"@id\":\"https:\/\/infoecos.com.ar\/index.php\/massa-anunciara-medidas-para-los-tamberos-pero-ya-le-anticiparon-que-las-rechazan\/#primaryimage\"},\"thumbnailUrl\":\"https:\/\/infoecos.com.ar\/wp-content\/uploads\/2023\/01\/tambos1.jpg\",\"keywords\":[\"ECONOM\u00cdA\"],\"articleSection\":[\"C3 N4\"],\"inLanguage\":\"es\"},{\"@type\":\"WebPage\",\"@id\":\"https:\/\/infoecos.com.ar\/index.php\/massa-anunciara-medidas-para-los-tamberos-pero-ya-le-anticiparon-que-las-rechazan\/\",\"url\":\"https:\/\/infoecos.com.ar\/index.php\/massa-anunciara-medidas-para-los-tamberos-pero-ya-le-anticiparon-que-las-rechazan\/\",\"name\":\"Massa anunciar\u00e1 medidas para los tamberos, pero ya le anticiparon que las rechazan - Infoecos\",\"isPartOf\":{\"@id\":\"https:\/\/infoecos.com.ar\/#website\"},\"primaryImageOfPage\":{\"@id\":\"https:\/\/infoecos.com.ar\/index.php\/massa-anunciara-medidas-para-los-tamberos-pero-ya-le-anticiparon-que-las-rechazan\/#primaryimage\"},\"image\":{\"@id\":\"https:\/\/infoecos.com.ar\/index.php\/massa-anunciara-medidas-para-los-tamberos-pero-ya-le-anticiparon-que-las-rechazan\/#primaryimage\"},\"thumbnailUrl\":\"https:\/\/infoecos.com.ar\/wp-content\/uploads\/2023\/01\/tambos1.jpg\",\"datePublished\":\"2023-01-06T15:39:50+00:00\",\"dateModified\":\"2023-01-06T15:39:51+00:00\",\"breadcrumb\":{\"@id\":\"https:\/\/infoecos.com.ar\/index.php\/massa-anunciara-medidas-para-los-tamberos-pero-ya-le-anticiparon-que-las-rechazan\/#breadcrumb\"},\"inLanguage\":\"es\",\"potentialAction\":[{\"@type\":\"ReadAction\",\"target\":[\"https:\/\/infoecos.com.ar\/index.php\/massa-anunciara-medidas-para-los-tamberos-pero-ya-le-anticiparon-que-las-rechazan\/\"]}]},{\"@type\":\"ImageObject\",\"inLanguage\":\"es\",\"@id\":\"https:\/\/infoecos.com.ar\/index.php\/massa-anunciara-medidas-para-los-tamberos-pero-ya-le-anticiparon-que-las-rechazan\/#primaryimage\",\"url\":\"https:\/\/infoecos.com.ar\/wp-content\/uploads\/2023\/01\/tambos1.jpg\",\"contentUrl\":\"https:\/\/infoecos.com.ar\/wp-content\/uploads\/2023\/01\/tambos1.jpg\",\"width\":360,\"height\":180},{\"@type\":\"BreadcrumbList\",\"@id\":\"https:\/\/infoecos.com.ar\/index.php\/massa-anunciara-medidas-para-los-tamberos-pero-ya-le-anticiparon-que-las-rechazan\/#breadcrumb\",\"itemListElement\":[{\"@type\":\"ListItem\",\"position\":1,\"name\":\"Portada\",\"item\":\"https:\/\/infoecos.com.ar\/\"},{\"@type\":\"ListItem\",\"position\":2,\"name\":\"Massa anunciar\u00e1 medidas para los tamberos, pero ya le anticiparon que las rechazan\"}]},{\"@type\":\"WebSite\",\"@id\":\"https:\/\/infoecos.com.ar\/#website\",\"url\":\"https:\/\/infoecos.com.ar\/\",\"name\":\"Infoecos\",\"description\":\"Noticias de trenque lauquen y la zona\",\"publisher\":{\"@id\":\"https:\/\/infoecos.com.ar\/#organization\"},\"alternateName\":\"Noticias\",\"potentialAction\":[{\"@type\":\"SearchAction\",\"target\":{\"@type\":\"EntryPoint\",\"urlTemplate\":\"https:\/\/infoecos.com.ar\/?s={search_term_string}\"},\"query-input\":{\"@type\":\"PropertyValueSpecification\",\"valueRequired\":true,\"valueName\":\"search_term_string\"}}],\"inLanguage\":\"es\"},{\"@type\":\"Organization\",\"@id\":\"https:\/\/infoecos.com.ar\/#organization\",\"name\":\"Infoecos\",\"alternateName\":\"Noticias\",\"url\":\"https:\/\/infoecos.com.ar\/\",\"logo\":{\"@type\":\"ImageObject\",\"inLanguage\":\"es\",\"@id\":\"https:\/\/infoecos.com.ar\/#\/schema\/logo\/image\/\",\"url\":\"https:\/\/infoecos.com.ar\/wp-content\/uploads\/2024\/03\/cropped-logo.png\",\"contentUrl\":\"https:\/\/infoecos.com.ar\/wp-content\/uploads\/2024\/03\/cropped-logo.png\",\"width\":374,\"height\":90,\"caption\":\"Infoecos\"},\"image\":{\"@id\":\"https:\/\/infoecos.com.ar\/#\/schema\/logo\/image\/\"},\"sameAs\":[\"https:\/\/www.facebook.com\/profile.php?id=100063200290284\",\"https:\/\/x.com\/infoecos\"]},{\"@type\":\"Person\",\"@id\":\"https:\/\/infoecos.com.ar\/#\/schema\/person\/8f5ace5ce73b4b4aac4b7245aee6f191\",\"name\":\"Jorge Matheus\",\"url\":\"https:\/\/infoecos.com.ar\/index.php\/author\/jomatheus\/\"}]}<\/script>\n<!-- \/ Yoast SEO plugin. -->","yoast_head_json":{"title":"Massa anunciar\u00e1 medidas para los tamberos, pero ya le anticiparon que las rechazan - Infoecos","robots":{"index":"index","follow":"follow","max-snippet":"max-snippet:-1","max-image-preview":"max-image-preview:large","max-video-preview":"max-video-preview:-1"},"canonical":"https:\/\/infoecos.com.ar\/index.php\/massa-anunciara-medidas-para-los-tamberos-pero-ya-le-anticiparon-que-las-rechazan\/","og_locale":"es_ES","og_type":"article","og_title":"Massa anunciar\u00e1 medidas para los tamberos, pero ya le anticiparon que las rechazan - Infoecos","og_description":"Los productores de menos de 1.500 litros recibir\u00edan 15 pesos litro producido y los de hasta 4.000 litros unos 10 pesos por litros","og_url":"https:\/\/infoecos.com.ar\/index.php\/massa-anunciara-medidas-para-los-tamberos-pero-ya-le-anticiparon-que-las-rechazan\/","og_site_name":"Infoecos","article_publisher":"https:\/\/www.facebook.com\/profile.php?id=100063200290284","article_published_time":"2023-01-06T15:39:50+00:00","article_modified_time":"2023-01-06T15:39:51+00:00","og_image":[{"width":360,"height":180,"url":"https:\/\/infoecos.com.ar\/wp-content\/uploads\/2023\/01\/tambos1.jpg","type":"image\/jpeg"}],"author":"Jorge Matheus","twitter_card":"summary_large_image","twitter_creator":"@infoecos","twitter_site":"@infoecos","twitter_misc":{"Escrito por":"Jorge Matheus","Tiempo de lectura":"2 minutos"},"schema":{"@context":"https:\/\/schema.org","@graph":[{"@type":"Article","@id":"https:\/\/infoecos.com.ar\/index.php\/massa-anunciara-medidas-para-los-tamberos-pero-ya-le-anticiparon-que-las-rechazan\/#article","isPartOf":{"@id":"https:\/\/infoecos.com.ar\/index.php\/massa-anunciara-medidas-para-los-tamberos-pero-ya-le-anticiparon-que-las-rechazan\/"},"author":{"name":"Jorge Matheus","@id":"https:\/\/infoecos.com.ar\/#\/schema\/person\/8f5ace5ce73b4b4aac4b7245aee6f191"},"headline":"Massa anunciar\u00e1 medidas para los tamberos, pero ya le anticiparon que las rechazan","datePublished":"2023-01-06T15:39:50+00:00","dateModified":"2023-01-06T15:39:51+00:00","mainEntityOfPage":{"@id":"https:\/\/infoecos.com.ar\/index.php\/massa-anunciara-medidas-para-los-tamberos-pero-ya-le-anticiparon-que-las-rechazan\/"},"wordCount":285,"publisher":{"@id":"https:\/\/infoecos.com.ar\/#organization"},"image":{"@id":"https:\/\/infoecos.com.ar\/index.php\/massa-anunciara-medidas-para-los-tamberos-pero-ya-le-anticiparon-que-las-rechazan\/#primaryimage"},"thumbnailUrl":"https:\/\/infoecos.com.ar\/wp-content\/uploads\/2023\/01\/tambos1.jpg","keywords":["ECONOM\u00cdA"],"articleSection":["C3 N4"],"inLanguage":"es"},{"@type":"WebPage","@id":"https:\/\/infoecos.com.ar\/index.php\/massa-anunciara-medidas-para-los-tamberos-pero-ya-le-anticiparon-que-las-rechazan\/","url":"https:\/\/infoecos.com.ar\/index.php\/massa-anunciara-medidas-para-los-tamberos-pero-ya-le-anticiparon-que-las-rechazan\/","name":"Massa anunciar\u00e1 medidas para los tamberos, pero ya le anticiparon que las rechazan - Infoecos","isPartOf":{"@id":"https:\/\/infoecos.com.ar\/#website"},"primaryImageOfPage":{"@id":"https:\/\/infoecos.com.ar\/index.php\/massa-anunciara-medidas-para-los-tamberos-pero-ya-le-anticiparon-que-las-rechazan\/#primaryimage"},"image":{"@id":"https:\/\/infoecos.com.ar\/index.php\/massa-anunciara-medidas-para-los-tamberos-pero-ya-le-anticiparon-que-las-rechazan\/#primaryimage"},"thumbnailUrl":"https:\/\/infoecos.com.ar\/wp-content\/uploads\/2023\/01\/tambos1.jpg","datePublished":"2023-01-06T15:39:50+00:00","dateModified":"2023-01-06T15:39:51+00:00","breadcrumb":{"@id":"https:\/\/infoecos.com.ar\/index.php\/massa-anunciara-medidas-para-los-tamberos-pero-ya-le-anticiparon-que-las-rechazan\/#breadcrumb"},"inLanguage":"es","potentialAction":[{"@type":"ReadAction","target":["https:\/\/infoecos.com.ar\/index.php\/massa-anunciara-medidas-para-los-tamberos-pero-ya-le-anticiparon-que-las-rechazan\/"]}]},{"@type":"ImageObject","inLanguage":"es","@id":"https:\/\/infoecos.com.ar\/index.php\/massa-anunciara-medidas-para-los-tamberos-pero-ya-le-anticiparon-que-las-rechazan\/#primaryimage","url":"https:\/\/infoecos.com.ar\/wp-content\/uploads\/2023\/01\/tambos1.jpg","contentUrl":"https:\/\/infoecos.com.ar\/wp-content\/uploads\/2023\/01\/tambos1.jpg","width":360,"height":180},{"@type":"BreadcrumbList","@id":"https:\/\/infoecos.com.ar\/index.php\/massa-anunciara-medidas-para-los-tamberos-pero-ya-le-anticiparon-que-las-rechazan\/#breadcrumb","itemListElement":[{"@type":"ListItem","position":1,"name":"Portada","item":"https:\/\/infoecos.com.ar\/"},{"@type":"ListItem","position":2,"name":"Massa anunciar\u00e1 medidas para los tamberos, pero ya le anticiparon que las rechazan"}]},{"@type":"WebSite","@id":"https:\/\/infoecos.com.ar\/#website","url":"https:\/\/infoecos.com.ar\/","name":"Infoecos","description":"Noticias de trenque lauquen y la zona","publisher":{"@id":"https:\/\/infoecos.com.ar\/#organization"},"alternateName":"Noticias","potentialAction":[{"@type":"SearchAction","target":{"@type":"EntryPoint","urlTemplate":"https:\/\/infoecos.com.ar\/?s={search_term_string}"},"query-input":{"@type":"PropertyValueSpecification","valueRequired":true,"valueName":"search_term_string"}}],"inLanguage":"es"},{"@type":"Organization","@id":"https:\/\/infoecos.com.ar\/#organization","name":"Infoecos","alternateName":"Noticias","url":"https:\/\/infoecos.com.ar\/","logo":{"@type":"ImageObject","inLanguage":"es","@id":"https:\/\/infoecos.com.ar\/#\/schema\/logo\/image\/","url":"https:\/\/infoecos.com.ar\/wp-content\/uploads\/2024\/03\/cropped-logo.png","contentUrl":"https:\/\/infoecos.com.ar\/wp-content\/uploads\/2024\/03\/cropped-logo.png","width":374,"height":90,"caption":"Infoecos"},"image":{"@id":"https:\/\/infoecos.com.ar\/#\/schema\/logo\/image\/"},"sameAs":["https:\/\/www.facebook.com\/profile.php?id=100063200290284","https:\/\/x.com\/infoecos"]},{"@type":"Person","@id":"https:\/\/infoecos.com.ar\/#\/schema\/person\/8f5ace5ce73b4b4aac4b7245aee6f191","name":"Jorge Matheus","url":"https:\/\/infoecos.com.ar\/index.php\/author\/jomatheus\/"}]}},"featured_image_urls":{"full":["https:\/\/infoecos.com.ar\/wp-content\/uploads\/2023\/01\/tambos1.jpg",360,180,false],"thumbnail":["https:\/\/infoecos.com.ar\/wp-content\/uploads\/2023\/01\/tambos1-300x150.jpg",300,150,true],"medium":["https:\/\/infoecos.com.ar\/wp-content\/uploads\/2023\/01\/tambos1.jpg",360,180,false],"medium_large":["https:\/\/infoecos.com.ar\/wp-content\/uploads\/2023\/01\/tambos1.jpg",360,180,false],"large":["https:\/\/infoecos.com.ar\/wp-content\/uploads\/2023\/01\/tambos1.jpg",360,180,false],"1536x1536":["https:\/\/infoecos.com.ar\/wp-content\/uploads\/2023\/01\/tambos1.jpg",360,180,false],"2048x2048":["https:\/\/infoecos.com.ar\/wp-content\/uploads\/2023\/01\/tambos1.jpg",360,180,false],"covernews-slider-full":["https:\/\/infoecos.com.ar\/wp-content\/uploads\/2023\/01\/tambos1.jpg",360,180,false],"covernews-slider-center":["https:\/\/infoecos.com.ar\/wp-content\/uploads\/2023\/01\/tambos1.jpg",360,180,false],"covernews-featured":["https:\/\/infoecos.com.ar\/wp-content\/uploads\/2023\/01\/tambos1.jpg",360,180,false],"covernews-medium":["https:\/\/infoecos.com.ar\/wp-content\/uploads\/2023\/01\/tambos1.jpg",360,180,false],"covernews-medium-square":["https:\/\/infoecos.com.ar\/wp-content\/uploads\/2023\/01\/tambos1.jpg",360,180,false]},"author_info":{"info":["Jorge Matheus"]},"category_info":"<a href=\"https:\/\/infoecos.com.ar\/index.php\/category\/c3nota4\/\" rel=\"category tag\">C3 N4<\/a>","tag_info":"C3 N4","comment_count":"0","_links":{"self":[{"href":"https:\/\/infoecos.com.ar\/index.php\/wp-json\/wp\/v2\/posts\/99680"}],"collection":[{"href":"https:\/\/infoecos.com.ar\/index.php\/wp-json\/wp\/v2\/posts"}],"about":[{"href":"https:\/\/infoecos.com.ar\/index.php\/wp-json\/wp\/v2\/types\/post"}],"author":[{"embeddable":true,"href":"https:\/\/infoecos.com.ar\/index.php\/wp-json\/wp\/v2\/users\/2"}],"replies":[{"embeddable":true,"href":"https:\/\/infoecos.com.ar\/index.php\/wp-json\/wp\/v2\/comments?post=99680"}],"version-history":[{"count":1,"href":"https:\/\/infoecos.com.ar\/index.php\/wp-json\/wp\/v2\/posts\/99680\/revisions"}],"predecessor-version":[{"id":99683,"href":"https:\/\/infoecos.com.ar\/index.php\/wp-json\/wp\/v2\/posts\/99680\/revisions\/99683"}],"wp:featuredmedia":[{"embeddable":true,"href":"https:\/\/infoecos.com.ar\/index.php\/wp-json\/wp\/v2\/media\/99681"}],"wp:attachment":[{"href":"https:\/\/infoecos.com.ar\/index.php\/wp-json\/wp\/v2\/media?parent=99680"}],"wp:term":[{"taxonomy":"category","embeddable":true,"href":"https:\/\/infoecos.com.ar\/index.php\/wp-json\/wp\/v2\/categories?post=99680"},{"taxonomy":"post_tag","embeddable":true,"href":"https:\/\/infoecos.com.ar\/index.php\/wp-json\/wp\/v2\/tags?post=99680"}],"curies":[{"name":"wp","href":"https:\/\/api.w.org\/{rel}","templated":true}]}}