{"id":99690,"date":"2023-01-07T02:19:51","date_gmt":"2023-01-07T05:19:51","guid":{"rendered":"https:\/\/infoecos.com.ar\/?p=99690"},"modified":"2023-01-11T02:09:21","modified_gmt":"2023-01-11T05:09:21","slug":"sergio-massa-anuncio-en-villa-maria-el-programa-impulso-tambero","status":"publish","type":"post","link":"https:\/\/infoecos.com.ar\/index.php\/sergio-massa-anuncio-en-villa-maria-el-programa-impulso-tambero\/","title":{"rendered":"Sergio Massa anunci\u00f3 en Villa Mar\u00eda el Programa Impulso Tambero"},"content":{"rendered":"\n<p>El&nbsp;ministro de Econom\u00eda, Sergio Massa, junto al Secretario de Agricultura, Ganader\u00eda y Pesca,&nbsp;Juan Jos\u00e9 Bahillo, present\u00f3 en Villa Mar\u00eda, C\u00f3rdoba, el&nbsp;Programa Impulso Tambero<strong>.<\/strong><\/p>\n\n\n\n<figure class=\"wp-block-image aligncenter size-full is-resized\"><img loading=\"lazy\" decoding=\"async\" src=\"https:\/\/infoecos.com.ar\/wp-content\/uploads\/2023\/01\/image-20.png\" alt=\"\" class=\"wp-image-99693\" width=\"587\" height=\"391\" srcset=\"https:\/\/infoecos.com.ar\/wp-content\/uploads\/2023\/01\/image-20.png 1080w, https:\/\/infoecos.com.ar\/wp-content\/uploads\/2023\/01\/image-20-800x533.png 800w, https:\/\/infoecos.com.ar\/wp-content\/uploads\/2023\/01\/image-20-768x512.png 768w, https:\/\/infoecos.com.ar\/wp-content\/uploads\/2023\/01\/image-20-1024x683.png 1024w, https:\/\/infoecos.com.ar\/wp-content\/uploads\/2023\/01\/image-20-675x450.png 675w\" sizes=\"(max-width: 587px) 100vw, 587px\" \/><\/figure>\n\n\n\n<p>Seg\u00fan indican desde el gobierno nacional, este anuncio \u00abbeneficiar\u00e1 a los productores lecheros&nbsp;del pa\u00eds, promoviendo el fortalecimiento del sector\u00bb.<\/p>\n\n\n\n<p>El Programa Impulso Tambero busca compensar el promedio mensual de litros de leche vendida entre los meses de octubre de 2021 y septiembre de 2022.<\/p>\n\n\n\n<figure class=\"wp-block-embed is-type-video is-provider-youtube wp-block-embed-youtube wp-embed-aspect-16-9 wp-has-aspect-ratio\"><div class=\"wp-block-embed__wrapper\">\n<iframe loading=\"lazy\" title=\"Lanzamiento del programa Impulso Tambero\" width=\"640\" height=\"360\" src=\"https:\/\/www.youtube.com\/embed\/0laguj6DACg?feature=oembed\" frameborder=\"0\" allow=\"accelerometer; autoplay; clipboard-write; encrypted-media; gyroscope; picture-in-picture; web-share\" referrerpolicy=\"strict-origin-when-cross-origin\" allowfullscreen><\/iframe>\n<\/div><\/figure>\n\n\n\n<p>\u00abImpulso Tambero&nbsp;contempla una inversi\u00f3n total de $9.160 millones para acompa\u00f1ar el fortalecimiento de todos los productores peque\u00f1os y medianos\u00bb, anunci\u00f3 el Gobierno.<\/p>\n\n\n\n<p>La iniciativa permitir\u00e1 mejorar la rentabilidad del 79% de los productores y las productoras del pa\u00eds.<\/p>\n\n\n\n<p>El Programa otorga una suma fija en pesos por litro de leche durante cuatro meses, de acuerdo dos estratos:<\/p>\n\n\n\n<ul class=\"wp-block-list\">\n<li>Aquellos que hayan comercializado hasta&nbsp;<strong>1500 litros por d\u00eda<\/strong>, percibir\u00e1n $ 15 por litro.<\/li>\n\n\n\n<li>Aquellos que hayan comercializado entre&nbsp;<strong>1501 y 5000 litros por d\u00eda<\/strong>, percibir\u00e1n $ 10 por litro.<\/li>\n<\/ul>\n\n\n\n<p>El monto m\u00e1ximo de compensaci\u00f3n ser\u00e1 de<strong>&nbsp;$600.000 mensuales por productor o productora.<\/strong><\/p>\n","protected":false},"excerpt":{"rendered":"<p>El Programa Impulso Tambero busca compensar el promedio mensual de litros de leche vendida entre los meses de octubre de 2021 y septiembre de 2022<\/p>\n","protected":false},"author":2,"featured_media":99693,"comment_status":"closed","ping_status":"open","sticky":false,"template":"","format":"standard","meta":{"footnotes":""},"categories":[41],"tags":[7031],"class_list":["post-99690","post","type-post","status-publish","format-standard","has-post-thumbnail","hentry","category-inferior2","tag-inversion-de-9-160-millones"],"yoast_head":"<!-- This site is optimized with the Yoast SEO plugin v23.4 - https:\/\/yoast.com\/wordpress\/plugins\/seo\/ -->\n<title>Sergio Massa anunci\u00f3 en Villa Mar\u00eda el Programa Impulso Tambero - Infoecos<\/title>\n<meta name=\"robots\" content=\"index, follow, max-snippet:-1, max-image-preview:large, max-video-preview:-1\" \/>\n<link rel=\"canonical\" href=\"https:\/\/infoecos.com.ar\/index.php\/sergio-massa-anuncio-en-villa-maria-el-programa-impulso-tambero\/\" \/>\n<meta property=\"og:locale\" content=\"es_ES\" \/>\n<meta property=\"og:type\" content=\"article\" \/>\n<meta property=\"og:title\" content=\"Sergio Massa anunci\u00f3 en Villa Mar\u00eda el Programa Impulso Tambero - Infoecos\" \/>\n<meta property=\"og:description\" content=\"El Programa Impulso Tambero busca compensar el promedio mensual de litros de leche vendida entre los meses de octubre de 2021 y septiembre de 2022\" \/>\n<meta property=\"og:url\" content=\"https:\/\/infoecos.com.ar\/index.php\/sergio-massa-anuncio-en-villa-maria-el-programa-impulso-tambero\/\" \/>\n<meta property=\"og:site_name\" content=\"Infoecos\" \/>\n<meta property=\"article:publisher\" content=\"https:\/\/www.facebook.com\/profile.php?id=100063200290284\" \/>\n<meta property=\"article:published_time\" content=\"2023-01-07T05:19:51+00:00\" \/>\n<meta property=\"article:modified_time\" content=\"2023-01-11T05:09:21+00:00\" \/>\n<meta property=\"og:image\" content=\"https:\/\/infoecos.com.ar\/wp-content\/uploads\/2023\/01\/image-20.png\" \/>\n\t<meta property=\"og:image:width\" content=\"1080\" \/>\n\t<meta property=\"og:image:height\" content=\"720\" \/>\n\t<meta property=\"og:image:type\" content=\"image\/png\" \/>\n<meta name=\"author\" content=\"Jorge Matheus\" \/>\n<meta name=\"twitter:card\" content=\"summary_large_image\" \/>\n<meta name=\"twitter:creator\" content=\"@infoecos\" \/>\n<meta name=\"twitter:site\" content=\"@infoecos\" \/>\n<meta name=\"twitter:label1\" content=\"Escrito por\" \/>\n\t<meta name=\"twitter:data1\" content=\"Jorge Matheus\" \/>\n\t<meta name=\"twitter:label2\" content=\"Tiempo de lectura\" \/>\n\t<meta name=\"twitter:data2\" content=\"1 minuto\" \/>\n<script type=\"application\/ld+json\" class=\"yoast-schema-graph\">{\"@context\":\"https:\/\/schema.org\",\"@graph\":[{\"@type\":\"Article\",\"@id\":\"https:\/\/infoecos.com.ar\/index.php\/sergio-massa-anuncio-en-villa-maria-el-programa-impulso-tambero\/#article\",\"isPartOf\":{\"@id\":\"https:\/\/infoecos.com.ar\/index.php\/sergio-massa-anuncio-en-villa-maria-el-programa-impulso-tambero\/\"},\"author\":{\"name\":\"Jorge Matheus\",\"@id\":\"https:\/\/infoecos.com.ar\/#\/schema\/person\/8f5ace5ce73b4b4aac4b7245aee6f191\"},\"headline\":\"Sergio Massa anunci\u00f3 en Villa Mar\u00eda el Programa Impulso Tambero\",\"datePublished\":\"2023-01-07T05:19:51+00:00\",\"dateModified\":\"2023-01-11T05:09:21+00:00\",\"mainEntityOfPage\":{\"@id\":\"https:\/\/infoecos.com.ar\/index.php\/sergio-massa-anuncio-en-villa-maria-el-programa-impulso-tambero\/\"},\"wordCount\":209,\"publisher\":{\"@id\":\"https:\/\/infoecos.com.ar\/#organization\"},\"image\":{\"@id\":\"https:\/\/infoecos.com.ar\/index.php\/sergio-massa-anuncio-en-villa-maria-el-programa-impulso-tambero\/#primaryimage\"},\"thumbnailUrl\":\"https:\/\/infoecos.com.ar\/wp-content\/uploads\/2023\/01\/image-20.png\",\"keywords\":[\"INVERSI\u00d3N DE 9.160 MILLONES\"],\"articleSection\":[\"Bloque inferior - 2\"],\"inLanguage\":\"es\"},{\"@type\":\"WebPage\",\"@id\":\"https:\/\/infoecos.com.ar\/index.php\/sergio-massa-anuncio-en-villa-maria-el-programa-impulso-tambero\/\",\"url\":\"https:\/\/infoecos.com.ar\/index.php\/sergio-massa-anuncio-en-villa-maria-el-programa-impulso-tambero\/\",\"name\":\"Sergio Massa anunci\u00f3 en Villa Mar\u00eda el Programa Impulso Tambero - Infoecos\",\"isPartOf\":{\"@id\":\"https:\/\/infoecos.com.ar\/#website\"},\"primaryImageOfPage\":{\"@id\":\"https:\/\/infoecos.com.ar\/index.php\/sergio-massa-anuncio-en-villa-maria-el-programa-impulso-tambero\/#primaryimage\"},\"image\":{\"@id\":\"https:\/\/infoecos.com.ar\/index.php\/sergio-massa-anuncio-en-villa-maria-el-programa-impulso-tambero\/#primaryimage\"},\"thumbnailUrl\":\"https:\/\/infoecos.com.ar\/wp-content\/uploads\/2023\/01\/image-20.png\",\"datePublished\":\"2023-01-07T05:19:51+00:00\",\"dateModified\":\"2023-01-11T05:09:21+00:00\",\"breadcrumb\":{\"@id\":\"https:\/\/infoecos.com.ar\/index.php\/sergio-massa-anuncio-en-villa-maria-el-programa-impulso-tambero\/#breadcrumb\"},\"inLanguage\":\"es\",\"potentialAction\":[{\"@type\":\"ReadAction\",\"target\":[\"https:\/\/infoecos.com.ar\/index.php\/sergio-massa-anuncio-en-villa-maria-el-programa-impulso-tambero\/\"]}]},{\"@type\":\"ImageObject\",\"inLanguage\":\"es\",\"@id\":\"https:\/\/infoecos.com.ar\/index.php\/sergio-massa-anuncio-en-villa-maria-el-programa-impulso-tambero\/#primaryimage\",\"url\":\"https:\/\/infoecos.com.ar\/wp-content\/uploads\/2023\/01\/image-20.png\",\"contentUrl\":\"https:\/\/infoecos.com.ar\/wp-content\/uploads\/2023\/01\/image-20.png\",\"width\":1080,\"height\":720},{\"@type\":\"BreadcrumbList\",\"@id\":\"https:\/\/infoecos.com.ar\/index.php\/sergio-massa-anuncio-en-villa-maria-el-programa-impulso-tambero\/#breadcrumb\",\"itemListElement\":[{\"@type\":\"ListItem\",\"position\":1,\"name\":\"Portada\",\"item\":\"https:\/\/infoecos.com.ar\/\"},{\"@type\":\"ListItem\",\"position\":2,\"name\":\"Sergio Massa anunci\u00f3 en Villa Mar\u00eda el Programa Impulso Tambero\"}]},{\"@type\":\"WebSite\",\"@id\":\"https:\/\/infoecos.com.ar\/#website\",\"url\":\"https:\/\/infoecos.com.ar\/\",\"name\":\"Infoecos\",\"description\":\"Noticias de trenque lauquen y la zona\",\"publisher\":{\"@id\":\"https:\/\/infoecos.com.ar\/#organization\"},\"alternateName\":\"Noticias\",\"potentialAction\":[{\"@type\":\"SearchAction\",\"target\":{\"@type\":\"EntryPoint\",\"urlTemplate\":\"https:\/\/infoecos.com.ar\/?s={search_term_string}\"},\"query-input\":{\"@type\":\"PropertyValueSpecification\",\"valueRequired\":true,\"valueName\":\"search_term_string\"}}],\"inLanguage\":\"es\"},{\"@type\":\"Organization\",\"@id\":\"https:\/\/infoecos.com.ar\/#organization\",\"name\":\"Infoecos\",\"alternateName\":\"Noticias\",\"url\":\"https:\/\/infoecos.com.ar\/\",\"logo\":{\"@type\":\"ImageObject\",\"inLanguage\":\"es\",\"@id\":\"https:\/\/infoecos.com.ar\/#\/schema\/logo\/image\/\",\"url\":\"https:\/\/infoecos.com.ar\/wp-content\/uploads\/2024\/03\/cropped-logo.png\",\"contentUrl\":\"https:\/\/infoecos.com.ar\/wp-content\/uploads\/2024\/03\/cropped-logo.png\",\"width\":374,\"height\":90,\"caption\":\"Infoecos\"},\"image\":{\"@id\":\"https:\/\/infoecos.com.ar\/#\/schema\/logo\/image\/\"},\"sameAs\":[\"https:\/\/www.facebook.com\/profile.php?id=100063200290284\",\"https:\/\/x.com\/infoecos\"]},{\"@type\":\"Person\",\"@id\":\"https:\/\/infoecos.com.ar\/#\/schema\/person\/8f5ace5ce73b4b4aac4b7245aee6f191\",\"name\":\"Jorge Matheus\",\"url\":\"https:\/\/infoecos.com.ar\/index.php\/author\/jomatheus\/\"}]}<\/script>\n<!-- \/ Yoast SEO plugin. -->","yoast_head_json":{"title":"Sergio Massa anunci\u00f3 en Villa Mar\u00eda el Programa Impulso Tambero - Infoecos","robots":{"index":"index","follow":"follow","max-snippet":"max-snippet:-1","max-image-preview":"max-image-preview:large","max-video-preview":"max-video-preview:-1"},"canonical":"https:\/\/infoecos.com.ar\/index.php\/sergio-massa-anuncio-en-villa-maria-el-programa-impulso-tambero\/","og_locale":"es_ES","og_type":"article","og_title":"Sergio Massa anunci\u00f3 en Villa Mar\u00eda el Programa Impulso Tambero - Infoecos","og_description":"El Programa Impulso Tambero busca compensar el promedio mensual de litros de leche vendida entre los meses de octubre de 2021 y septiembre de 2022","og_url":"https:\/\/infoecos.com.ar\/index.php\/sergio-massa-anuncio-en-villa-maria-el-programa-impulso-tambero\/","og_site_name":"Infoecos","article_publisher":"https:\/\/www.facebook.com\/profile.php?id=100063200290284","article_published_time":"2023-01-07T05:19:51+00:00","article_modified_time":"2023-01-11T05:09:21+00:00","og_image":[{"width":1080,"height":720,"url":"https:\/\/infoecos.com.ar\/wp-content\/uploads\/2023\/01\/image-20.png","type":"image\/png"}],"author":"Jorge Matheus","twitter_card":"summary_large_image","twitter_creator":"@infoecos","twitter_site":"@infoecos","twitter_misc":{"Escrito por":"Jorge Matheus","Tiempo de lectura":"1 minuto"},"schema":{"@context":"https:\/\/schema.org","@graph":[{"@type":"Article","@id":"https:\/\/infoecos.com.ar\/index.php\/sergio-massa-anuncio-en-villa-maria-el-programa-impulso-tambero\/#article","isPartOf":{"@id":"https:\/\/infoecos.com.ar\/index.php\/sergio-massa-anuncio-en-villa-maria-el-programa-impulso-tambero\/"},"author":{"name":"Jorge Matheus","@id":"https:\/\/infoecos.com.ar\/#\/schema\/person\/8f5ace5ce73b4b4aac4b7245aee6f191"},"headline":"Sergio Massa anunci\u00f3 en Villa Mar\u00eda el Programa Impulso Tambero","datePublished":"2023-01-07T05:19:51+00:00","dateModified":"2023-01-11T05:09:21+00:00","mainEntityOfPage":{"@id":"https:\/\/infoecos.com.ar\/index.php\/sergio-massa-anuncio-en-villa-maria-el-programa-impulso-tambero\/"},"wordCount":209,"publisher":{"@id":"https:\/\/infoecos.com.ar\/#organization"},"image":{"@id":"https:\/\/infoecos.com.ar\/index.php\/sergio-massa-anuncio-en-villa-maria-el-programa-impulso-tambero\/#primaryimage"},"thumbnailUrl":"https:\/\/infoecos.com.ar\/wp-content\/uploads\/2023\/01\/image-20.png","keywords":["INVERSI\u00d3N DE 9.160 MILLONES"],"articleSection":["Bloque inferior - 2"],"inLanguage":"es"},{"@type":"WebPage","@id":"https:\/\/infoecos.com.ar\/index.php\/sergio-massa-anuncio-en-villa-maria-el-programa-impulso-tambero\/","url":"https:\/\/infoecos.com.ar\/index.php\/sergio-massa-anuncio-en-villa-maria-el-programa-impulso-tambero\/","name":"Sergio Massa anunci\u00f3 en Villa Mar\u00eda el Programa Impulso Tambero - Infoecos","isPartOf":{"@id":"https:\/\/infoecos.com.ar\/#website"},"primaryImageOfPage":{"@id":"https:\/\/infoecos.com.ar\/index.php\/sergio-massa-anuncio-en-villa-maria-el-programa-impulso-tambero\/#primaryimage"},"image":{"@id":"https:\/\/infoecos.com.ar\/index.php\/sergio-massa-anuncio-en-villa-maria-el-programa-impulso-tambero\/#primaryimage"},"thumbnailUrl":"https:\/\/infoecos.com.ar\/wp-content\/uploads\/2023\/01\/image-20.png","datePublished":"2023-01-07T05:19:51+00:00","dateModified":"2023-01-11T05:09:21+00:00","breadcrumb":{"@id":"https:\/\/infoecos.com.ar\/index.php\/sergio-massa-anuncio-en-villa-maria-el-programa-impulso-tambero\/#breadcrumb"},"inLanguage":"es","potentialAction":[{"@type":"ReadAction","target":["https:\/\/infoecos.com.ar\/index.php\/sergio-massa-anuncio-en-villa-maria-el-programa-impulso-tambero\/"]}]},{"@type":"ImageObject","inLanguage":"es","@id":"https:\/\/infoecos.com.ar\/index.php\/sergio-massa-anuncio-en-villa-maria-el-programa-impulso-tambero\/#primaryimage","url":"https:\/\/infoecos.com.ar\/wp-content\/uploads\/2023\/01\/image-20.png","contentUrl":"https:\/\/infoecos.com.ar\/wp-content\/uploads\/2023\/01\/image-20.png","width":1080,"height":720},{"@type":"BreadcrumbList","@id":"https:\/\/infoecos.com.ar\/index.php\/sergio-massa-anuncio-en-villa-maria-el-programa-impulso-tambero\/#breadcrumb","itemListElement":[{"@type":"ListItem","position":1,"name":"Portada","item":"https:\/\/infoecos.com.ar\/"},{"@type":"ListItem","position":2,"name":"Sergio Massa anunci\u00f3 en Villa Mar\u00eda el Programa Impulso Tambero"}]},{"@type":"WebSite","@id":"https:\/\/infoecos.com.ar\/#website","url":"https:\/\/infoecos.com.ar\/","name":"Infoecos","description":"Noticias de trenque lauquen y la zona","publisher":{"@id":"https:\/\/infoecos.com.ar\/#organization"},"alternateName":"Noticias","potentialAction":[{"@type":"SearchAction","target":{"@type":"EntryPoint","urlTemplate":"https:\/\/infoecos.com.ar\/?s={search_term_string}"},"query-input":{"@type":"PropertyValueSpecification","valueRequired":true,"valueName":"search_term_string"}}],"inLanguage":"es"},{"@type":"Organization","@id":"https:\/\/infoecos.com.ar\/#organization","name":"Infoecos","alternateName":"Noticias","url":"https:\/\/infoecos.com.ar\/","logo":{"@type":"ImageObject","inLanguage":"es","@id":"https:\/\/infoecos.com.ar\/#\/schema\/logo\/image\/","url":"https:\/\/infoecos.com.ar\/wp-content\/uploads\/2024\/03\/cropped-logo.png","contentUrl":"https:\/\/infoecos.com.ar\/wp-content\/uploads\/2024\/03\/cropped-logo.png","width":374,"height":90,"caption":"Infoecos"},"image":{"@id":"https:\/\/infoecos.com.ar\/#\/schema\/logo\/image\/"},"sameAs":["https:\/\/www.facebook.com\/profile.php?id=100063200290284","https:\/\/x.com\/infoecos"]},{"@type":"Person","@id":"https:\/\/infoecos.com.ar\/#\/schema\/person\/8f5ace5ce73b4b4aac4b7245aee6f191","name":"Jorge Matheus","url":"https:\/\/infoecos.com.ar\/index.php\/author\/jomatheus\/"}]}},"featured_image_urls":{"full":["https:\/\/infoecos.com.ar\/wp-content\/uploads\/2023\/01\/image-20.png",1080,720,false],"thumbnail":["https:\/\/infoecos.com.ar\/wp-content\/uploads\/2023\/01\/image-20-300x150.png",300,150,true],"medium":["https:\/\/infoecos.com.ar\/wp-content\/uploads\/2023\/01\/image-20-800x533.png",800,533,true],"medium_large":["https:\/\/infoecos.com.ar\/wp-content\/uploads\/2023\/01\/image-20-768x512.png",640,427,true],"large":["https:\/\/infoecos.com.ar\/wp-content\/uploads\/2023\/01\/image-20.png",640,427,false],"1536x1536":["https:\/\/infoecos.com.ar\/wp-content\/uploads\/2023\/01\/image-20.png",1080,720,false],"2048x2048":["https:\/\/infoecos.com.ar\/wp-content\/uploads\/2023\/01\/image-20.png",1080,720,false],"covernews-slider-full":["https:\/\/infoecos.com.ar\/wp-content\/uploads\/2023\/01\/image-20.png",1073,715,false],"covernews-slider-center":["https:\/\/infoecos.com.ar\/wp-content\/uploads\/2023\/01\/image-20-936x720.png",650,500,true],"covernews-featured":["https:\/\/infoecos.com.ar\/wp-content\/uploads\/2023\/01\/image-20-1024x683.png",1024,683,true],"covernews-medium":["https:\/\/infoecos.com.ar\/wp-content\/uploads\/2023\/01\/image-20-720x380.png",540,285,true],"covernews-medium-square":["https:\/\/infoecos.com.ar\/wp-content\/uploads\/2023\/01\/image-20-675x450.png",375,250,true]},"author_info":{"info":["Jorge Matheus"]},"category_info":"<a href=\"https:\/\/infoecos.com.ar\/index.php\/category\/inferior2\/\" rel=\"category tag\">Bloque inferior - 2<\/a>","tag_info":"Bloque inferior - 2","comment_count":"0","_links":{"self":[{"href":"https:\/\/infoecos.com.ar\/index.php\/wp-json\/wp\/v2\/posts\/99690"}],"collection":[{"href":"https:\/\/infoecos.com.ar\/index.php\/wp-json\/wp\/v2\/posts"}],"about":[{"href":"https:\/\/infoecos.com.ar\/index.php\/wp-json\/wp\/v2\/types\/post"}],"author":[{"embeddable":true,"href":"https:\/\/infoecos.com.ar\/index.php\/wp-json\/wp\/v2\/users\/2"}],"replies":[{"embeddable":true,"href":"https:\/\/infoecos.com.ar\/index.php\/wp-json\/wp\/v2\/comments?post=99690"}],"version-history":[{"count":3,"href":"https:\/\/infoecos.com.ar\/index.php\/wp-json\/wp\/v2\/posts\/99690\/revisions"}],"predecessor-version":[{"id":99760,"href":"https:\/\/infoecos.com.ar\/index.php\/wp-json\/wp\/v2\/posts\/99690\/revisions\/99760"}],"wp:featuredmedia":[{"embeddable":true,"href":"https:\/\/infoecos.com.ar\/index.php\/wp-json\/wp\/v2\/media\/99693"}],"wp:attachment":[{"href":"https:\/\/infoecos.com.ar\/index.php\/wp-json\/wp\/v2\/media?parent=99690"}],"wp:term":[{"taxonomy":"category","embeddable":true,"href":"https:\/\/infoecos.com.ar\/index.php\/wp-json\/wp\/v2\/categories?post=99690"},{"taxonomy":"post_tag","embeddable":true,"href":"https:\/\/infoecos.com.ar\/index.php\/wp-json\/wp\/v2\/tags?post=99690"}],"curies":[{"name":"wp","href":"https:\/\/api.w.org\/{rel}","templated":true}]}}