{"id":99737,"date":"2023-01-08T03:36:01","date_gmt":"2023-01-08T06:36:01","guid":{"rendered":"https:\/\/infoecos.com.ar\/?p=99737"},"modified":"2023-01-11T02:08:27","modified_gmt":"2023-01-11T05:08:27","slug":"lo-aplasto-el-auto-que-conducia-al-volcar-en-un-camino-rural-de-pellegrini","status":"publish","type":"post","link":"https:\/\/infoecos.com.ar\/index.php\/lo-aplasto-el-auto-que-conducia-al-volcar-en-un-camino-rural-de-pellegrini\/","title":{"rendered":"Lo aplast\u00f3 el auto que conduc\u00eda al volcar en un camino rural de Pellegrini"},"content":{"rendered":"\n<p>Se mat\u00f3 un vecino de Pellegrini a ra\u00edz del vuelco que protagoniz\u00f3 en un camino rural del distrito.<\/p>\n\n\n\n<figure class=\"wp-block-image aligncenter size-full is-resized\"><img loading=\"lazy\" decoding=\"async\" src=\"https:\/\/infoecos.com.ar\/wp-content\/uploads\/2023\/01\/321434883_1209537179996342_9083883765355719045_n.jpg\" alt=\"\" class=\"wp-image-99739\" width=\"383\" height=\"681\" srcset=\"https:\/\/infoecos.com.ar\/wp-content\/uploads\/2023\/01\/321434883_1209537179996342_9083883765355719045_n.jpg 899w, https:\/\/infoecos.com.ar\/wp-content\/uploads\/2023\/01\/321434883_1209537179996342_9083883765355719045_n-450x800.jpg 450w, https:\/\/infoecos.com.ar\/wp-content\/uploads\/2023\/01\/321434883_1209537179996342_9083883765355719045_n-768x1367.jpg 768w, https:\/\/infoecos.com.ar\/wp-content\/uploads\/2023\/01\/321434883_1209537179996342_9083883765355719045_n-863x1536.jpg 863w\" sizes=\"(max-width: 383px) 100vw, 383px\" \/><\/figure>\n\n\n\n<p>Se trata de Carlos ANDICOCHEA. Ten\u00eda 55 a\u00f1os. Las primeras informaciones dieron cuenta que fue despedido del veh\u00edculo, el que termin\u00f3 aplast\u00e1ndolo.  <\/p>\n\n\n\n<figure class=\"wp-block-image aligncenter size-full is-resized\"><img loading=\"lazy\" decoding=\"async\" src=\"https:\/\/infoecos.com.ar\/wp-content\/uploads\/2023\/01\/324078436_1544610999351896_4819307614526593620_n.jpg\" alt=\"\" class=\"wp-image-99740\" width=\"366\" height=\"651\" srcset=\"https:\/\/infoecos.com.ar\/wp-content\/uploads\/2023\/01\/324078436_1544610999351896_4819307614526593620_n.jpg 899w, https:\/\/infoecos.com.ar\/wp-content\/uploads\/2023\/01\/324078436_1544610999351896_4819307614526593620_n-450x800.jpg 450w, https:\/\/infoecos.com.ar\/wp-content\/uploads\/2023\/01\/324078436_1544610999351896_4819307614526593620_n-768x1367.jpg 768w, https:\/\/infoecos.com.ar\/wp-content\/uploads\/2023\/01\/324078436_1544610999351896_4819307614526593620_n-863x1536.jpg 863w\" sizes=\"(max-width: 366px) 100vw, 366px\" \/><\/figure>\n\n\n\n<p>Se conduc\u00eda en un autom\u00f3vil VW Polo.<\/p>\n\n\n\n<p>Actu\u00f3 en el lugar personal policial, del Hospital Municipal y dos dotaciones de Bomberos Voluntarios. <\/p>\n\n\n\n<p><\/p>\n\n\n\n<p><\/p>\n\n\n\n<p><\/p>\n\n\n\n<p><\/p>\n\n\n\n<p><\/p>\n\n\n\n<p><\/p>\n\n\n\n<p><\/p>\n","protected":false},"excerpt":{"rendered":"<p>Carlos ANDICOCHEA. Ten\u00eda 55 a\u00f1os. Las primeras informaciones dieron cuenta que fue despedido del veh\u00edculo, el que termin\u00f3 aplast\u00e1ndolo<\/p>\n","protected":false},"author":2,"featured_media":99740,"comment_status":"closed","ping_status":"open","sticky":false,"template":"","format":"standard","meta":{"footnotes":""},"categories":[40],"tags":[4189],"class_list":["post-99737","post","type-post","status-publish","format-standard","has-post-thumbnail","hentry","category-inferior1","tag-grave-accidente"],"yoast_head":"<!-- This site is optimized with the Yoast SEO plugin v23.4 - https:\/\/yoast.com\/wordpress\/plugins\/seo\/ -->\n<title>Lo aplast\u00f3 el auto que conduc\u00eda al volcar en un camino rural de Pellegrini - Infoecos<\/title>\n<meta name=\"robots\" content=\"index, follow, max-snippet:-1, max-image-preview:large, max-video-preview:-1\" \/>\n<link rel=\"canonical\" href=\"https:\/\/infoecos.com.ar\/index.php\/lo-aplasto-el-auto-que-conducia-al-volcar-en-un-camino-rural-de-pellegrini\/\" \/>\n<meta property=\"og:locale\" content=\"es_ES\" \/>\n<meta property=\"og:type\" content=\"article\" \/>\n<meta property=\"og:title\" content=\"Lo aplast\u00f3 el auto que conduc\u00eda al volcar en un camino rural de Pellegrini - Infoecos\" \/>\n<meta property=\"og:description\" content=\"Carlos ANDICOCHEA. Ten\u00eda 55 a\u00f1os. Las primeras informaciones dieron cuenta que fue despedido del veh\u00edculo, el que termin\u00f3 aplast\u00e1ndolo\" \/>\n<meta property=\"og:url\" content=\"https:\/\/infoecos.com.ar\/index.php\/lo-aplasto-el-auto-que-conducia-al-volcar-en-un-camino-rural-de-pellegrini\/\" \/>\n<meta property=\"og:site_name\" content=\"Infoecos\" \/>\n<meta property=\"article:publisher\" content=\"https:\/\/www.facebook.com\/profile.php?id=100063200290284\" \/>\n<meta property=\"article:published_time\" content=\"2023-01-08T06:36:01+00:00\" \/>\n<meta property=\"article:modified_time\" content=\"2023-01-11T05:08:27+00:00\" \/>\n<meta property=\"og:image\" content=\"https:\/\/infoecos.com.ar\/wp-content\/uploads\/2023\/01\/324078436_1544610999351896_4819307614526593620_n.jpg\" \/>\n\t<meta property=\"og:image:width\" content=\"899\" \/>\n\t<meta property=\"og:image:height\" content=\"1600\" \/>\n\t<meta property=\"og:image:type\" content=\"image\/jpeg\" \/>\n<meta name=\"author\" content=\"Jorge Matheus\" \/>\n<meta name=\"twitter:card\" content=\"summary_large_image\" \/>\n<meta name=\"twitter:creator\" content=\"@infoecos\" \/>\n<meta name=\"twitter:site\" content=\"@infoecos\" \/>\n<meta name=\"twitter:label1\" content=\"Escrito por\" \/>\n\t<meta name=\"twitter:data1\" content=\"Jorge Matheus\" \/>\n\t<meta name=\"twitter:label2\" content=\"Tiempo de lectura\" \/>\n\t<meta name=\"twitter:data2\" content=\"1 minuto\" \/>\n<script type=\"application\/ld+json\" class=\"yoast-schema-graph\">{\"@context\":\"https:\/\/schema.org\",\"@graph\":[{\"@type\":\"Article\",\"@id\":\"https:\/\/infoecos.com.ar\/index.php\/lo-aplasto-el-auto-que-conducia-al-volcar-en-un-camino-rural-de-pellegrini\/#article\",\"isPartOf\":{\"@id\":\"https:\/\/infoecos.com.ar\/index.php\/lo-aplasto-el-auto-que-conducia-al-volcar-en-un-camino-rural-de-pellegrini\/\"},\"author\":{\"name\":\"Jorge Matheus\",\"@id\":\"https:\/\/infoecos.com.ar\/#\/schema\/person\/8f5ace5ce73b4b4aac4b7245aee6f191\"},\"headline\":\"Lo aplast\u00f3 el auto que conduc\u00eda al volcar en un camino rural de Pellegrini\",\"datePublished\":\"2023-01-08T06:36:01+00:00\",\"dateModified\":\"2023-01-11T05:08:27+00:00\",\"mainEntityOfPage\":{\"@id\":\"https:\/\/infoecos.com.ar\/index.php\/lo-aplasto-el-auto-que-conducia-al-volcar-en-un-camino-rural-de-pellegrini\/\"},\"wordCount\":83,\"publisher\":{\"@id\":\"https:\/\/infoecos.com.ar\/#organization\"},\"image\":{\"@id\":\"https:\/\/infoecos.com.ar\/index.php\/lo-aplasto-el-auto-que-conducia-al-volcar-en-un-camino-rural-de-pellegrini\/#primaryimage\"},\"thumbnailUrl\":\"https:\/\/infoecos.com.ar\/wp-content\/uploads\/2023\/01\/324078436_1544610999351896_4819307614526593620_n.jpg\",\"keywords\":[\"GRAVE ACCIDENTE\"],\"articleSection\":[\"Bloque inferior - 1\"],\"inLanguage\":\"es\"},{\"@type\":\"WebPage\",\"@id\":\"https:\/\/infoecos.com.ar\/index.php\/lo-aplasto-el-auto-que-conducia-al-volcar-en-un-camino-rural-de-pellegrini\/\",\"url\":\"https:\/\/infoecos.com.ar\/index.php\/lo-aplasto-el-auto-que-conducia-al-volcar-en-un-camino-rural-de-pellegrini\/\",\"name\":\"Lo aplast\u00f3 el auto que conduc\u00eda al volcar en un camino rural de Pellegrini - Infoecos\",\"isPartOf\":{\"@id\":\"https:\/\/infoecos.com.ar\/#website\"},\"primaryImageOfPage\":{\"@id\":\"https:\/\/infoecos.com.ar\/index.php\/lo-aplasto-el-auto-que-conducia-al-volcar-en-un-camino-rural-de-pellegrini\/#primaryimage\"},\"image\":{\"@id\":\"https:\/\/infoecos.com.ar\/index.php\/lo-aplasto-el-auto-que-conducia-al-volcar-en-un-camino-rural-de-pellegrini\/#primaryimage\"},\"thumbnailUrl\":\"https:\/\/infoecos.com.ar\/wp-content\/uploads\/2023\/01\/324078436_1544610999351896_4819307614526593620_n.jpg\",\"datePublished\":\"2023-01-08T06:36:01+00:00\",\"dateModified\":\"2023-01-11T05:08:27+00:00\",\"breadcrumb\":{\"@id\":\"https:\/\/infoecos.com.ar\/index.php\/lo-aplasto-el-auto-que-conducia-al-volcar-en-un-camino-rural-de-pellegrini\/#breadcrumb\"},\"inLanguage\":\"es\",\"potentialAction\":[{\"@type\":\"ReadAction\",\"target\":[\"https:\/\/infoecos.com.ar\/index.php\/lo-aplasto-el-auto-que-conducia-al-volcar-en-un-camino-rural-de-pellegrini\/\"]}]},{\"@type\":\"ImageObject\",\"inLanguage\":\"es\",\"@id\":\"https:\/\/infoecos.com.ar\/index.php\/lo-aplasto-el-auto-que-conducia-al-volcar-en-un-camino-rural-de-pellegrini\/#primaryimage\",\"url\":\"https:\/\/infoecos.com.ar\/wp-content\/uploads\/2023\/01\/324078436_1544610999351896_4819307614526593620_n.jpg\",\"contentUrl\":\"https:\/\/infoecos.com.ar\/wp-content\/uploads\/2023\/01\/324078436_1544610999351896_4819307614526593620_n.jpg\",\"width\":899,\"height\":1600},{\"@type\":\"BreadcrumbList\",\"@id\":\"https:\/\/infoecos.com.ar\/index.php\/lo-aplasto-el-auto-que-conducia-al-volcar-en-un-camino-rural-de-pellegrini\/#breadcrumb\",\"itemListElement\":[{\"@type\":\"ListItem\",\"position\":1,\"name\":\"Portada\",\"item\":\"https:\/\/infoecos.com.ar\/\"},{\"@type\":\"ListItem\",\"position\":2,\"name\":\"Lo aplast\u00f3 el auto que conduc\u00eda al volcar en un camino rural de Pellegrini\"}]},{\"@type\":\"WebSite\",\"@id\":\"https:\/\/infoecos.com.ar\/#website\",\"url\":\"https:\/\/infoecos.com.ar\/\",\"name\":\"Infoecos\",\"description\":\"Noticias de trenque lauquen y la zona\",\"publisher\":{\"@id\":\"https:\/\/infoecos.com.ar\/#organization\"},\"alternateName\":\"Noticias\",\"potentialAction\":[{\"@type\":\"SearchAction\",\"target\":{\"@type\":\"EntryPoint\",\"urlTemplate\":\"https:\/\/infoecos.com.ar\/?s={search_term_string}\"},\"query-input\":{\"@type\":\"PropertyValueSpecification\",\"valueRequired\":true,\"valueName\":\"search_term_string\"}}],\"inLanguage\":\"es\"},{\"@type\":\"Organization\",\"@id\":\"https:\/\/infoecos.com.ar\/#organization\",\"name\":\"Infoecos\",\"alternateName\":\"Noticias\",\"url\":\"https:\/\/infoecos.com.ar\/\",\"logo\":{\"@type\":\"ImageObject\",\"inLanguage\":\"es\",\"@id\":\"https:\/\/infoecos.com.ar\/#\/schema\/logo\/image\/\",\"url\":\"https:\/\/infoecos.com.ar\/wp-content\/uploads\/2024\/03\/cropped-logo.png\",\"contentUrl\":\"https:\/\/infoecos.com.ar\/wp-content\/uploads\/2024\/03\/cropped-logo.png\",\"width\":374,\"height\":90,\"caption\":\"Infoecos\"},\"image\":{\"@id\":\"https:\/\/infoecos.com.ar\/#\/schema\/logo\/image\/\"},\"sameAs\":[\"https:\/\/www.facebook.com\/profile.php?id=100063200290284\",\"https:\/\/x.com\/infoecos\"]},{\"@type\":\"Person\",\"@id\":\"https:\/\/infoecos.com.ar\/#\/schema\/person\/8f5ace5ce73b4b4aac4b7245aee6f191\",\"name\":\"Jorge Matheus\",\"url\":\"https:\/\/infoecos.com.ar\/index.php\/author\/jomatheus\/\"}]}<\/script>\n<!-- \/ Yoast SEO plugin. -->","yoast_head_json":{"title":"Lo aplast\u00f3 el auto que conduc\u00eda al volcar en un camino rural de Pellegrini - Infoecos","robots":{"index":"index","follow":"follow","max-snippet":"max-snippet:-1","max-image-preview":"max-image-preview:large","max-video-preview":"max-video-preview:-1"},"canonical":"https:\/\/infoecos.com.ar\/index.php\/lo-aplasto-el-auto-que-conducia-al-volcar-en-un-camino-rural-de-pellegrini\/","og_locale":"es_ES","og_type":"article","og_title":"Lo aplast\u00f3 el auto que conduc\u00eda al volcar en un camino rural de Pellegrini - Infoecos","og_description":"Carlos ANDICOCHEA. Ten\u00eda 55 a\u00f1os. Las primeras informaciones dieron cuenta que fue despedido del veh\u00edculo, el que termin\u00f3 aplast\u00e1ndolo","og_url":"https:\/\/infoecos.com.ar\/index.php\/lo-aplasto-el-auto-que-conducia-al-volcar-en-un-camino-rural-de-pellegrini\/","og_site_name":"Infoecos","article_publisher":"https:\/\/www.facebook.com\/profile.php?id=100063200290284","article_published_time":"2023-01-08T06:36:01+00:00","article_modified_time":"2023-01-11T05:08:27+00:00","og_image":[{"width":899,"height":1600,"url":"https:\/\/infoecos.com.ar\/wp-content\/uploads\/2023\/01\/324078436_1544610999351896_4819307614526593620_n.jpg","type":"image\/jpeg"}],"author":"Jorge Matheus","twitter_card":"summary_large_image","twitter_creator":"@infoecos","twitter_site":"@infoecos","twitter_misc":{"Escrito por":"Jorge Matheus","Tiempo de lectura":"1 minuto"},"schema":{"@context":"https:\/\/schema.org","@graph":[{"@type":"Article","@id":"https:\/\/infoecos.com.ar\/index.php\/lo-aplasto-el-auto-que-conducia-al-volcar-en-un-camino-rural-de-pellegrini\/#article","isPartOf":{"@id":"https:\/\/infoecos.com.ar\/index.php\/lo-aplasto-el-auto-que-conducia-al-volcar-en-un-camino-rural-de-pellegrini\/"},"author":{"name":"Jorge Matheus","@id":"https:\/\/infoecos.com.ar\/#\/schema\/person\/8f5ace5ce73b4b4aac4b7245aee6f191"},"headline":"Lo aplast\u00f3 el auto que conduc\u00eda al volcar en un camino rural de Pellegrini","datePublished":"2023-01-08T06:36:01+00:00","dateModified":"2023-01-11T05:08:27+00:00","mainEntityOfPage":{"@id":"https:\/\/infoecos.com.ar\/index.php\/lo-aplasto-el-auto-que-conducia-al-volcar-en-un-camino-rural-de-pellegrini\/"},"wordCount":83,"publisher":{"@id":"https:\/\/infoecos.com.ar\/#organization"},"image":{"@id":"https:\/\/infoecos.com.ar\/index.php\/lo-aplasto-el-auto-que-conducia-al-volcar-en-un-camino-rural-de-pellegrini\/#primaryimage"},"thumbnailUrl":"https:\/\/infoecos.com.ar\/wp-content\/uploads\/2023\/01\/324078436_1544610999351896_4819307614526593620_n.jpg","keywords":["GRAVE ACCIDENTE"],"articleSection":["Bloque inferior - 1"],"inLanguage":"es"},{"@type":"WebPage","@id":"https:\/\/infoecos.com.ar\/index.php\/lo-aplasto-el-auto-que-conducia-al-volcar-en-un-camino-rural-de-pellegrini\/","url":"https:\/\/infoecos.com.ar\/index.php\/lo-aplasto-el-auto-que-conducia-al-volcar-en-un-camino-rural-de-pellegrini\/","name":"Lo aplast\u00f3 el auto que conduc\u00eda al volcar en un camino rural de Pellegrini - Infoecos","isPartOf":{"@id":"https:\/\/infoecos.com.ar\/#website"},"primaryImageOfPage":{"@id":"https:\/\/infoecos.com.ar\/index.php\/lo-aplasto-el-auto-que-conducia-al-volcar-en-un-camino-rural-de-pellegrini\/#primaryimage"},"image":{"@id":"https:\/\/infoecos.com.ar\/index.php\/lo-aplasto-el-auto-que-conducia-al-volcar-en-un-camino-rural-de-pellegrini\/#primaryimage"},"thumbnailUrl":"https:\/\/infoecos.com.ar\/wp-content\/uploads\/2023\/01\/324078436_1544610999351896_4819307614526593620_n.jpg","datePublished":"2023-01-08T06:36:01+00:00","dateModified":"2023-01-11T05:08:27+00:00","breadcrumb":{"@id":"https:\/\/infoecos.com.ar\/index.php\/lo-aplasto-el-auto-que-conducia-al-volcar-en-un-camino-rural-de-pellegrini\/#breadcrumb"},"inLanguage":"es","potentialAction":[{"@type":"ReadAction","target":["https:\/\/infoecos.com.ar\/index.php\/lo-aplasto-el-auto-que-conducia-al-volcar-en-un-camino-rural-de-pellegrini\/"]}]},{"@type":"ImageObject","inLanguage":"es","@id":"https:\/\/infoecos.com.ar\/index.php\/lo-aplasto-el-auto-que-conducia-al-volcar-en-un-camino-rural-de-pellegrini\/#primaryimage","url":"https:\/\/infoecos.com.ar\/wp-content\/uploads\/2023\/01\/324078436_1544610999351896_4819307614526593620_n.jpg","contentUrl":"https:\/\/infoecos.com.ar\/wp-content\/uploads\/2023\/01\/324078436_1544610999351896_4819307614526593620_n.jpg","width":899,"height":1600},{"@type":"BreadcrumbList","@id":"https:\/\/infoecos.com.ar\/index.php\/lo-aplasto-el-auto-que-conducia-al-volcar-en-un-camino-rural-de-pellegrini\/#breadcrumb","itemListElement":[{"@type":"ListItem","position":1,"name":"Portada","item":"https:\/\/infoecos.com.ar\/"},{"@type":"ListItem","position":2,"name":"Lo aplast\u00f3 el auto que conduc\u00eda al volcar en un camino rural de Pellegrini"}]},{"@type":"WebSite","@id":"https:\/\/infoecos.com.ar\/#website","url":"https:\/\/infoecos.com.ar\/","name":"Infoecos","description":"Noticias de trenque lauquen y la zona","publisher":{"@id":"https:\/\/infoecos.com.ar\/#organization"},"alternateName":"Noticias","potentialAction":[{"@type":"SearchAction","target":{"@type":"EntryPoint","urlTemplate":"https:\/\/infoecos.com.ar\/?s={search_term_string}"},"query-input":{"@type":"PropertyValueSpecification","valueRequired":true,"valueName":"search_term_string"}}],"inLanguage":"es"},{"@type":"Organization","@id":"https:\/\/infoecos.com.ar\/#organization","name":"Infoecos","alternateName":"Noticias","url":"https:\/\/infoecos.com.ar\/","logo":{"@type":"ImageObject","inLanguage":"es","@id":"https:\/\/infoecos.com.ar\/#\/schema\/logo\/image\/","url":"https:\/\/infoecos.com.ar\/wp-content\/uploads\/2024\/03\/cropped-logo.png","contentUrl":"https:\/\/infoecos.com.ar\/wp-content\/uploads\/2024\/03\/cropped-logo.png","width":374,"height":90,"caption":"Infoecos"},"image":{"@id":"https:\/\/infoecos.com.ar\/#\/schema\/logo\/image\/"},"sameAs":["https:\/\/www.facebook.com\/profile.php?id=100063200290284","https:\/\/x.com\/infoecos"]},{"@type":"Person","@id":"https:\/\/infoecos.com.ar\/#\/schema\/person\/8f5ace5ce73b4b4aac4b7245aee6f191","name":"Jorge Matheus","url":"https:\/\/infoecos.com.ar\/index.php\/author\/jomatheus\/"}]}},"featured_image_urls":{"full":["https:\/\/infoecos.com.ar\/wp-content\/uploads\/2023\/01\/324078436_1544610999351896_4819307614526593620_n.jpg",899,1600,false],"thumbnail":["https:\/\/infoecos.com.ar\/wp-content\/uploads\/2023\/01\/324078436_1544610999351896_4819307614526593620_n-300x150.jpg",300,150,true],"medium":["https:\/\/infoecos.com.ar\/wp-content\/uploads\/2023\/01\/324078436_1544610999351896_4819307614526593620_n-450x800.jpg",450,800,true],"medium_large":["https:\/\/infoecos.com.ar\/wp-content\/uploads\/2023\/01\/324078436_1544610999351896_4819307614526593620_n-768x1367.jpg",640,1139,true],"large":["https:\/\/infoecos.com.ar\/wp-content\/uploads\/2023\/01\/324078436_1544610999351896_4819307614526593620_n.jpg",640,1139,false],"1536x1536":["https:\/\/infoecos.com.ar\/wp-content\/uploads\/2023\/01\/324078436_1544610999351896_4819307614526593620_n-863x1536.jpg",863,1536,true],"2048x2048":["https:\/\/infoecos.com.ar\/wp-content\/uploads\/2023\/01\/324078436_1544610999351896_4819307614526593620_n.jpg",899,1600,false],"covernews-slider-full":["https:\/\/infoecos.com.ar\/wp-content\/uploads\/2023\/01\/324078436_1544610999351896_4819307614526593620_n-899x1020.jpg",630,715,true],"covernews-slider-center":["https:\/\/infoecos.com.ar\/wp-content\/uploads\/2023\/01\/324078436_1544610999351896_4819307614526593620_n-899x897.jpg",501,500,true],"covernews-featured":["https:\/\/infoecos.com.ar\/wp-content\/uploads\/2023\/01\/324078436_1544610999351896_4819307614526593620_n.jpg",899,1600,false],"covernews-medium":["https:\/\/infoecos.com.ar\/wp-content\/uploads\/2023\/01\/324078436_1544610999351896_4819307614526593620_n-720x380.jpg",540,285,true],"covernews-medium-square":["https:\/\/infoecos.com.ar\/wp-content\/uploads\/2023\/01\/324078436_1544610999351896_4819307614526593620_n-675x450.jpg",375,250,true]},"author_info":{"info":["Jorge Matheus"]},"category_info":"<a href=\"https:\/\/infoecos.com.ar\/index.php\/category\/inferior1\/\" rel=\"category tag\">Bloque inferior - 1<\/a>","tag_info":"Bloque inferior - 1","comment_count":"0","_links":{"self":[{"href":"https:\/\/infoecos.com.ar\/index.php\/wp-json\/wp\/v2\/posts\/99737"}],"collection":[{"href":"https:\/\/infoecos.com.ar\/index.php\/wp-json\/wp\/v2\/posts"}],"about":[{"href":"https:\/\/infoecos.com.ar\/index.php\/wp-json\/wp\/v2\/types\/post"}],"author":[{"embeddable":true,"href":"https:\/\/infoecos.com.ar\/index.php\/wp-json\/wp\/v2\/users\/2"}],"replies":[{"embeddable":true,"href":"https:\/\/infoecos.com.ar\/index.php\/wp-json\/wp\/v2\/comments?post=99737"}],"version-history":[{"count":1,"href":"https:\/\/infoecos.com.ar\/index.php\/wp-json\/wp\/v2\/posts\/99737\/revisions"}],"predecessor-version":[{"id":99741,"href":"https:\/\/infoecos.com.ar\/index.php\/wp-json\/wp\/v2\/posts\/99737\/revisions\/99741"}],"wp:featuredmedia":[{"embeddable":true,"href":"https:\/\/infoecos.com.ar\/index.php\/wp-json\/wp\/v2\/media\/99740"}],"wp:attachment":[{"href":"https:\/\/infoecos.com.ar\/index.php\/wp-json\/wp\/v2\/media?parent=99737"}],"wp:term":[{"taxonomy":"category","embeddable":true,"href":"https:\/\/infoecos.com.ar\/index.php\/wp-json\/wp\/v2\/categories?post=99737"},{"taxonomy":"post_tag","embeddable":true,"href":"https:\/\/infoecos.com.ar\/index.php\/wp-json\/wp\/v2\/tags?post=99737"}],"curies":[{"name":"wp","href":"https:\/\/api.w.org\/{rel}","templated":true}]}}