{"id":99761,"date":"2023-01-08T13:38:32","date_gmt":"2023-01-08T16:38:32","guid":{"rendered":"https:\/\/infoecos.com.ar\/?p=99761"},"modified":"2023-01-11T02:06:47","modified_gmt":"2023-01-11T05:06:47","slug":"kicillof-en-entrevista-exclusiva-a-infobae-las-candidaturas-se-veran-mas-adelante","status":"publish","type":"post","link":"https:\/\/infoecos.com.ar\/index.php\/kicillof-en-entrevista-exclusiva-a-infobae-las-candidaturas-se-veran-mas-adelante\/","title":{"rendered":"Kicillof: \u201cla gente est\u00e1 preocupada por el bolsillo y por llegar a fin de mes\u201d"},"content":{"rendered":"\n<p>El gobernador<strong>&nbsp;Axel Kicillof&nbsp;<\/strong>renov\u00f3 las cr\u00edticas contra la Corte Suprema, defendi\u00f3 el pedido de juicio pol\u00edtico que present\u00f3&nbsp;<strong>Alberto Fern\u00e1ndez&nbsp;<\/strong>con el aval de 11 de provincias y se refiri\u00f3 a su futuro. En medio de las presiones de un sector del kirchnerismo para que compita por la Presidencia, el mandatario bonaerense afirm\u00f3 que lidera \u201cun plan de trabajo que es m\u00e1s largo que un per\u00edodo\u201d y resalt\u00f3 que \u201clas candidaturas se ver\u00e1n m\u00e1s adelante\u201d.<\/p>\n\n\n\n<figure class=\"wp-block-image aligncenter size-full\"><img loading=\"lazy\" decoding=\"async\" width=\"1440\" height=\"810\" src=\"https:\/\/infoecos.com.ar\/wp-content\/uploads\/2023\/01\/image-30.png\" alt=\"\" class=\"wp-image-99762\" srcset=\"https:\/\/infoecos.com.ar\/wp-content\/uploads\/2023\/01\/image-30.png 1440w, https:\/\/infoecos.com.ar\/wp-content\/uploads\/2023\/01\/image-30-800x450.png 800w, https:\/\/infoecos.com.ar\/wp-content\/uploads\/2023\/01\/image-30-768x432.png 768w, https:\/\/infoecos.com.ar\/wp-content\/uploads\/2023\/01\/image-30-1024x576.png 1024w\" sizes=\"(max-width: 1440px) 100vw, 1440px\" \/><\/figure>\n\n\n\n<p>En una entrevista con&nbsp;<strong>Infobae&nbsp;<\/strong>en el Golf Club de Miramar despu\u00e9s de encabezar una reuni\u00f3n con intendentes, empresarios y dirigentes pol\u00edticos y gremiales, Kicillof reconoci\u00f3 que \u201cla gente est\u00e1 en otros temas, m\u00e1s preocupada por el bolsillo y por llegar a fin de mes\u201d y no est\u00e1 pensando en la disputa del oficialismo contra los jueces del m\u00e1ximo tribunal ni tampoco en a qui\u00e9n va a votar en 2023.<\/p>\n\n\n\n<p>El gobernador se refiri\u00f3 al esc\u00e1ndalo de los chats capturados de manera ilegal entre el desplazado ministro de Seguridad porte\u00f1o,&nbsp;<strong>Marcelo D\u2019Alessandro<\/strong>, y&nbsp;<strong>Silvio Robles<\/strong>, el vocero del presidente de la Corte, el juez&nbsp;<strong>Horacio Rosatti<\/strong>, y a los fallos sobre la coparticipaci\u00f3n -que le dio la raz\u00f3n al jefe de gobierno porte\u00f1o,&nbsp;<strong>Horacio Rodr\u00edguez Larreta<\/strong>&#8211; y al referido a la anulaci\u00f3n del Consejo de la Magistratura. \u201cCon esos fallos invaden la divisi\u00f3n de poderes. \u00bfAhora van a gobernar?\u201d, se pregunt\u00f3.<\/p>\n\n\n\n<h2 class=\"wp-block-heading\">Definiciones de Axel Kicillof en la entrevista con Infobae<\/h2>\n\n\n\n<p>1- \u201cEn la historia argentina es la primera vez que un presidente junto con gobernadores -con uno solo ya ser\u00eda mucho- firman un pedido de juicio pol\u00edtico. Es un hecho in\u00e9dito. Como es in\u00e9dito por la gravedad de lo que est\u00e1 pasando en ese sector del Poder Judicial. Hay una crisis institucional\u201d.<\/p>\n\n\n\n<p>2- \u201cLa Comisi\u00f3n de Juicio Pol\u00edtico de la C\u00e1mara de Diputados va a tomar el tema y definir\u00e1 si lleva adelante la investigaci\u00f3n. Los sucesos, lo que ha hecho el juez Horacio Rosatti, es tremendo. Por eso creo que hay que tomarlo con mucha seriedad, sin partidizarlo. Juntos por el Cambio se equivoca al expresarse en contra\u201d.<\/p>\n\n\n\n<p>3- \u201cTodas las provincias, las que firman (el juicio pol\u00edtico) y las que no firman tambi\u00e9n, est\u00e1n en contra de que la jurisdicci\u00f3n m\u00e1s rica del pa\u00eds -que ni siquiera es una provincia- reciba (esos) recursos. Es grav\u00edsimo que 18 provincias argentinas, 18 gobernadores, marcaran que el fallo es una aberraci\u00f3n y un esc\u00e1ndalo\u201d.<\/p>\n\n\n\n<p>4- \u201cNo hace falta crear un impuesto a nadie, ni sacarle recursos a nadie. Si a Larreta no le alcanzara para pagar la Polic\u00eda -cosa que nunca dice, porque claramente le alcanza con esos recursos- tendr\u00e1 que discutir en el Congreso. Estoy absolutamente en contra de crear un impuesto para darle a una jurisdicci\u00f3n que no tiene problemas presupuestarios\u201d.<\/p>\n\n\n\n<p>5- \u201cLos que viven en la ciudad saben que cambian tres veces la vereda. Todo bien, no quiero presentar una cr\u00edtica, no me corresponde, lo que digo es que uno recorre el Conurbano o recorre el interior y faltan tantas cosas\u201d.<\/p>\n\n\n\n<p>6- \u201cIncomoda la doble vara, y lo digo con todo respeto. Incomoda cuando la gravedad institucional de determinadas cosas son seg\u00fan qui\u00e9n las hace o qui\u00e9n presuntamente las hace o qui\u00e9n acusa. Hay una prensa macrista que acompa\u00f1a, una prensa macrista que lo esconde, lo oculta o le baja el precio\u201d.<\/p>\n\n\n\n<p>7- \u201cS\u00e9 que la sociedad est\u00e1 probablemente m\u00e1s preocupada por el bolsillo, por llegar a fin de mes (&#8230;) La sociedad est\u00e1 en otros temas pero no le gusta que haya contubernio o algo oscuro o espurio entre un sector de la pol\u00edtica, un sector de los medios y el Poder Judicial. Eso no le gusta. Nosotros seguimos gobernando, no se interrumpieron actividades ni dije&nbsp;<em>paremos todo hasta que se resuelvan los chats entre Rosatti y Larreta<\/em>\u201d.<\/p>\n\n\n\n<p>8- \u201cLa gente no est\u00e1 pensando en la Corte Suprema. Si pregunt\u00e1s qu\u00e9 opinan del Poder Judicial, incluso con el rechazo que hay en algunos sectores a la pol\u00edtica y al Estado, est\u00e1 muy deteriorada la imagen. Esto tiene que ver con c\u00f3mo se imparte justicia en general. Me parece que la cuesti\u00f3n electoral est\u00e1 todav\u00eda muy distante. No s\u00e9 si alguien tiene decidido el voto, me parece que no\u201d.<\/p>\n\n\n\n<p>9- \u201cYo tengo 15 candidatos ya a gobernadores de la oposici\u00f3n. Quiero que lleguen a 20, m\u00e1s o menos, que es la meta. Me gusta ese n\u00famero\u201d.<\/p>\n\n\n\n<p>10- \u201cFalta para las candidaturas. Dec\u00eda que hay 15 candidatos de nuestra oposici\u00f3n en campa\u00f1a. Nosotros tenemos la responsabilidad de gobernar. Pronto van a llegar los tiempos pol\u00edticos y se definir\u00e1n las candidaturas. De momento, estamos gobernando y esa es la principal actividad\u201d.<\/p>\n\n\n\n<p>11- \u201cLas candidaturas se ver\u00e1n m\u00e1s adelante. Seguimos trabajando para que haya continuidad en estas pol\u00edticas. Despu\u00e9s qui\u00e9n encarna, qui\u00e9n encabeza la boleta es un tema m\u00e1s del armado electoral. El Frente de Todos en provincia de Buenos Aires tiene un trabajo muy consistente, muy ordenado, de largo plazo y los resultados empiezan a verse\u201d.<\/p>\n\n\n\n<p>12- \u201cEn la provincia de Buenos Aires hay un trabajo inmenso. Nosotros tenemos un plan de trabajo y ese plan de trabajo es m\u00e1s largo que un per\u00edodo, m\u00e1s con lo que pas\u00f3 con la pandemia. Yo estoy lleno de entusiasmo y hay un reconocimiento tambi\u00e9n\u201d.<\/p>\n\n\n\n<p>13- \u201cSi me pregunt\u00e1s las elecciones que vienen: va a haber qu\u00e9 elegir entre la derecha y los derechos. La clase media argentina, adem\u00e1s de los sectores populares, ya tuvo cuatro a\u00f1os de estas pol\u00edticas, de los que dicen que los derechos son muy caros\u201d.<\/p>\n","protected":false},"excerpt":{"rendered":"<p>Kicillof resalt\u00f3 que \u201clas candidaturas se ver\u00e1n m\u00e1s adelante\u201d<\/p>\n","protected":false},"author":2,"featured_media":99762,"comment_status":"closed","ping_status":"open","sticky":false,"template":"","format":"standard","meta":{"footnotes":""},"categories":[1341],"tags":[7040],"class_list":["post-99761","post","type-post","status-publish","format-standard","has-post-thumbnail","hentry","category-c1nota7","tag-exclusivo-de-infobae"],"yoast_head":"<!-- This site is optimized with the Yoast SEO plugin v23.4 - https:\/\/yoast.com\/wordpress\/plugins\/seo\/ -->\n<title>Kicillof: \u201cla gente est\u00e1 preocupada por el bolsillo y por llegar a fin de mes\u201d - Infoecos<\/title>\n<meta name=\"robots\" content=\"index, follow, max-snippet:-1, max-image-preview:large, max-video-preview:-1\" \/>\n<link rel=\"canonical\" href=\"https:\/\/infoecos.com.ar\/index.php\/kicillof-en-entrevista-exclusiva-a-infobae-las-candidaturas-se-veran-mas-adelante\/\" \/>\n<meta property=\"og:locale\" content=\"es_ES\" \/>\n<meta property=\"og:type\" content=\"article\" \/>\n<meta property=\"og:title\" content=\"Kicillof: \u201cla gente est\u00e1 preocupada por el bolsillo y por llegar a fin de mes\u201d - Infoecos\" \/>\n<meta property=\"og:description\" content=\"Kicillof resalt\u00f3 que \u201clas candidaturas se ver\u00e1n m\u00e1s adelante\u201d\" \/>\n<meta property=\"og:url\" content=\"https:\/\/infoecos.com.ar\/index.php\/kicillof-en-entrevista-exclusiva-a-infobae-las-candidaturas-se-veran-mas-adelante\/\" \/>\n<meta property=\"og:site_name\" content=\"Infoecos\" \/>\n<meta property=\"article:publisher\" content=\"https:\/\/www.facebook.com\/profile.php?id=100063200290284\" \/>\n<meta property=\"article:published_time\" content=\"2023-01-08T16:38:32+00:00\" \/>\n<meta property=\"article:modified_time\" content=\"2023-01-11T05:06:47+00:00\" \/>\n<meta property=\"og:image\" content=\"https:\/\/infoecos.com.ar\/wp-content\/uploads\/2023\/01\/image-30.png\" \/>\n\t<meta property=\"og:image:width\" content=\"1440\" \/>\n\t<meta property=\"og:image:height\" content=\"810\" \/>\n\t<meta property=\"og:image:type\" content=\"image\/png\" \/>\n<meta name=\"author\" content=\"Jorge Matheus\" \/>\n<meta name=\"twitter:card\" content=\"summary_large_image\" \/>\n<meta name=\"twitter:creator\" content=\"@infoecos\" \/>\n<meta name=\"twitter:site\" content=\"@infoecos\" \/>\n<meta name=\"twitter:label1\" content=\"Escrito por\" \/>\n\t<meta name=\"twitter:data1\" content=\"Jorge Matheus\" \/>\n\t<meta name=\"twitter:label2\" content=\"Tiempo de lectura\" \/>\n\t<meta name=\"twitter:data2\" content=\"5 minutos\" \/>\n<script type=\"application\/ld+json\" class=\"yoast-schema-graph\">{\"@context\":\"https:\/\/schema.org\",\"@graph\":[{\"@type\":\"Article\",\"@id\":\"https:\/\/infoecos.com.ar\/index.php\/kicillof-en-entrevista-exclusiva-a-infobae-las-candidaturas-se-veran-mas-adelante\/#article\",\"isPartOf\":{\"@id\":\"https:\/\/infoecos.com.ar\/index.php\/kicillof-en-entrevista-exclusiva-a-infobae-las-candidaturas-se-veran-mas-adelante\/\"},\"author\":{\"name\":\"Jorge Matheus\",\"@id\":\"https:\/\/infoecos.com.ar\/#\/schema\/person\/8f5ace5ce73b4b4aac4b7245aee6f191\"},\"headline\":\"Kicillof: \u201cla gente est\u00e1 preocupada por el bolsillo y por llegar a fin de mes\u201d\",\"datePublished\":\"2023-01-08T16:38:32+00:00\",\"dateModified\":\"2023-01-11T05:06:47+00:00\",\"mainEntityOfPage\":{\"@id\":\"https:\/\/infoecos.com.ar\/index.php\/kicillof-en-entrevista-exclusiva-a-infobae-las-candidaturas-se-veran-mas-adelante\/\"},\"wordCount\":1008,\"publisher\":{\"@id\":\"https:\/\/infoecos.com.ar\/#organization\"},\"image\":{\"@id\":\"https:\/\/infoecos.com.ar\/index.php\/kicillof-en-entrevista-exclusiva-a-infobae-las-candidaturas-se-veran-mas-adelante\/#primaryimage\"},\"thumbnailUrl\":\"https:\/\/infoecos.com.ar\/wp-content\/uploads\/2023\/01\/image-30.png\",\"keywords\":[\"EXCLUSIVO DE INFOBAE\"],\"articleSection\":[\"C1 nota 7\"],\"inLanguage\":\"es\"},{\"@type\":\"WebPage\",\"@id\":\"https:\/\/infoecos.com.ar\/index.php\/kicillof-en-entrevista-exclusiva-a-infobae-las-candidaturas-se-veran-mas-adelante\/\",\"url\":\"https:\/\/infoecos.com.ar\/index.php\/kicillof-en-entrevista-exclusiva-a-infobae-las-candidaturas-se-veran-mas-adelante\/\",\"name\":\"Kicillof: \u201cla gente est\u00e1 preocupada por el bolsillo y por llegar a fin de mes\u201d - Infoecos\",\"isPartOf\":{\"@id\":\"https:\/\/infoecos.com.ar\/#website\"},\"primaryImageOfPage\":{\"@id\":\"https:\/\/infoecos.com.ar\/index.php\/kicillof-en-entrevista-exclusiva-a-infobae-las-candidaturas-se-veran-mas-adelante\/#primaryimage\"},\"image\":{\"@id\":\"https:\/\/infoecos.com.ar\/index.php\/kicillof-en-entrevista-exclusiva-a-infobae-las-candidaturas-se-veran-mas-adelante\/#primaryimage\"},\"thumbnailUrl\":\"https:\/\/infoecos.com.ar\/wp-content\/uploads\/2023\/01\/image-30.png\",\"datePublished\":\"2023-01-08T16:38:32+00:00\",\"dateModified\":\"2023-01-11T05:06:47+00:00\",\"breadcrumb\":{\"@id\":\"https:\/\/infoecos.com.ar\/index.php\/kicillof-en-entrevista-exclusiva-a-infobae-las-candidaturas-se-veran-mas-adelante\/#breadcrumb\"},\"inLanguage\":\"es\",\"potentialAction\":[{\"@type\":\"ReadAction\",\"target\":[\"https:\/\/infoecos.com.ar\/index.php\/kicillof-en-entrevista-exclusiva-a-infobae-las-candidaturas-se-veran-mas-adelante\/\"]}]},{\"@type\":\"ImageObject\",\"inLanguage\":\"es\",\"@id\":\"https:\/\/infoecos.com.ar\/index.php\/kicillof-en-entrevista-exclusiva-a-infobae-las-candidaturas-se-veran-mas-adelante\/#primaryimage\",\"url\":\"https:\/\/infoecos.com.ar\/wp-content\/uploads\/2023\/01\/image-30.png\",\"contentUrl\":\"https:\/\/infoecos.com.ar\/wp-content\/uploads\/2023\/01\/image-30.png\",\"width\":1440,\"height\":810},{\"@type\":\"BreadcrumbList\",\"@id\":\"https:\/\/infoecos.com.ar\/index.php\/kicillof-en-entrevista-exclusiva-a-infobae-las-candidaturas-se-veran-mas-adelante\/#breadcrumb\",\"itemListElement\":[{\"@type\":\"ListItem\",\"position\":1,\"name\":\"Portada\",\"item\":\"https:\/\/infoecos.com.ar\/\"},{\"@type\":\"ListItem\",\"position\":2,\"name\":\"Kicillof: \u201cla gente est\u00e1 preocupada por el bolsillo y por llegar a fin de mes\u201d\"}]},{\"@type\":\"WebSite\",\"@id\":\"https:\/\/infoecos.com.ar\/#website\",\"url\":\"https:\/\/infoecos.com.ar\/\",\"name\":\"Infoecos\",\"description\":\"Noticias de trenque lauquen y la zona\",\"publisher\":{\"@id\":\"https:\/\/infoecos.com.ar\/#organization\"},\"alternateName\":\"Noticias\",\"potentialAction\":[{\"@type\":\"SearchAction\",\"target\":{\"@type\":\"EntryPoint\",\"urlTemplate\":\"https:\/\/infoecos.com.ar\/?s={search_term_string}\"},\"query-input\":{\"@type\":\"PropertyValueSpecification\",\"valueRequired\":true,\"valueName\":\"search_term_string\"}}],\"inLanguage\":\"es\"},{\"@type\":\"Organization\",\"@id\":\"https:\/\/infoecos.com.ar\/#organization\",\"name\":\"Infoecos\",\"alternateName\":\"Noticias\",\"url\":\"https:\/\/infoecos.com.ar\/\",\"logo\":{\"@type\":\"ImageObject\",\"inLanguage\":\"es\",\"@id\":\"https:\/\/infoecos.com.ar\/#\/schema\/logo\/image\/\",\"url\":\"https:\/\/infoecos.com.ar\/wp-content\/uploads\/2024\/03\/cropped-logo.png\",\"contentUrl\":\"https:\/\/infoecos.com.ar\/wp-content\/uploads\/2024\/03\/cropped-logo.png\",\"width\":374,\"height\":90,\"caption\":\"Infoecos\"},\"image\":{\"@id\":\"https:\/\/infoecos.com.ar\/#\/schema\/logo\/image\/\"},\"sameAs\":[\"https:\/\/www.facebook.com\/profile.php?id=100063200290284\",\"https:\/\/x.com\/infoecos\"]},{\"@type\":\"Person\",\"@id\":\"https:\/\/infoecos.com.ar\/#\/schema\/person\/8f5ace5ce73b4b4aac4b7245aee6f191\",\"name\":\"Jorge Matheus\",\"url\":\"https:\/\/infoecos.com.ar\/index.php\/author\/jomatheus\/\"}]}<\/script>\n<!-- \/ Yoast SEO plugin. -->","yoast_head_json":{"title":"Kicillof: \u201cla gente est\u00e1 preocupada por el bolsillo y por llegar a fin de mes\u201d - Infoecos","robots":{"index":"index","follow":"follow","max-snippet":"max-snippet:-1","max-image-preview":"max-image-preview:large","max-video-preview":"max-video-preview:-1"},"canonical":"https:\/\/infoecos.com.ar\/index.php\/kicillof-en-entrevista-exclusiva-a-infobae-las-candidaturas-se-veran-mas-adelante\/","og_locale":"es_ES","og_type":"article","og_title":"Kicillof: \u201cla gente est\u00e1 preocupada por el bolsillo y por llegar a fin de mes\u201d - Infoecos","og_description":"Kicillof resalt\u00f3 que \u201clas candidaturas se ver\u00e1n m\u00e1s adelante\u201d","og_url":"https:\/\/infoecos.com.ar\/index.php\/kicillof-en-entrevista-exclusiva-a-infobae-las-candidaturas-se-veran-mas-adelante\/","og_site_name":"Infoecos","article_publisher":"https:\/\/www.facebook.com\/profile.php?id=100063200290284","article_published_time":"2023-01-08T16:38:32+00:00","article_modified_time":"2023-01-11T05:06:47+00:00","og_image":[{"width":1440,"height":810,"url":"https:\/\/infoecos.com.ar\/wp-content\/uploads\/2023\/01\/image-30.png","type":"image\/png"}],"author":"Jorge Matheus","twitter_card":"summary_large_image","twitter_creator":"@infoecos","twitter_site":"@infoecos","twitter_misc":{"Escrito por":"Jorge Matheus","Tiempo de lectura":"5 minutos"},"schema":{"@context":"https:\/\/schema.org","@graph":[{"@type":"Article","@id":"https:\/\/infoecos.com.ar\/index.php\/kicillof-en-entrevista-exclusiva-a-infobae-las-candidaturas-se-veran-mas-adelante\/#article","isPartOf":{"@id":"https:\/\/infoecos.com.ar\/index.php\/kicillof-en-entrevista-exclusiva-a-infobae-las-candidaturas-se-veran-mas-adelante\/"},"author":{"name":"Jorge Matheus","@id":"https:\/\/infoecos.com.ar\/#\/schema\/person\/8f5ace5ce73b4b4aac4b7245aee6f191"},"headline":"Kicillof: \u201cla gente est\u00e1 preocupada por el bolsillo y por llegar a fin de mes\u201d","datePublished":"2023-01-08T16:38:32+00:00","dateModified":"2023-01-11T05:06:47+00:00","mainEntityOfPage":{"@id":"https:\/\/infoecos.com.ar\/index.php\/kicillof-en-entrevista-exclusiva-a-infobae-las-candidaturas-se-veran-mas-adelante\/"},"wordCount":1008,"publisher":{"@id":"https:\/\/infoecos.com.ar\/#organization"},"image":{"@id":"https:\/\/infoecos.com.ar\/index.php\/kicillof-en-entrevista-exclusiva-a-infobae-las-candidaturas-se-veran-mas-adelante\/#primaryimage"},"thumbnailUrl":"https:\/\/infoecos.com.ar\/wp-content\/uploads\/2023\/01\/image-30.png","keywords":["EXCLUSIVO DE INFOBAE"],"articleSection":["C1 nota 7"],"inLanguage":"es"},{"@type":"WebPage","@id":"https:\/\/infoecos.com.ar\/index.php\/kicillof-en-entrevista-exclusiva-a-infobae-las-candidaturas-se-veran-mas-adelante\/","url":"https:\/\/infoecos.com.ar\/index.php\/kicillof-en-entrevista-exclusiva-a-infobae-las-candidaturas-se-veran-mas-adelante\/","name":"Kicillof: \u201cla gente est\u00e1 preocupada por el bolsillo y por llegar a fin de mes\u201d - Infoecos","isPartOf":{"@id":"https:\/\/infoecos.com.ar\/#website"},"primaryImageOfPage":{"@id":"https:\/\/infoecos.com.ar\/index.php\/kicillof-en-entrevista-exclusiva-a-infobae-las-candidaturas-se-veran-mas-adelante\/#primaryimage"},"image":{"@id":"https:\/\/infoecos.com.ar\/index.php\/kicillof-en-entrevista-exclusiva-a-infobae-las-candidaturas-se-veran-mas-adelante\/#primaryimage"},"thumbnailUrl":"https:\/\/infoecos.com.ar\/wp-content\/uploads\/2023\/01\/image-30.png","datePublished":"2023-01-08T16:38:32+00:00","dateModified":"2023-01-11T05:06:47+00:00","breadcrumb":{"@id":"https:\/\/infoecos.com.ar\/index.php\/kicillof-en-entrevista-exclusiva-a-infobae-las-candidaturas-se-veran-mas-adelante\/#breadcrumb"},"inLanguage":"es","potentialAction":[{"@type":"ReadAction","target":["https:\/\/infoecos.com.ar\/index.php\/kicillof-en-entrevista-exclusiva-a-infobae-las-candidaturas-se-veran-mas-adelante\/"]}]},{"@type":"ImageObject","inLanguage":"es","@id":"https:\/\/infoecos.com.ar\/index.php\/kicillof-en-entrevista-exclusiva-a-infobae-las-candidaturas-se-veran-mas-adelante\/#primaryimage","url":"https:\/\/infoecos.com.ar\/wp-content\/uploads\/2023\/01\/image-30.png","contentUrl":"https:\/\/infoecos.com.ar\/wp-content\/uploads\/2023\/01\/image-30.png","width":1440,"height":810},{"@type":"BreadcrumbList","@id":"https:\/\/infoecos.com.ar\/index.php\/kicillof-en-entrevista-exclusiva-a-infobae-las-candidaturas-se-veran-mas-adelante\/#breadcrumb","itemListElement":[{"@type":"ListItem","position":1,"name":"Portada","item":"https:\/\/infoecos.com.ar\/"},{"@type":"ListItem","position":2,"name":"Kicillof: \u201cla gente est\u00e1 preocupada por el bolsillo y por llegar a fin de mes\u201d"}]},{"@type":"WebSite","@id":"https:\/\/infoecos.com.ar\/#website","url":"https:\/\/infoecos.com.ar\/","name":"Infoecos","description":"Noticias de trenque lauquen y la zona","publisher":{"@id":"https:\/\/infoecos.com.ar\/#organization"},"alternateName":"Noticias","potentialAction":[{"@type":"SearchAction","target":{"@type":"EntryPoint","urlTemplate":"https:\/\/infoecos.com.ar\/?s={search_term_string}"},"query-input":{"@type":"PropertyValueSpecification","valueRequired":true,"valueName":"search_term_string"}}],"inLanguage":"es"},{"@type":"Organization","@id":"https:\/\/infoecos.com.ar\/#organization","name":"Infoecos","alternateName":"Noticias","url":"https:\/\/infoecos.com.ar\/","logo":{"@type":"ImageObject","inLanguage":"es","@id":"https:\/\/infoecos.com.ar\/#\/schema\/logo\/image\/","url":"https:\/\/infoecos.com.ar\/wp-content\/uploads\/2024\/03\/cropped-logo.png","contentUrl":"https:\/\/infoecos.com.ar\/wp-content\/uploads\/2024\/03\/cropped-logo.png","width":374,"height":90,"caption":"Infoecos"},"image":{"@id":"https:\/\/infoecos.com.ar\/#\/schema\/logo\/image\/"},"sameAs":["https:\/\/www.facebook.com\/profile.php?id=100063200290284","https:\/\/x.com\/infoecos"]},{"@type":"Person","@id":"https:\/\/infoecos.com.ar\/#\/schema\/person\/8f5ace5ce73b4b4aac4b7245aee6f191","name":"Jorge Matheus","url":"https:\/\/infoecos.com.ar\/index.php\/author\/jomatheus\/"}]}},"featured_image_urls":{"full":["https:\/\/infoecos.com.ar\/wp-content\/uploads\/2023\/01\/image-30.png",1440,810,false],"thumbnail":["https:\/\/infoecos.com.ar\/wp-content\/uploads\/2023\/01\/image-30-300x150.png",300,150,true],"medium":["https:\/\/infoecos.com.ar\/wp-content\/uploads\/2023\/01\/image-30-800x450.png",800,450,true],"medium_large":["https:\/\/infoecos.com.ar\/wp-content\/uploads\/2023\/01\/image-30-768x432.png",640,360,true],"large":["https:\/\/infoecos.com.ar\/wp-content\/uploads\/2023\/01\/image-30.png",640,360,false],"1536x1536":["https:\/\/infoecos.com.ar\/wp-content\/uploads\/2023\/01\/image-30.png",1440,810,false],"2048x2048":["https:\/\/infoecos.com.ar\/wp-content\/uploads\/2023\/01\/image-30.png",1440,810,false],"covernews-slider-full":["https:\/\/infoecos.com.ar\/wp-content\/uploads\/2023\/01\/image-30.png",1115,627,false],"covernews-slider-center":["https:\/\/infoecos.com.ar\/wp-content\/uploads\/2023\/01\/image-30-936x810.png",578,500,true],"covernews-featured":["https:\/\/infoecos.com.ar\/wp-content\/uploads\/2023\/01\/image-30-1024x576.png",1024,576,true],"covernews-medium":["https:\/\/infoecos.com.ar\/wp-content\/uploads\/2023\/01\/image-30-720x380.png",540,285,true],"covernews-medium-square":["https:\/\/infoecos.com.ar\/wp-content\/uploads\/2023\/01\/image-30-675x450.png",375,250,true]},"author_info":{"info":["Jorge Matheus"]},"category_info":"<a href=\"https:\/\/infoecos.com.ar\/index.php\/category\/c1nota7\/\" rel=\"category tag\">C1 nota 7<\/a>","tag_info":"C1 nota 7","comment_count":"0","_links":{"self":[{"href":"https:\/\/infoecos.com.ar\/index.php\/wp-json\/wp\/v2\/posts\/99761"}],"collection":[{"href":"https:\/\/infoecos.com.ar\/index.php\/wp-json\/wp\/v2\/posts"}],"about":[{"href":"https:\/\/infoecos.com.ar\/index.php\/wp-json\/wp\/v2\/types\/post"}],"author":[{"embeddable":true,"href":"https:\/\/infoecos.com.ar\/index.php\/wp-json\/wp\/v2\/users\/2"}],"replies":[{"embeddable":true,"href":"https:\/\/infoecos.com.ar\/index.php\/wp-json\/wp\/v2\/comments?post=99761"}],"version-history":[{"count":3,"href":"https:\/\/infoecos.com.ar\/index.php\/wp-json\/wp\/v2\/posts\/99761\/revisions"}],"predecessor-version":[{"id":99885,"href":"https:\/\/infoecos.com.ar\/index.php\/wp-json\/wp\/v2\/posts\/99761\/revisions\/99885"}],"wp:featuredmedia":[{"embeddable":true,"href":"https:\/\/infoecos.com.ar\/index.php\/wp-json\/wp\/v2\/media\/99762"}],"wp:attachment":[{"href":"https:\/\/infoecos.com.ar\/index.php\/wp-json\/wp\/v2\/media?parent=99761"}],"wp:term":[{"taxonomy":"category","embeddable":true,"href":"https:\/\/infoecos.com.ar\/index.php\/wp-json\/wp\/v2\/categories?post=99761"},{"taxonomy":"post_tag","embeddable":true,"href":"https:\/\/infoecos.com.ar\/index.php\/wp-json\/wp\/v2\/tags?post=99761"}],"curies":[{"name":"wp","href":"https:\/\/api.w.org\/{rel}","templated":true}]}}