{"id":99767,"date":"2023-01-09T00:42:20","date_gmt":"2023-01-09T03:42:20","guid":{"rendered":"https:\/\/infoecos.com.ar\/?p=99767"},"modified":"2023-01-09T00:42:21","modified_gmt":"2023-01-09T03:42:21","slug":"fernandez-y-badino-entregaran-un-minibus-a-beruti-el-proximo-miercoles","status":"publish","type":"post","link":"https:\/\/infoecos.com.ar\/index.php\/fernandez-y-badino-entregaran-un-minibus-a-beruti-el-proximo-miercoles\/","title":{"rendered":"Fern\u00e1ndez y Badino entregar\u00e1n un minib\u00fas a Beruti, el pr\u00f3ximo mi\u00e9rcoles"},"content":{"rendered":"\n<p>El intendente Miguel Fern\u00e1ndez y la concejala Leticia Badino, en representaci\u00f3n del ministerio del Interior de la Naci\u00f3n, entregar\u00e1n el pr\u00f3ximo mi\u00e9rcoles al Delegado Municipal de Beruti, Fabio Villarreal, el minib\u00fas adquirido a trav\u00e9s del programa Municipios de Pie y que servir\u00e1 para brindar el servicio de transporte entre la mencionada localidad y la ciudad de Trenque Lauquen.<\/p>\n\n\n\n<figure class=\"wp-block-image aligncenter size-full\"><img loading=\"lazy\" decoding=\"async\" width=\"960\" height=\"720\" src=\"https:\/\/infoecos.com.ar\/wp-content\/uploads\/2023\/01\/MINIBJUSPARABERUTI.jpg\" alt=\"\" class=\"wp-image-99768\" srcset=\"https:\/\/infoecos.com.ar\/wp-content\/uploads\/2023\/01\/MINIBJUSPARABERUTI.jpg 960w, https:\/\/infoecos.com.ar\/wp-content\/uploads\/2023\/01\/MINIBJUSPARABERUTI-800x600.jpg 800w, https:\/\/infoecos.com.ar\/wp-content\/uploads\/2023\/01\/MINIBJUSPARABERUTI-768x576.jpg 768w\" sizes=\"(max-width: 960px) 100vw, 960px\" \/><\/figure>\n\n\n\n<p>El servicio, que entrar\u00e1 en funcionamiento a la mayor brevedad posible, cubrir\u00e1 la distancia entre Beruti-Trenque Lauquen y Trenque Lauquen-Beruti manteniendo en principio la frecuencia y horarios de la empresa La Primavera, que hasta ahora hac\u00eda ese recorrido.<\/p>\n\n\n\n<p>La compra del minib\u00fas se hizo luego de que el intendente Fern\u00e1ndez firmara un convenio con el titular de la secretar\u00eda de Asuntos Municipales, Dr. Avelino Zurro, en el marco del programa \u201cMunicipios de Pie\u201d, una iniciativa de asistencia financiera del ministerio del Interior de la Naci\u00f3n para potenciar los gobiernos locales.<\/p>\n\n\n\n<p>En aquella oportunidad Fern\u00e1ndez y Badino anunciaron en una conferencia de prensa que compartieron en el Municipio la adquisici\u00f3n del minib\u00fas para Beruti, y tambi\u00e9n de un tom\u00f3grafo computado de \u00faltima generaci\u00f3n para el Hospital Dr. Pedro T. Orellana y de una Unidad de Traslado R\u00e1pido para 30 de Agosto.<\/p>\n\n\n\n<p>El minib\u00fas, que tiene 24 asientos, fue adquirido a la empresa Overbus S.A. a trav\u00e9s de la Licitaci\u00f3n P\u00fablica n\u00ba 12\/2022 por un valor de 19.300.000 pesos.<\/p>\n\n\n\n<p>El Municipio realiz\u00f3 adem\u00e1s una encuesta a trav\u00e9s de sus redes sociales dirigida fundamentalmente a la comunidad para recabar informaci\u00f3n que est\u00e1 siendo analizada para definir con la mayor precisi\u00f3n posible el perfil del servicio.<\/p>\n\n\n\n<p>La Unidad de Traslado R\u00e1pido para el Hospital Dr. Francisco Eguiguren, de 30 de Agosto, ser\u00e1 entregada un d\u00eda despu\u00e9s del minib\u00fas, el jueves de esta semana.<\/p>\n\n\n\n<p>El tom\u00f3grafo fue adquirido tambi\u00e9n por Licitaci\u00f3n P\u00fablica -la apertura de sobres se concret\u00f3 el 17 de marzo y el 22 de abril se adjudic\u00f3 a Canon Medical Systems Argentina S.A por un valor de 33.683.000 pesos- y ya est\u00e1 emplazado en el Hospital Municipal Dr. Pedro T. Orellana, en un espacio donde adem\u00e1s se instalar\u00e1n los equipos de im\u00e1genes. Esta obra, junto a la nueva Terapia Intensiva y Unidad Coronaria, y a la remodelaci\u00f3n del \u00e1rea de admisi\u00f3n, egresos y derivaciones, forman parte del Plan Director de Infraestructura del Hospital que se dise\u00f1\u00f3 en 2016 y en el que esta gesti\u00f3n viene trabajando intensamente a\u00f1o tras a\u00f1o para concretar este proyecto de largo alcance.<\/p>\n\n\n\n<p>El aporte del programa Municipios de Pie para la adquisici\u00f3n del minib\u00fas, la Unidad de Traslado R\u00e1pido y el Tom\u00f3grafo ascendi\u00f3 a 56 millones de pesos, mientras que el Municipio utiliz\u00f3 fondos propios hasta completar la suma total desembolsada.<\/p>\n","protected":false},"excerpt":{"rendered":"<p>Servir\u00e1 para brindar el servicio de transporte entre la mencionada localidad y la ciudad de Trenque Lauquen<\/p>\n","protected":false},"author":2,"featured_media":99768,"comment_status":"closed","ping_status":"open","sticky":false,"template":"","format":"standard","meta":{"footnotes":""},"categories":[1613],"tags":[7041],"class_list":["post-99767","post","type-post","status-publish","format-standard","has-post-thumbnail","hentry","category-noticia-secundaria","tag-programa-municipios-de-pie"],"yoast_head":"<!-- This site is optimized with the Yoast SEO plugin v23.4 - https:\/\/yoast.com\/wordpress\/plugins\/seo\/ -->\n<title>Fern\u00e1ndez y Badino entregar\u00e1n un minib\u00fas a Beruti, el pr\u00f3ximo mi\u00e9rcoles - Infoecos<\/title>\n<meta name=\"robots\" content=\"index, follow, max-snippet:-1, max-image-preview:large, max-video-preview:-1\" \/>\n<link rel=\"canonical\" href=\"https:\/\/infoecos.com.ar\/index.php\/fernandez-y-badino-entregaran-un-minibus-a-beruti-el-proximo-miercoles\/\" \/>\n<meta property=\"og:locale\" content=\"es_ES\" \/>\n<meta property=\"og:type\" content=\"article\" \/>\n<meta property=\"og:title\" content=\"Fern\u00e1ndez y Badino entregar\u00e1n un minib\u00fas a Beruti, el pr\u00f3ximo mi\u00e9rcoles - Infoecos\" \/>\n<meta property=\"og:description\" content=\"Servir\u00e1 para brindar el servicio de transporte entre la mencionada localidad y la ciudad de Trenque Lauquen\" \/>\n<meta property=\"og:url\" content=\"https:\/\/infoecos.com.ar\/index.php\/fernandez-y-badino-entregaran-un-minibus-a-beruti-el-proximo-miercoles\/\" \/>\n<meta property=\"og:site_name\" content=\"Infoecos\" \/>\n<meta property=\"article:publisher\" content=\"https:\/\/www.facebook.com\/profile.php?id=100063200290284\" \/>\n<meta property=\"article:published_time\" content=\"2023-01-09T03:42:20+00:00\" \/>\n<meta property=\"article:modified_time\" content=\"2023-01-09T03:42:21+00:00\" \/>\n<meta property=\"og:image\" content=\"https:\/\/infoecos.com.ar\/wp-content\/uploads\/2023\/01\/MINIBJUSPARABERUTI.jpg\" \/>\n\t<meta property=\"og:image:width\" content=\"960\" \/>\n\t<meta property=\"og:image:height\" content=\"720\" \/>\n\t<meta property=\"og:image:type\" content=\"image\/jpeg\" \/>\n<meta name=\"author\" content=\"Jorge Matheus\" \/>\n<meta name=\"twitter:card\" content=\"summary_large_image\" \/>\n<meta name=\"twitter:creator\" content=\"@infoecos\" \/>\n<meta name=\"twitter:site\" content=\"@infoecos\" \/>\n<meta name=\"twitter:label1\" content=\"Escrito por\" \/>\n\t<meta name=\"twitter:data1\" content=\"Jorge Matheus\" \/>\n\t<meta name=\"twitter:label2\" content=\"Tiempo de lectura\" \/>\n\t<meta name=\"twitter:data2\" content=\"3 minutos\" \/>\n<script type=\"application\/ld+json\" class=\"yoast-schema-graph\">{\"@context\":\"https:\/\/schema.org\",\"@graph\":[{\"@type\":\"Article\",\"@id\":\"https:\/\/infoecos.com.ar\/index.php\/fernandez-y-badino-entregaran-un-minibus-a-beruti-el-proximo-miercoles\/#article\",\"isPartOf\":{\"@id\":\"https:\/\/infoecos.com.ar\/index.php\/fernandez-y-badino-entregaran-un-minibus-a-beruti-el-proximo-miercoles\/\"},\"author\":{\"name\":\"Jorge Matheus\",\"@id\":\"https:\/\/infoecos.com.ar\/#\/schema\/person\/8f5ace5ce73b4b4aac4b7245aee6f191\"},\"headline\":\"Fern\u00e1ndez y Badino entregar\u00e1n un minib\u00fas a Beruti, el pr\u00f3ximo mi\u00e9rcoles\",\"datePublished\":\"2023-01-09T03:42:20+00:00\",\"dateModified\":\"2023-01-09T03:42:21+00:00\",\"mainEntityOfPage\":{\"@id\":\"https:\/\/infoecos.com.ar\/index.php\/fernandez-y-badino-entregaran-un-minibus-a-beruti-el-proximo-miercoles\/\"},\"wordCount\":497,\"publisher\":{\"@id\":\"https:\/\/infoecos.com.ar\/#organization\"},\"image\":{\"@id\":\"https:\/\/infoecos.com.ar\/index.php\/fernandez-y-badino-entregaran-un-minibus-a-beruti-el-proximo-miercoles\/#primaryimage\"},\"thumbnailUrl\":\"https:\/\/infoecos.com.ar\/wp-content\/uploads\/2023\/01\/MINIBJUSPARABERUTI.jpg\",\"keywords\":[\"PROGRAMA MUNICIPIOS DE PIE\"],\"articleSection\":[\"Noticia Secundaria\"],\"inLanguage\":\"es\"},{\"@type\":\"WebPage\",\"@id\":\"https:\/\/infoecos.com.ar\/index.php\/fernandez-y-badino-entregaran-un-minibus-a-beruti-el-proximo-miercoles\/\",\"url\":\"https:\/\/infoecos.com.ar\/index.php\/fernandez-y-badino-entregaran-un-minibus-a-beruti-el-proximo-miercoles\/\",\"name\":\"Fern\u00e1ndez y Badino entregar\u00e1n un minib\u00fas a Beruti, el pr\u00f3ximo mi\u00e9rcoles - Infoecos\",\"isPartOf\":{\"@id\":\"https:\/\/infoecos.com.ar\/#website\"},\"primaryImageOfPage\":{\"@id\":\"https:\/\/infoecos.com.ar\/index.php\/fernandez-y-badino-entregaran-un-minibus-a-beruti-el-proximo-miercoles\/#primaryimage\"},\"image\":{\"@id\":\"https:\/\/infoecos.com.ar\/index.php\/fernandez-y-badino-entregaran-un-minibus-a-beruti-el-proximo-miercoles\/#primaryimage\"},\"thumbnailUrl\":\"https:\/\/infoecos.com.ar\/wp-content\/uploads\/2023\/01\/MINIBJUSPARABERUTI.jpg\",\"datePublished\":\"2023-01-09T03:42:20+00:00\",\"dateModified\":\"2023-01-09T03:42:21+00:00\",\"breadcrumb\":{\"@id\":\"https:\/\/infoecos.com.ar\/index.php\/fernandez-y-badino-entregaran-un-minibus-a-beruti-el-proximo-miercoles\/#breadcrumb\"},\"inLanguage\":\"es\",\"potentialAction\":[{\"@type\":\"ReadAction\",\"target\":[\"https:\/\/infoecos.com.ar\/index.php\/fernandez-y-badino-entregaran-un-minibus-a-beruti-el-proximo-miercoles\/\"]}]},{\"@type\":\"ImageObject\",\"inLanguage\":\"es\",\"@id\":\"https:\/\/infoecos.com.ar\/index.php\/fernandez-y-badino-entregaran-un-minibus-a-beruti-el-proximo-miercoles\/#primaryimage\",\"url\":\"https:\/\/infoecos.com.ar\/wp-content\/uploads\/2023\/01\/MINIBJUSPARABERUTI.jpg\",\"contentUrl\":\"https:\/\/infoecos.com.ar\/wp-content\/uploads\/2023\/01\/MINIBJUSPARABERUTI.jpg\",\"width\":960,\"height\":720},{\"@type\":\"BreadcrumbList\",\"@id\":\"https:\/\/infoecos.com.ar\/index.php\/fernandez-y-badino-entregaran-un-minibus-a-beruti-el-proximo-miercoles\/#breadcrumb\",\"itemListElement\":[{\"@type\":\"ListItem\",\"position\":1,\"name\":\"Portada\",\"item\":\"https:\/\/infoecos.com.ar\/\"},{\"@type\":\"ListItem\",\"position\":2,\"name\":\"Fern\u00e1ndez y Badino entregar\u00e1n un minib\u00fas a Beruti, el pr\u00f3ximo mi\u00e9rcoles\"}]},{\"@type\":\"WebSite\",\"@id\":\"https:\/\/infoecos.com.ar\/#website\",\"url\":\"https:\/\/infoecos.com.ar\/\",\"name\":\"Infoecos\",\"description\":\"Noticias de trenque lauquen y la zona\",\"publisher\":{\"@id\":\"https:\/\/infoecos.com.ar\/#organization\"},\"alternateName\":\"Noticias\",\"potentialAction\":[{\"@type\":\"SearchAction\",\"target\":{\"@type\":\"EntryPoint\",\"urlTemplate\":\"https:\/\/infoecos.com.ar\/?s={search_term_string}\"},\"query-input\":{\"@type\":\"PropertyValueSpecification\",\"valueRequired\":true,\"valueName\":\"search_term_string\"}}],\"inLanguage\":\"es\"},{\"@type\":\"Organization\",\"@id\":\"https:\/\/infoecos.com.ar\/#organization\",\"name\":\"Infoecos\",\"alternateName\":\"Noticias\",\"url\":\"https:\/\/infoecos.com.ar\/\",\"logo\":{\"@type\":\"ImageObject\",\"inLanguage\":\"es\",\"@id\":\"https:\/\/infoecos.com.ar\/#\/schema\/logo\/image\/\",\"url\":\"https:\/\/infoecos.com.ar\/wp-content\/uploads\/2024\/03\/cropped-logo.png\",\"contentUrl\":\"https:\/\/infoecos.com.ar\/wp-content\/uploads\/2024\/03\/cropped-logo.png\",\"width\":374,\"height\":90,\"caption\":\"Infoecos\"},\"image\":{\"@id\":\"https:\/\/infoecos.com.ar\/#\/schema\/logo\/image\/\"},\"sameAs\":[\"https:\/\/www.facebook.com\/profile.php?id=100063200290284\",\"https:\/\/x.com\/infoecos\"]},{\"@type\":\"Person\",\"@id\":\"https:\/\/infoecos.com.ar\/#\/schema\/person\/8f5ace5ce73b4b4aac4b7245aee6f191\",\"name\":\"Jorge Matheus\",\"url\":\"https:\/\/infoecos.com.ar\/index.php\/author\/jomatheus\/\"}]}<\/script>\n<!-- \/ Yoast SEO plugin. -->","yoast_head_json":{"title":"Fern\u00e1ndez y Badino entregar\u00e1n un minib\u00fas a Beruti, el pr\u00f3ximo mi\u00e9rcoles - Infoecos","robots":{"index":"index","follow":"follow","max-snippet":"max-snippet:-1","max-image-preview":"max-image-preview:large","max-video-preview":"max-video-preview:-1"},"canonical":"https:\/\/infoecos.com.ar\/index.php\/fernandez-y-badino-entregaran-un-minibus-a-beruti-el-proximo-miercoles\/","og_locale":"es_ES","og_type":"article","og_title":"Fern\u00e1ndez y Badino entregar\u00e1n un minib\u00fas a Beruti, el pr\u00f3ximo mi\u00e9rcoles - Infoecos","og_description":"Servir\u00e1 para brindar el servicio de transporte entre la mencionada localidad y la ciudad de Trenque Lauquen","og_url":"https:\/\/infoecos.com.ar\/index.php\/fernandez-y-badino-entregaran-un-minibus-a-beruti-el-proximo-miercoles\/","og_site_name":"Infoecos","article_publisher":"https:\/\/www.facebook.com\/profile.php?id=100063200290284","article_published_time":"2023-01-09T03:42:20+00:00","article_modified_time":"2023-01-09T03:42:21+00:00","og_image":[{"width":960,"height":720,"url":"https:\/\/infoecos.com.ar\/wp-content\/uploads\/2023\/01\/MINIBJUSPARABERUTI.jpg","type":"image\/jpeg"}],"author":"Jorge Matheus","twitter_card":"summary_large_image","twitter_creator":"@infoecos","twitter_site":"@infoecos","twitter_misc":{"Escrito por":"Jorge Matheus","Tiempo de lectura":"3 minutos"},"schema":{"@context":"https:\/\/schema.org","@graph":[{"@type":"Article","@id":"https:\/\/infoecos.com.ar\/index.php\/fernandez-y-badino-entregaran-un-minibus-a-beruti-el-proximo-miercoles\/#article","isPartOf":{"@id":"https:\/\/infoecos.com.ar\/index.php\/fernandez-y-badino-entregaran-un-minibus-a-beruti-el-proximo-miercoles\/"},"author":{"name":"Jorge Matheus","@id":"https:\/\/infoecos.com.ar\/#\/schema\/person\/8f5ace5ce73b4b4aac4b7245aee6f191"},"headline":"Fern\u00e1ndez y Badino entregar\u00e1n un minib\u00fas a Beruti, el pr\u00f3ximo mi\u00e9rcoles","datePublished":"2023-01-09T03:42:20+00:00","dateModified":"2023-01-09T03:42:21+00:00","mainEntityOfPage":{"@id":"https:\/\/infoecos.com.ar\/index.php\/fernandez-y-badino-entregaran-un-minibus-a-beruti-el-proximo-miercoles\/"},"wordCount":497,"publisher":{"@id":"https:\/\/infoecos.com.ar\/#organization"},"image":{"@id":"https:\/\/infoecos.com.ar\/index.php\/fernandez-y-badino-entregaran-un-minibus-a-beruti-el-proximo-miercoles\/#primaryimage"},"thumbnailUrl":"https:\/\/infoecos.com.ar\/wp-content\/uploads\/2023\/01\/MINIBJUSPARABERUTI.jpg","keywords":["PROGRAMA MUNICIPIOS DE PIE"],"articleSection":["Noticia Secundaria"],"inLanguage":"es"},{"@type":"WebPage","@id":"https:\/\/infoecos.com.ar\/index.php\/fernandez-y-badino-entregaran-un-minibus-a-beruti-el-proximo-miercoles\/","url":"https:\/\/infoecos.com.ar\/index.php\/fernandez-y-badino-entregaran-un-minibus-a-beruti-el-proximo-miercoles\/","name":"Fern\u00e1ndez y Badino entregar\u00e1n un minib\u00fas a Beruti, el pr\u00f3ximo mi\u00e9rcoles - Infoecos","isPartOf":{"@id":"https:\/\/infoecos.com.ar\/#website"},"primaryImageOfPage":{"@id":"https:\/\/infoecos.com.ar\/index.php\/fernandez-y-badino-entregaran-un-minibus-a-beruti-el-proximo-miercoles\/#primaryimage"},"image":{"@id":"https:\/\/infoecos.com.ar\/index.php\/fernandez-y-badino-entregaran-un-minibus-a-beruti-el-proximo-miercoles\/#primaryimage"},"thumbnailUrl":"https:\/\/infoecos.com.ar\/wp-content\/uploads\/2023\/01\/MINIBJUSPARABERUTI.jpg","datePublished":"2023-01-09T03:42:20+00:00","dateModified":"2023-01-09T03:42:21+00:00","breadcrumb":{"@id":"https:\/\/infoecos.com.ar\/index.php\/fernandez-y-badino-entregaran-un-minibus-a-beruti-el-proximo-miercoles\/#breadcrumb"},"inLanguage":"es","potentialAction":[{"@type":"ReadAction","target":["https:\/\/infoecos.com.ar\/index.php\/fernandez-y-badino-entregaran-un-minibus-a-beruti-el-proximo-miercoles\/"]}]},{"@type":"ImageObject","inLanguage":"es","@id":"https:\/\/infoecos.com.ar\/index.php\/fernandez-y-badino-entregaran-un-minibus-a-beruti-el-proximo-miercoles\/#primaryimage","url":"https:\/\/infoecos.com.ar\/wp-content\/uploads\/2023\/01\/MINIBJUSPARABERUTI.jpg","contentUrl":"https:\/\/infoecos.com.ar\/wp-content\/uploads\/2023\/01\/MINIBJUSPARABERUTI.jpg","width":960,"height":720},{"@type":"BreadcrumbList","@id":"https:\/\/infoecos.com.ar\/index.php\/fernandez-y-badino-entregaran-un-minibus-a-beruti-el-proximo-miercoles\/#breadcrumb","itemListElement":[{"@type":"ListItem","position":1,"name":"Portada","item":"https:\/\/infoecos.com.ar\/"},{"@type":"ListItem","position":2,"name":"Fern\u00e1ndez y Badino entregar\u00e1n un minib\u00fas a Beruti, el pr\u00f3ximo mi\u00e9rcoles"}]},{"@type":"WebSite","@id":"https:\/\/infoecos.com.ar\/#website","url":"https:\/\/infoecos.com.ar\/","name":"Infoecos","description":"Noticias de trenque lauquen y la zona","publisher":{"@id":"https:\/\/infoecos.com.ar\/#organization"},"alternateName":"Noticias","potentialAction":[{"@type":"SearchAction","target":{"@type":"EntryPoint","urlTemplate":"https:\/\/infoecos.com.ar\/?s={search_term_string}"},"query-input":{"@type":"PropertyValueSpecification","valueRequired":true,"valueName":"search_term_string"}}],"inLanguage":"es"},{"@type":"Organization","@id":"https:\/\/infoecos.com.ar\/#organization","name":"Infoecos","alternateName":"Noticias","url":"https:\/\/infoecos.com.ar\/","logo":{"@type":"ImageObject","inLanguage":"es","@id":"https:\/\/infoecos.com.ar\/#\/schema\/logo\/image\/","url":"https:\/\/infoecos.com.ar\/wp-content\/uploads\/2024\/03\/cropped-logo.png","contentUrl":"https:\/\/infoecos.com.ar\/wp-content\/uploads\/2024\/03\/cropped-logo.png","width":374,"height":90,"caption":"Infoecos"},"image":{"@id":"https:\/\/infoecos.com.ar\/#\/schema\/logo\/image\/"},"sameAs":["https:\/\/www.facebook.com\/profile.php?id=100063200290284","https:\/\/x.com\/infoecos"]},{"@type":"Person","@id":"https:\/\/infoecos.com.ar\/#\/schema\/person\/8f5ace5ce73b4b4aac4b7245aee6f191","name":"Jorge Matheus","url":"https:\/\/infoecos.com.ar\/index.php\/author\/jomatheus\/"}]}},"featured_image_urls":{"full":["https:\/\/infoecos.com.ar\/wp-content\/uploads\/2023\/01\/MINIBJUSPARABERUTI.jpg",960,720,false],"thumbnail":["https:\/\/infoecos.com.ar\/wp-content\/uploads\/2023\/01\/MINIBJUSPARABERUTI-300x150.jpg",300,150,true],"medium":["https:\/\/infoecos.com.ar\/wp-content\/uploads\/2023\/01\/MINIBJUSPARABERUTI-800x600.jpg",800,600,true],"medium_large":["https:\/\/infoecos.com.ar\/wp-content\/uploads\/2023\/01\/MINIBJUSPARABERUTI-768x576.jpg",640,480,true],"large":["https:\/\/infoecos.com.ar\/wp-content\/uploads\/2023\/01\/MINIBJUSPARABERUTI.jpg",640,480,false],"1536x1536":["https:\/\/infoecos.com.ar\/wp-content\/uploads\/2023\/01\/MINIBJUSPARABERUTI.jpg",960,720,false],"2048x2048":["https:\/\/infoecos.com.ar\/wp-content\/uploads\/2023\/01\/MINIBJUSPARABERUTI.jpg",960,720,false],"covernews-slider-full":["https:\/\/infoecos.com.ar\/wp-content\/uploads\/2023\/01\/MINIBJUSPARABERUTI.jpg",953,715,false],"covernews-slider-center":["https:\/\/infoecos.com.ar\/wp-content\/uploads\/2023\/01\/MINIBJUSPARABERUTI-936x720.jpg",650,500,true],"covernews-featured":["https:\/\/infoecos.com.ar\/wp-content\/uploads\/2023\/01\/MINIBJUSPARABERUTI.jpg",960,720,false],"covernews-medium":["https:\/\/infoecos.com.ar\/wp-content\/uploads\/2023\/01\/MINIBJUSPARABERUTI-720x380.jpg",540,285,true],"covernews-medium-square":["https:\/\/infoecos.com.ar\/wp-content\/uploads\/2023\/01\/MINIBJUSPARABERUTI-675x450.jpg",375,250,true]},"author_info":{"info":["Jorge Matheus"]},"category_info":"<a href=\"https:\/\/infoecos.com.ar\/index.php\/category\/noticia-secundaria\/\" rel=\"category tag\">Noticia Secundaria<\/a>","tag_info":"Noticia Secundaria","comment_count":"0","_links":{"self":[{"href":"https:\/\/infoecos.com.ar\/index.php\/wp-json\/wp\/v2\/posts\/99767"}],"collection":[{"href":"https:\/\/infoecos.com.ar\/index.php\/wp-json\/wp\/v2\/posts"}],"about":[{"href":"https:\/\/infoecos.com.ar\/index.php\/wp-json\/wp\/v2\/types\/post"}],"author":[{"embeddable":true,"href":"https:\/\/infoecos.com.ar\/index.php\/wp-json\/wp\/v2\/users\/2"}],"replies":[{"embeddable":true,"href":"https:\/\/infoecos.com.ar\/index.php\/wp-json\/wp\/v2\/comments?post=99767"}],"version-history":[{"count":1,"href":"https:\/\/infoecos.com.ar\/index.php\/wp-json\/wp\/v2\/posts\/99767\/revisions"}],"predecessor-version":[{"id":99769,"href":"https:\/\/infoecos.com.ar\/index.php\/wp-json\/wp\/v2\/posts\/99767\/revisions\/99769"}],"wp:featuredmedia":[{"embeddable":true,"href":"https:\/\/infoecos.com.ar\/index.php\/wp-json\/wp\/v2\/media\/99768"}],"wp:attachment":[{"href":"https:\/\/infoecos.com.ar\/index.php\/wp-json\/wp\/v2\/media?parent=99767"}],"wp:term":[{"taxonomy":"category","embeddable":true,"href":"https:\/\/infoecos.com.ar\/index.php\/wp-json\/wp\/v2\/categories?post=99767"},{"taxonomy":"post_tag","embeddable":true,"href":"https:\/\/infoecos.com.ar\/index.php\/wp-json\/wp\/v2\/tags?post=99767"}],"curies":[{"name":"wp","href":"https:\/\/api.w.org\/{rel}","templated":true}]}}