{"id":99773,"date":"2023-01-09T00:55:56","date_gmt":"2023-01-09T03:55:56","guid":{"rendered":"https:\/\/infoecos.com.ar\/?p=99773"},"modified":"2023-01-11T02:07:31","modified_gmt":"2023-01-11T05:07:31","slug":"el-diputado-miranda-pide-a-kicillof-medidas-para-el-sector-lechero","status":"publish","type":"post","link":"https:\/\/infoecos.com.ar\/index.php\/el-diputado-miranda-pide-a-kicillof-medidas-para-el-sector-lechero\/","title":{"rendered":"El diputado Miranda pide a Kicillof medidas para el sector lechero"},"content":{"rendered":"\n<p>El diputado de Juntos por el Cambio, Valent\u00edn Miranda, present\u00f3 un proyecto en la Legislatura bonaerense alertando sobre la crisis que atraviesan los tambos y los productores lecheros de la provincia de Buenos Aires, muchos en situaci\u00f3n de \u201cquebranto\u201d.<\/p>\n\n\n\n<figure class=\"wp-block-image aligncenter size-full is-resized\"><img loading=\"lazy\" decoding=\"async\" src=\"https:\/\/infoecos.com.ar\/wp-content\/uploads\/2021\/08\/Valentin-Miranda-banca-Diputados.jpg\" alt=\"\" class=\"wp-image-82529\" width=\"410\" height=\"273\" srcset=\"https:\/\/infoecos.com.ar\/wp-content\/uploads\/2021\/08\/Valentin-Miranda-banca-Diputados.jpg 855w, https:\/\/infoecos.com.ar\/wp-content\/uploads\/2021\/08\/Valentin-Miranda-banca-Diputados-460x307.jpg 460w, https:\/\/infoecos.com.ar\/wp-content\/uploads\/2021\/08\/Valentin-Miranda-banca-Diputados-768x512.jpg 768w, https:\/\/infoecos.com.ar\/wp-content\/uploads\/2021\/08\/Valentin-Miranda-banca-Diputados-675x450.jpg 675w\" sizes=\"(max-width: 410px) 100vw, 410px\" \/><\/figure>\n\n\n\n<p>El legislador expres\u00f3 su \u201cprofunda preocupaci\u00f3n por la cr\u00edtica situaci\u00f3n que atraviesa el sector lechero\u201d e inst\u00f3 al gobernador Axel Kicillof a que instrumente medidas para \u201cpaliar los efectos de la actual coyuntura\u201d.<\/p>\n\n\n\n<p>\u201cLas C\u00e1maras de productores vienen remarcando al un\u00edsono que muchos de ellos corren el riesgo de dejar de funcionar, dado que desde hace 14 meses se encuentran en una situaci\u00f3n de quebranto, absorbido en un 80% por la cadena primaria\u201d, argument\u00f3 Miranda en el proyecto ingresado el pasado martes a la C\u00e1mara de Diputados bonaerense.<\/p>\n\n\n\n<p>Seg\u00fan estudios que analiz\u00f3 Miranda, s\u00f3lo la puesta en marcha del d\u00f3lar soja y el impacto de la sequ\u00eda en territorio bonaerense, \u201cincrementaron los costos totales de la producci\u00f3n entre un 15 y un 20%, lo cual podr\u00eda dejar afuera de la actividad a los tambos m\u00e1s vulnerables, que generalmente son familiares y muy tradicionales en el interior\u201d.<\/p>\n\n\n\n<p>El legislador de la UCR bonaerense, oriundo de Trenque Lauquen, remarca tambi\u00e9n en su proyecto que \u201cel precio de la leche, que en noviembre de 2022 fue de $51.59 por litro, viene aumentando por debajo de la inflaci\u00f3n, completando el panorama que demuestra la gravedad de la situaci\u00f3n\u201d.<\/p>\n\n\n\n<p>\u201cConsiderando que se habla de p\u00e9rdida de tambos, de fuentes de trabajo y actividad, resulta oportuno que el Poder Ejecutivo provincial en coordinaci\u00f3n con su par nacional, ejecute medidas en forma urgente para paliar la situaci\u00f3n\u201d, manifiesta Miranda en el texto legislativo, a modo de pedido urgente.<\/p>\n","protected":false},"excerpt":{"rendered":"<p>El legislador expres\u00f3 su \u201cprofunda preocupaci\u00f3n por la cr\u00edtica situaci\u00f3n que atraviesa el sector lechero\u201d e inst\u00f3 al gobernador Axel Kicillof a que instrumente medidas para \u201cpaliar los efectos de la actual coyuntura\u201d<\/p>\n","protected":false},"author":2,"featured_media":74658,"comment_status":"closed","ping_status":"open","sticky":false,"template":"","format":"standard","meta":{"footnotes":""},"categories":[1614],"tags":[7043],"class_list":["post-99773","post","type-post","status-publish","format-standard","has-post-thumbnail","hentry","category-c2nota7","tag-proyecto-legislatura"],"yoast_head":"<!-- This site is optimized with the Yoast SEO plugin v23.4 - https:\/\/yoast.com\/wordpress\/plugins\/seo\/ -->\n<title>El diputado Miranda pide a Kicillof medidas para el sector lechero - Infoecos<\/title>\n<meta name=\"robots\" content=\"index, follow, max-snippet:-1, max-image-preview:large, max-video-preview:-1\" \/>\n<link rel=\"canonical\" href=\"https:\/\/infoecos.com.ar\/index.php\/el-diputado-miranda-pide-a-kicillof-medidas-para-el-sector-lechero\/\" \/>\n<meta property=\"og:locale\" content=\"es_ES\" \/>\n<meta property=\"og:type\" content=\"article\" \/>\n<meta property=\"og:title\" content=\"El diputado Miranda pide a Kicillof medidas para el sector lechero - Infoecos\" \/>\n<meta property=\"og:description\" content=\"El legislador expres\u00f3 su \u201cprofunda preocupaci\u00f3n por la cr\u00edtica situaci\u00f3n que atraviesa el sector lechero\u201d e inst\u00f3 al gobernador Axel Kicillof a que instrumente medidas para \u201cpaliar los efectos de la actual coyuntura\u201d\" \/>\n<meta property=\"og:url\" content=\"https:\/\/infoecos.com.ar\/index.php\/el-diputado-miranda-pide-a-kicillof-medidas-para-el-sector-lechero\/\" \/>\n<meta property=\"og:site_name\" content=\"Infoecos\" \/>\n<meta property=\"article:publisher\" content=\"https:\/\/www.facebook.com\/profile.php?id=100063200290284\" \/>\n<meta property=\"article:published_time\" content=\"2023-01-09T03:55:56+00:00\" \/>\n<meta property=\"article:modified_time\" content=\"2023-01-11T05:07:31+00:00\" \/>\n<meta property=\"og:image\" content=\"https:\/\/infoecos.com.ar\/wp-content\/uploads\/2021\/02\/mirandavalentin.jpg\" \/>\n\t<meta property=\"og:image:width\" content=\"480\" \/>\n\t<meta property=\"og:image:height\" content=\"300\" \/>\n\t<meta property=\"og:image:type\" content=\"image\/jpeg\" \/>\n<meta name=\"author\" content=\"Jorge Matheus\" \/>\n<meta name=\"twitter:card\" content=\"summary_large_image\" \/>\n<meta name=\"twitter:creator\" content=\"@infoecos\" \/>\n<meta name=\"twitter:site\" content=\"@infoecos\" \/>\n<meta name=\"twitter:label1\" content=\"Escrito por\" \/>\n\t<meta name=\"twitter:data1\" content=\"Jorge Matheus\" \/>\n\t<meta name=\"twitter:label2\" content=\"Tiempo de lectura\" \/>\n\t<meta name=\"twitter:data2\" content=\"2 minutos\" \/>\n<script type=\"application\/ld+json\" class=\"yoast-schema-graph\">{\"@context\":\"https:\/\/schema.org\",\"@graph\":[{\"@type\":\"Article\",\"@id\":\"https:\/\/infoecos.com.ar\/index.php\/el-diputado-miranda-pide-a-kicillof-medidas-para-el-sector-lechero\/#article\",\"isPartOf\":{\"@id\":\"https:\/\/infoecos.com.ar\/index.php\/el-diputado-miranda-pide-a-kicillof-medidas-para-el-sector-lechero\/\"},\"author\":{\"name\":\"Jorge Matheus\",\"@id\":\"https:\/\/infoecos.com.ar\/#\/schema\/person\/8f5ace5ce73b4b4aac4b7245aee6f191\"},\"headline\":\"El diputado Miranda pide a Kicillof medidas para el sector lechero\",\"datePublished\":\"2023-01-09T03:55:56+00:00\",\"dateModified\":\"2023-01-11T05:07:31+00:00\",\"mainEntityOfPage\":{\"@id\":\"https:\/\/infoecos.com.ar\/index.php\/el-diputado-miranda-pide-a-kicillof-medidas-para-el-sector-lechero\/\"},\"wordCount\":307,\"publisher\":{\"@id\":\"https:\/\/infoecos.com.ar\/#organization\"},\"image\":{\"@id\":\"https:\/\/infoecos.com.ar\/index.php\/el-diputado-miranda-pide-a-kicillof-medidas-para-el-sector-lechero\/#primaryimage\"},\"thumbnailUrl\":\"https:\/\/infoecos.com.ar\/wp-content\/uploads\/2021\/02\/mirandavalentin.jpg\",\"keywords\":[\"PROYECTO LEGISLATURA\"],\"articleSection\":[\"C2 N7\"],\"inLanguage\":\"es\"},{\"@type\":\"WebPage\",\"@id\":\"https:\/\/infoecos.com.ar\/index.php\/el-diputado-miranda-pide-a-kicillof-medidas-para-el-sector-lechero\/\",\"url\":\"https:\/\/infoecos.com.ar\/index.php\/el-diputado-miranda-pide-a-kicillof-medidas-para-el-sector-lechero\/\",\"name\":\"El diputado Miranda pide a Kicillof medidas para el sector lechero - Infoecos\",\"isPartOf\":{\"@id\":\"https:\/\/infoecos.com.ar\/#website\"},\"primaryImageOfPage\":{\"@id\":\"https:\/\/infoecos.com.ar\/index.php\/el-diputado-miranda-pide-a-kicillof-medidas-para-el-sector-lechero\/#primaryimage\"},\"image\":{\"@id\":\"https:\/\/infoecos.com.ar\/index.php\/el-diputado-miranda-pide-a-kicillof-medidas-para-el-sector-lechero\/#primaryimage\"},\"thumbnailUrl\":\"https:\/\/infoecos.com.ar\/wp-content\/uploads\/2021\/02\/mirandavalentin.jpg\",\"datePublished\":\"2023-01-09T03:55:56+00:00\",\"dateModified\":\"2023-01-11T05:07:31+00:00\",\"breadcrumb\":{\"@id\":\"https:\/\/infoecos.com.ar\/index.php\/el-diputado-miranda-pide-a-kicillof-medidas-para-el-sector-lechero\/#breadcrumb\"},\"inLanguage\":\"es\",\"potentialAction\":[{\"@type\":\"ReadAction\",\"target\":[\"https:\/\/infoecos.com.ar\/index.php\/el-diputado-miranda-pide-a-kicillof-medidas-para-el-sector-lechero\/\"]}]},{\"@type\":\"ImageObject\",\"inLanguage\":\"es\",\"@id\":\"https:\/\/infoecos.com.ar\/index.php\/el-diputado-miranda-pide-a-kicillof-medidas-para-el-sector-lechero\/#primaryimage\",\"url\":\"https:\/\/infoecos.com.ar\/wp-content\/uploads\/2021\/02\/mirandavalentin.jpg\",\"contentUrl\":\"https:\/\/infoecos.com.ar\/wp-content\/uploads\/2021\/02\/mirandavalentin.jpg\",\"width\":480,\"height\":300},{\"@type\":\"BreadcrumbList\",\"@id\":\"https:\/\/infoecos.com.ar\/index.php\/el-diputado-miranda-pide-a-kicillof-medidas-para-el-sector-lechero\/#breadcrumb\",\"itemListElement\":[{\"@type\":\"ListItem\",\"position\":1,\"name\":\"Portada\",\"item\":\"https:\/\/infoecos.com.ar\/\"},{\"@type\":\"ListItem\",\"position\":2,\"name\":\"El diputado Miranda pide a Kicillof medidas para el sector lechero\"}]},{\"@type\":\"WebSite\",\"@id\":\"https:\/\/infoecos.com.ar\/#website\",\"url\":\"https:\/\/infoecos.com.ar\/\",\"name\":\"Infoecos\",\"description\":\"Noticias de trenque lauquen y la zona\",\"publisher\":{\"@id\":\"https:\/\/infoecos.com.ar\/#organization\"},\"alternateName\":\"Noticias\",\"potentialAction\":[{\"@type\":\"SearchAction\",\"target\":{\"@type\":\"EntryPoint\",\"urlTemplate\":\"https:\/\/infoecos.com.ar\/?s={search_term_string}\"},\"query-input\":{\"@type\":\"PropertyValueSpecification\",\"valueRequired\":true,\"valueName\":\"search_term_string\"}}],\"inLanguage\":\"es\"},{\"@type\":\"Organization\",\"@id\":\"https:\/\/infoecos.com.ar\/#organization\",\"name\":\"Infoecos\",\"alternateName\":\"Noticias\",\"url\":\"https:\/\/infoecos.com.ar\/\",\"logo\":{\"@type\":\"ImageObject\",\"inLanguage\":\"es\",\"@id\":\"https:\/\/infoecos.com.ar\/#\/schema\/logo\/image\/\",\"url\":\"https:\/\/infoecos.com.ar\/wp-content\/uploads\/2024\/03\/cropped-logo.png\",\"contentUrl\":\"https:\/\/infoecos.com.ar\/wp-content\/uploads\/2024\/03\/cropped-logo.png\",\"width\":374,\"height\":90,\"caption\":\"Infoecos\"},\"image\":{\"@id\":\"https:\/\/infoecos.com.ar\/#\/schema\/logo\/image\/\"},\"sameAs\":[\"https:\/\/www.facebook.com\/profile.php?id=100063200290284\",\"https:\/\/x.com\/infoecos\"]},{\"@type\":\"Person\",\"@id\":\"https:\/\/infoecos.com.ar\/#\/schema\/person\/8f5ace5ce73b4b4aac4b7245aee6f191\",\"name\":\"Jorge Matheus\",\"url\":\"https:\/\/infoecos.com.ar\/index.php\/author\/jomatheus\/\"}]}<\/script>\n<!-- \/ Yoast SEO plugin. -->","yoast_head_json":{"title":"El diputado Miranda pide a Kicillof medidas para el sector lechero - Infoecos","robots":{"index":"index","follow":"follow","max-snippet":"max-snippet:-1","max-image-preview":"max-image-preview:large","max-video-preview":"max-video-preview:-1"},"canonical":"https:\/\/infoecos.com.ar\/index.php\/el-diputado-miranda-pide-a-kicillof-medidas-para-el-sector-lechero\/","og_locale":"es_ES","og_type":"article","og_title":"El diputado Miranda pide a Kicillof medidas para el sector lechero - Infoecos","og_description":"El legislador expres\u00f3 su \u201cprofunda preocupaci\u00f3n por la cr\u00edtica situaci\u00f3n que atraviesa el sector lechero\u201d e inst\u00f3 al gobernador Axel Kicillof a que instrumente medidas para \u201cpaliar los efectos de la actual coyuntura\u201d","og_url":"https:\/\/infoecos.com.ar\/index.php\/el-diputado-miranda-pide-a-kicillof-medidas-para-el-sector-lechero\/","og_site_name":"Infoecos","article_publisher":"https:\/\/www.facebook.com\/profile.php?id=100063200290284","article_published_time":"2023-01-09T03:55:56+00:00","article_modified_time":"2023-01-11T05:07:31+00:00","og_image":[{"width":480,"height":300,"url":"https:\/\/infoecos.com.ar\/wp-content\/uploads\/2021\/02\/mirandavalentin.jpg","type":"image\/jpeg"}],"author":"Jorge Matheus","twitter_card":"summary_large_image","twitter_creator":"@infoecos","twitter_site":"@infoecos","twitter_misc":{"Escrito por":"Jorge Matheus","Tiempo de lectura":"2 minutos"},"schema":{"@context":"https:\/\/schema.org","@graph":[{"@type":"Article","@id":"https:\/\/infoecos.com.ar\/index.php\/el-diputado-miranda-pide-a-kicillof-medidas-para-el-sector-lechero\/#article","isPartOf":{"@id":"https:\/\/infoecos.com.ar\/index.php\/el-diputado-miranda-pide-a-kicillof-medidas-para-el-sector-lechero\/"},"author":{"name":"Jorge Matheus","@id":"https:\/\/infoecos.com.ar\/#\/schema\/person\/8f5ace5ce73b4b4aac4b7245aee6f191"},"headline":"El diputado Miranda pide a Kicillof medidas para el sector lechero","datePublished":"2023-01-09T03:55:56+00:00","dateModified":"2023-01-11T05:07:31+00:00","mainEntityOfPage":{"@id":"https:\/\/infoecos.com.ar\/index.php\/el-diputado-miranda-pide-a-kicillof-medidas-para-el-sector-lechero\/"},"wordCount":307,"publisher":{"@id":"https:\/\/infoecos.com.ar\/#organization"},"image":{"@id":"https:\/\/infoecos.com.ar\/index.php\/el-diputado-miranda-pide-a-kicillof-medidas-para-el-sector-lechero\/#primaryimage"},"thumbnailUrl":"https:\/\/infoecos.com.ar\/wp-content\/uploads\/2021\/02\/mirandavalentin.jpg","keywords":["PROYECTO LEGISLATURA"],"articleSection":["C2 N7"],"inLanguage":"es"},{"@type":"WebPage","@id":"https:\/\/infoecos.com.ar\/index.php\/el-diputado-miranda-pide-a-kicillof-medidas-para-el-sector-lechero\/","url":"https:\/\/infoecos.com.ar\/index.php\/el-diputado-miranda-pide-a-kicillof-medidas-para-el-sector-lechero\/","name":"El diputado Miranda pide a Kicillof medidas para el sector lechero - Infoecos","isPartOf":{"@id":"https:\/\/infoecos.com.ar\/#website"},"primaryImageOfPage":{"@id":"https:\/\/infoecos.com.ar\/index.php\/el-diputado-miranda-pide-a-kicillof-medidas-para-el-sector-lechero\/#primaryimage"},"image":{"@id":"https:\/\/infoecos.com.ar\/index.php\/el-diputado-miranda-pide-a-kicillof-medidas-para-el-sector-lechero\/#primaryimage"},"thumbnailUrl":"https:\/\/infoecos.com.ar\/wp-content\/uploads\/2021\/02\/mirandavalentin.jpg","datePublished":"2023-01-09T03:55:56+00:00","dateModified":"2023-01-11T05:07:31+00:00","breadcrumb":{"@id":"https:\/\/infoecos.com.ar\/index.php\/el-diputado-miranda-pide-a-kicillof-medidas-para-el-sector-lechero\/#breadcrumb"},"inLanguage":"es","potentialAction":[{"@type":"ReadAction","target":["https:\/\/infoecos.com.ar\/index.php\/el-diputado-miranda-pide-a-kicillof-medidas-para-el-sector-lechero\/"]}]},{"@type":"ImageObject","inLanguage":"es","@id":"https:\/\/infoecos.com.ar\/index.php\/el-diputado-miranda-pide-a-kicillof-medidas-para-el-sector-lechero\/#primaryimage","url":"https:\/\/infoecos.com.ar\/wp-content\/uploads\/2021\/02\/mirandavalentin.jpg","contentUrl":"https:\/\/infoecos.com.ar\/wp-content\/uploads\/2021\/02\/mirandavalentin.jpg","width":480,"height":300},{"@type":"BreadcrumbList","@id":"https:\/\/infoecos.com.ar\/index.php\/el-diputado-miranda-pide-a-kicillof-medidas-para-el-sector-lechero\/#breadcrumb","itemListElement":[{"@type":"ListItem","position":1,"name":"Portada","item":"https:\/\/infoecos.com.ar\/"},{"@type":"ListItem","position":2,"name":"El diputado Miranda pide a Kicillof medidas para el sector lechero"}]},{"@type":"WebSite","@id":"https:\/\/infoecos.com.ar\/#website","url":"https:\/\/infoecos.com.ar\/","name":"Infoecos","description":"Noticias de trenque lauquen y la zona","publisher":{"@id":"https:\/\/infoecos.com.ar\/#organization"},"alternateName":"Noticias","potentialAction":[{"@type":"SearchAction","target":{"@type":"EntryPoint","urlTemplate":"https:\/\/infoecos.com.ar\/?s={search_term_string}"},"query-input":{"@type":"PropertyValueSpecification","valueRequired":true,"valueName":"search_term_string"}}],"inLanguage":"es"},{"@type":"Organization","@id":"https:\/\/infoecos.com.ar\/#organization","name":"Infoecos","alternateName":"Noticias","url":"https:\/\/infoecos.com.ar\/","logo":{"@type":"ImageObject","inLanguage":"es","@id":"https:\/\/infoecos.com.ar\/#\/schema\/logo\/image\/","url":"https:\/\/infoecos.com.ar\/wp-content\/uploads\/2024\/03\/cropped-logo.png","contentUrl":"https:\/\/infoecos.com.ar\/wp-content\/uploads\/2024\/03\/cropped-logo.png","width":374,"height":90,"caption":"Infoecos"},"image":{"@id":"https:\/\/infoecos.com.ar\/#\/schema\/logo\/image\/"},"sameAs":["https:\/\/www.facebook.com\/profile.php?id=100063200290284","https:\/\/x.com\/infoecos"]},{"@type":"Person","@id":"https:\/\/infoecos.com.ar\/#\/schema\/person\/8f5ace5ce73b4b4aac4b7245aee6f191","name":"Jorge Matheus","url":"https:\/\/infoecos.com.ar\/index.php\/author\/jomatheus\/"}]}},"featured_image_urls":{"full":["https:\/\/infoecos.com.ar\/wp-content\/uploads\/2021\/02\/mirandavalentin.jpg",480,300,false],"thumbnail":["https:\/\/infoecos.com.ar\/wp-content\/uploads\/2021\/02\/mirandavalentin-150x150.jpg",150,150,true],"medium":["https:\/\/infoecos.com.ar\/wp-content\/uploads\/2021\/02\/mirandavalentin-460x288.jpg",460,288,true],"medium_large":["https:\/\/infoecos.com.ar\/wp-content\/uploads\/2021\/02\/mirandavalentin.jpg",480,300,false],"large":["https:\/\/infoecos.com.ar\/wp-content\/uploads\/2021\/02\/mirandavalentin.jpg",480,300,false],"1536x1536":["https:\/\/infoecos.com.ar\/wp-content\/uploads\/2021\/02\/mirandavalentin.jpg",480,300,false],"2048x2048":["https:\/\/infoecos.com.ar\/wp-content\/uploads\/2021\/02\/mirandavalentin.jpg",480,300,false],"covernews-slider-full":["https:\/\/infoecos.com.ar\/wp-content\/uploads\/2021\/02\/mirandavalentin.jpg",480,300,false],"covernews-slider-center":["https:\/\/infoecos.com.ar\/wp-content\/uploads\/2021\/02\/mirandavalentin.jpg",480,300,false],"covernews-featured":["https:\/\/infoecos.com.ar\/wp-content\/uploads\/2021\/02\/mirandavalentin.jpg",480,300,false],"covernews-medium":["https:\/\/infoecos.com.ar\/wp-content\/uploads\/2021\/02\/mirandavalentin.jpg",480,300,false],"covernews-medium-square":["https:\/\/infoecos.com.ar\/wp-content\/uploads\/2021\/02\/mirandavalentin.jpg",400,250,false]},"author_info":{"info":["Jorge Matheus"]},"category_info":"<a href=\"https:\/\/infoecos.com.ar\/index.php\/category\/c2nota7\/\" rel=\"category tag\">C2 N7<\/a>","tag_info":"C2 N7","comment_count":"0","_links":{"self":[{"href":"https:\/\/infoecos.com.ar\/index.php\/wp-json\/wp\/v2\/posts\/99773"}],"collection":[{"href":"https:\/\/infoecos.com.ar\/index.php\/wp-json\/wp\/v2\/posts"}],"about":[{"href":"https:\/\/infoecos.com.ar\/index.php\/wp-json\/wp\/v2\/types\/post"}],"author":[{"embeddable":true,"href":"https:\/\/infoecos.com.ar\/index.php\/wp-json\/wp\/v2\/users\/2"}],"replies":[{"embeddable":true,"href":"https:\/\/infoecos.com.ar\/index.php\/wp-json\/wp\/v2\/comments?post=99773"}],"version-history":[{"count":1,"href":"https:\/\/infoecos.com.ar\/index.php\/wp-json\/wp\/v2\/posts\/99773\/revisions"}],"predecessor-version":[{"id":99774,"href":"https:\/\/infoecos.com.ar\/index.php\/wp-json\/wp\/v2\/posts\/99773\/revisions\/99774"}],"wp:featuredmedia":[{"embeddable":true,"href":"https:\/\/infoecos.com.ar\/index.php\/wp-json\/wp\/v2\/media\/74658"}],"wp:attachment":[{"href":"https:\/\/infoecos.com.ar\/index.php\/wp-json\/wp\/v2\/media?parent=99773"}],"wp:term":[{"taxonomy":"category","embeddable":true,"href":"https:\/\/infoecos.com.ar\/index.php\/wp-json\/wp\/v2\/categories?post=99773"},{"taxonomy":"post_tag","embeddable":true,"href":"https:\/\/infoecos.com.ar\/index.php\/wp-json\/wp\/v2\/tags?post=99773"}],"curies":[{"name":"wp","href":"https:\/\/api.w.org\/{rel}","templated":true}]}}