{"id":99782,"date":"2023-01-09T01:33:17","date_gmt":"2023-01-09T04:33:17","guid":{"rendered":"https:\/\/infoecos.com.ar\/?p=99782"},"modified":"2023-01-09T01:34:46","modified_gmt":"2023-01-09T04:34:46","slug":"la-temperatura-maxima-en-trenque-lauquen-este-domingo-se-registro-a-las-15-horas","status":"publish","type":"post","link":"https:\/\/infoecos.com.ar\/index.php\/la-temperatura-maxima-en-trenque-lauquen-este-domingo-se-registro-a-las-15-horas\/","title":{"rendered":"La temperatura m\u00e1xima en Trenque Lauquen, este domingo, se registr\u00f3 a las 15 horas"},"content":{"rendered":"\n<p>La m\u00e1xima temperatura de este domingo en Trenque Lauquen se registr\u00f3 a las 15 horas y fue de 37 grados 3 d\u00e9cimas.<\/p>\n\n\n\n<p>La temperatura m\u00ednima se verific\u00f3 a las 06.00 y fue de 20 grados 4.<\/p>\n\n\n\n<p>El viento prevaleci\u00f3 del Este Nor Este con r\u00e1fagas de hasta 29 kil\u00f3metros 4.<\/p>\n\n\n\n<p>En tanto, el pron\u00f3stico del tiempo anticipa temperaturas muy altas para este lunes y martes. Llegar\u00eda a los 38 grados la m\u00e1xima, mientras que se estiman lluvias para horas de la tarde del martes y el mi\u00e9rcoles por la ma\u00f1ana. <\/p>\n\n\n\n<p><\/p>\n","protected":false},"excerpt":{"rendered":"<p>Se estiman lluvias para horas de la tarde del martes y el mi\u00e9rcoles por la ma\u00f1ana. <\/p>\n","protected":false},"author":2,"featured_media":99755,"comment_status":"closed","ping_status":"open","sticky":false,"template":"","format":"standard","meta":{"footnotes":""},"categories":[28],"tags":[7046],"class_list":["post-99782","post","type-post","status-publish","format-standard","has-post-thumbnail","hentry","category-c1nota1","tag-37-grados-3-decimas"],"yoast_head":"<!-- This site is optimized with the Yoast SEO plugin v23.4 - https:\/\/yoast.com\/wordpress\/plugins\/seo\/ -->\n<title>La temperatura m\u00e1xima en Trenque Lauquen, este domingo, se registr\u00f3 a las 15 horas - Infoecos<\/title>\n<meta name=\"robots\" content=\"index, follow, max-snippet:-1, max-image-preview:large, max-video-preview:-1\" \/>\n<link rel=\"canonical\" href=\"https:\/\/infoecos.com.ar\/index.php\/la-temperatura-maxima-en-trenque-lauquen-este-domingo-se-registro-a-las-15-horas\/\" \/>\n<meta property=\"og:locale\" content=\"es_ES\" \/>\n<meta property=\"og:type\" content=\"article\" \/>\n<meta property=\"og:title\" content=\"La temperatura m\u00e1xima en Trenque Lauquen, este domingo, se registr\u00f3 a las 15 horas - Infoecos\" \/>\n<meta property=\"og:description\" content=\"Se estiman lluvias para horas de la tarde del martes y el mi\u00e9rcoles por la ma\u00f1ana.\" \/>\n<meta property=\"og:url\" content=\"https:\/\/infoecos.com.ar\/index.php\/la-temperatura-maxima-en-trenque-lauquen-este-domingo-se-registro-a-las-15-horas\/\" \/>\n<meta property=\"og:site_name\" content=\"Infoecos\" \/>\n<meta property=\"article:publisher\" content=\"https:\/\/www.facebook.com\/profile.php?id=100063200290284\" \/>\n<meta property=\"article:published_time\" content=\"2023-01-09T04:33:17+00:00\" \/>\n<meta property=\"article:modified_time\" content=\"2023-01-09T04:34:46+00:00\" \/>\n<meta property=\"og:image\" content=\"https:\/\/infoecos.com.ar\/wp-content\/uploads\/2023\/01\/image-28.png\" \/>\n\t<meta property=\"og:image:width\" content=\"257\" \/>\n\t<meta property=\"og:image:height\" content=\"256\" \/>\n\t<meta property=\"og:image:type\" content=\"image\/png\" \/>\n<meta name=\"author\" content=\"Jorge Matheus\" \/>\n<meta name=\"twitter:card\" content=\"summary_large_image\" \/>\n<meta name=\"twitter:creator\" content=\"@infoecos\" \/>\n<meta name=\"twitter:site\" content=\"@infoecos\" \/>\n<meta name=\"twitter:label1\" content=\"Escrito por\" \/>\n\t<meta name=\"twitter:data1\" content=\"Jorge Matheus\" \/>\n\t<meta name=\"twitter:label2\" content=\"Tiempo de lectura\" \/>\n\t<meta name=\"twitter:data2\" content=\"1 minuto\" \/>\n<script type=\"application\/ld+json\" class=\"yoast-schema-graph\">{\"@context\":\"https:\/\/schema.org\",\"@graph\":[{\"@type\":\"Article\",\"@id\":\"https:\/\/infoecos.com.ar\/index.php\/la-temperatura-maxima-en-trenque-lauquen-este-domingo-se-registro-a-las-15-horas\/#article\",\"isPartOf\":{\"@id\":\"https:\/\/infoecos.com.ar\/index.php\/la-temperatura-maxima-en-trenque-lauquen-este-domingo-se-registro-a-las-15-horas\/\"},\"author\":{\"name\":\"Jorge Matheus\",\"@id\":\"https:\/\/infoecos.com.ar\/#\/schema\/person\/8f5ace5ce73b4b4aac4b7245aee6f191\"},\"headline\":\"La temperatura m\u00e1xima en Trenque Lauquen, este domingo, se registr\u00f3 a las 15 horas\",\"datePublished\":\"2023-01-09T04:33:17+00:00\",\"dateModified\":\"2023-01-09T04:34:46+00:00\",\"mainEntityOfPage\":{\"@id\":\"https:\/\/infoecos.com.ar\/index.php\/la-temperatura-maxima-en-trenque-lauquen-este-domingo-se-registro-a-las-15-horas\/\"},\"wordCount\":105,\"publisher\":{\"@id\":\"https:\/\/infoecos.com.ar\/#organization\"},\"image\":{\"@id\":\"https:\/\/infoecos.com.ar\/index.php\/la-temperatura-maxima-en-trenque-lauquen-este-domingo-se-registro-a-las-15-horas\/#primaryimage\"},\"thumbnailUrl\":\"https:\/\/infoecos.com.ar\/wp-content\/uploads\/2023\/01\/image-28.png\",\"keywords\":[\"37 grados 3 d\u00e9cimas\"],\"articleSection\":[\"C1 N1\"],\"inLanguage\":\"es\"},{\"@type\":\"WebPage\",\"@id\":\"https:\/\/infoecos.com.ar\/index.php\/la-temperatura-maxima-en-trenque-lauquen-este-domingo-se-registro-a-las-15-horas\/\",\"url\":\"https:\/\/infoecos.com.ar\/index.php\/la-temperatura-maxima-en-trenque-lauquen-este-domingo-se-registro-a-las-15-horas\/\",\"name\":\"La temperatura m\u00e1xima en Trenque Lauquen, este domingo, se registr\u00f3 a las 15 horas - Infoecos\",\"isPartOf\":{\"@id\":\"https:\/\/infoecos.com.ar\/#website\"},\"primaryImageOfPage\":{\"@id\":\"https:\/\/infoecos.com.ar\/index.php\/la-temperatura-maxima-en-trenque-lauquen-este-domingo-se-registro-a-las-15-horas\/#primaryimage\"},\"image\":{\"@id\":\"https:\/\/infoecos.com.ar\/index.php\/la-temperatura-maxima-en-trenque-lauquen-este-domingo-se-registro-a-las-15-horas\/#primaryimage\"},\"thumbnailUrl\":\"https:\/\/infoecos.com.ar\/wp-content\/uploads\/2023\/01\/image-28.png\",\"datePublished\":\"2023-01-09T04:33:17+00:00\",\"dateModified\":\"2023-01-09T04:34:46+00:00\",\"breadcrumb\":{\"@id\":\"https:\/\/infoecos.com.ar\/index.php\/la-temperatura-maxima-en-trenque-lauquen-este-domingo-se-registro-a-las-15-horas\/#breadcrumb\"},\"inLanguage\":\"es\",\"potentialAction\":[{\"@type\":\"ReadAction\",\"target\":[\"https:\/\/infoecos.com.ar\/index.php\/la-temperatura-maxima-en-trenque-lauquen-este-domingo-se-registro-a-las-15-horas\/\"]}]},{\"@type\":\"ImageObject\",\"inLanguage\":\"es\",\"@id\":\"https:\/\/infoecos.com.ar\/index.php\/la-temperatura-maxima-en-trenque-lauquen-este-domingo-se-registro-a-las-15-horas\/#primaryimage\",\"url\":\"https:\/\/infoecos.com.ar\/wp-content\/uploads\/2023\/01\/image-28.png\",\"contentUrl\":\"https:\/\/infoecos.com.ar\/wp-content\/uploads\/2023\/01\/image-28.png\",\"width\":257,\"height\":256},{\"@type\":\"BreadcrumbList\",\"@id\":\"https:\/\/infoecos.com.ar\/index.php\/la-temperatura-maxima-en-trenque-lauquen-este-domingo-se-registro-a-las-15-horas\/#breadcrumb\",\"itemListElement\":[{\"@type\":\"ListItem\",\"position\":1,\"name\":\"Portada\",\"item\":\"https:\/\/infoecos.com.ar\/\"},{\"@type\":\"ListItem\",\"position\":2,\"name\":\"La temperatura m\u00e1xima en Trenque Lauquen, este domingo, se registr\u00f3 a las 15 horas\"}]},{\"@type\":\"WebSite\",\"@id\":\"https:\/\/infoecos.com.ar\/#website\",\"url\":\"https:\/\/infoecos.com.ar\/\",\"name\":\"Infoecos\",\"description\":\"Noticias de trenque lauquen y la zona\",\"publisher\":{\"@id\":\"https:\/\/infoecos.com.ar\/#organization\"},\"alternateName\":\"Noticias\",\"potentialAction\":[{\"@type\":\"SearchAction\",\"target\":{\"@type\":\"EntryPoint\",\"urlTemplate\":\"https:\/\/infoecos.com.ar\/?s={search_term_string}\"},\"query-input\":{\"@type\":\"PropertyValueSpecification\",\"valueRequired\":true,\"valueName\":\"search_term_string\"}}],\"inLanguage\":\"es\"},{\"@type\":\"Organization\",\"@id\":\"https:\/\/infoecos.com.ar\/#organization\",\"name\":\"Infoecos\",\"alternateName\":\"Noticias\",\"url\":\"https:\/\/infoecos.com.ar\/\",\"logo\":{\"@type\":\"ImageObject\",\"inLanguage\":\"es\",\"@id\":\"https:\/\/infoecos.com.ar\/#\/schema\/logo\/image\/\",\"url\":\"https:\/\/infoecos.com.ar\/wp-content\/uploads\/2024\/03\/cropped-logo.png\",\"contentUrl\":\"https:\/\/infoecos.com.ar\/wp-content\/uploads\/2024\/03\/cropped-logo.png\",\"width\":374,\"height\":90,\"caption\":\"Infoecos\"},\"image\":{\"@id\":\"https:\/\/infoecos.com.ar\/#\/schema\/logo\/image\/\"},\"sameAs\":[\"https:\/\/www.facebook.com\/profile.php?id=100063200290284\",\"https:\/\/x.com\/infoecos\"]},{\"@type\":\"Person\",\"@id\":\"https:\/\/infoecos.com.ar\/#\/schema\/person\/8f5ace5ce73b4b4aac4b7245aee6f191\",\"name\":\"Jorge Matheus\",\"url\":\"https:\/\/infoecos.com.ar\/index.php\/author\/jomatheus\/\"}]}<\/script>\n<!-- \/ Yoast SEO plugin. -->","yoast_head_json":{"title":"La temperatura m\u00e1xima en Trenque Lauquen, este domingo, se registr\u00f3 a las 15 horas - Infoecos","robots":{"index":"index","follow":"follow","max-snippet":"max-snippet:-1","max-image-preview":"max-image-preview:large","max-video-preview":"max-video-preview:-1"},"canonical":"https:\/\/infoecos.com.ar\/index.php\/la-temperatura-maxima-en-trenque-lauquen-este-domingo-se-registro-a-las-15-horas\/","og_locale":"es_ES","og_type":"article","og_title":"La temperatura m\u00e1xima en Trenque Lauquen, este domingo, se registr\u00f3 a las 15 horas - Infoecos","og_description":"Se estiman lluvias para horas de la tarde del martes y el mi\u00e9rcoles por la ma\u00f1ana.","og_url":"https:\/\/infoecos.com.ar\/index.php\/la-temperatura-maxima-en-trenque-lauquen-este-domingo-se-registro-a-las-15-horas\/","og_site_name":"Infoecos","article_publisher":"https:\/\/www.facebook.com\/profile.php?id=100063200290284","article_published_time":"2023-01-09T04:33:17+00:00","article_modified_time":"2023-01-09T04:34:46+00:00","og_image":[{"width":257,"height":256,"url":"https:\/\/infoecos.com.ar\/wp-content\/uploads\/2023\/01\/image-28.png","type":"image\/png"}],"author":"Jorge Matheus","twitter_card":"summary_large_image","twitter_creator":"@infoecos","twitter_site":"@infoecos","twitter_misc":{"Escrito por":"Jorge Matheus","Tiempo de lectura":"1 minuto"},"schema":{"@context":"https:\/\/schema.org","@graph":[{"@type":"Article","@id":"https:\/\/infoecos.com.ar\/index.php\/la-temperatura-maxima-en-trenque-lauquen-este-domingo-se-registro-a-las-15-horas\/#article","isPartOf":{"@id":"https:\/\/infoecos.com.ar\/index.php\/la-temperatura-maxima-en-trenque-lauquen-este-domingo-se-registro-a-las-15-horas\/"},"author":{"name":"Jorge Matheus","@id":"https:\/\/infoecos.com.ar\/#\/schema\/person\/8f5ace5ce73b4b4aac4b7245aee6f191"},"headline":"La temperatura m\u00e1xima en Trenque Lauquen, este domingo, se registr\u00f3 a las 15 horas","datePublished":"2023-01-09T04:33:17+00:00","dateModified":"2023-01-09T04:34:46+00:00","mainEntityOfPage":{"@id":"https:\/\/infoecos.com.ar\/index.php\/la-temperatura-maxima-en-trenque-lauquen-este-domingo-se-registro-a-las-15-horas\/"},"wordCount":105,"publisher":{"@id":"https:\/\/infoecos.com.ar\/#organization"},"image":{"@id":"https:\/\/infoecos.com.ar\/index.php\/la-temperatura-maxima-en-trenque-lauquen-este-domingo-se-registro-a-las-15-horas\/#primaryimage"},"thumbnailUrl":"https:\/\/infoecos.com.ar\/wp-content\/uploads\/2023\/01\/image-28.png","keywords":["37 grados 3 d\u00e9cimas"],"articleSection":["C1 N1"],"inLanguage":"es"},{"@type":"WebPage","@id":"https:\/\/infoecos.com.ar\/index.php\/la-temperatura-maxima-en-trenque-lauquen-este-domingo-se-registro-a-las-15-horas\/","url":"https:\/\/infoecos.com.ar\/index.php\/la-temperatura-maxima-en-trenque-lauquen-este-domingo-se-registro-a-las-15-horas\/","name":"La temperatura m\u00e1xima en Trenque Lauquen, este domingo, se registr\u00f3 a las 15 horas - Infoecos","isPartOf":{"@id":"https:\/\/infoecos.com.ar\/#website"},"primaryImageOfPage":{"@id":"https:\/\/infoecos.com.ar\/index.php\/la-temperatura-maxima-en-trenque-lauquen-este-domingo-se-registro-a-las-15-horas\/#primaryimage"},"image":{"@id":"https:\/\/infoecos.com.ar\/index.php\/la-temperatura-maxima-en-trenque-lauquen-este-domingo-se-registro-a-las-15-horas\/#primaryimage"},"thumbnailUrl":"https:\/\/infoecos.com.ar\/wp-content\/uploads\/2023\/01\/image-28.png","datePublished":"2023-01-09T04:33:17+00:00","dateModified":"2023-01-09T04:34:46+00:00","breadcrumb":{"@id":"https:\/\/infoecos.com.ar\/index.php\/la-temperatura-maxima-en-trenque-lauquen-este-domingo-se-registro-a-las-15-horas\/#breadcrumb"},"inLanguage":"es","potentialAction":[{"@type":"ReadAction","target":["https:\/\/infoecos.com.ar\/index.php\/la-temperatura-maxima-en-trenque-lauquen-este-domingo-se-registro-a-las-15-horas\/"]}]},{"@type":"ImageObject","inLanguage":"es","@id":"https:\/\/infoecos.com.ar\/index.php\/la-temperatura-maxima-en-trenque-lauquen-este-domingo-se-registro-a-las-15-horas\/#primaryimage","url":"https:\/\/infoecos.com.ar\/wp-content\/uploads\/2023\/01\/image-28.png","contentUrl":"https:\/\/infoecos.com.ar\/wp-content\/uploads\/2023\/01\/image-28.png","width":257,"height":256},{"@type":"BreadcrumbList","@id":"https:\/\/infoecos.com.ar\/index.php\/la-temperatura-maxima-en-trenque-lauquen-este-domingo-se-registro-a-las-15-horas\/#breadcrumb","itemListElement":[{"@type":"ListItem","position":1,"name":"Portada","item":"https:\/\/infoecos.com.ar\/"},{"@type":"ListItem","position":2,"name":"La temperatura m\u00e1xima en Trenque Lauquen, este domingo, se registr\u00f3 a las 15 horas"}]},{"@type":"WebSite","@id":"https:\/\/infoecos.com.ar\/#website","url":"https:\/\/infoecos.com.ar\/","name":"Infoecos","description":"Noticias de trenque lauquen y la zona","publisher":{"@id":"https:\/\/infoecos.com.ar\/#organization"},"alternateName":"Noticias","potentialAction":[{"@type":"SearchAction","target":{"@type":"EntryPoint","urlTemplate":"https:\/\/infoecos.com.ar\/?s={search_term_string}"},"query-input":{"@type":"PropertyValueSpecification","valueRequired":true,"valueName":"search_term_string"}}],"inLanguage":"es"},{"@type":"Organization","@id":"https:\/\/infoecos.com.ar\/#organization","name":"Infoecos","alternateName":"Noticias","url":"https:\/\/infoecos.com.ar\/","logo":{"@type":"ImageObject","inLanguage":"es","@id":"https:\/\/infoecos.com.ar\/#\/schema\/logo\/image\/","url":"https:\/\/infoecos.com.ar\/wp-content\/uploads\/2024\/03\/cropped-logo.png","contentUrl":"https:\/\/infoecos.com.ar\/wp-content\/uploads\/2024\/03\/cropped-logo.png","width":374,"height":90,"caption":"Infoecos"},"image":{"@id":"https:\/\/infoecos.com.ar\/#\/schema\/logo\/image\/"},"sameAs":["https:\/\/www.facebook.com\/profile.php?id=100063200290284","https:\/\/x.com\/infoecos"]},{"@type":"Person","@id":"https:\/\/infoecos.com.ar\/#\/schema\/person\/8f5ace5ce73b4b4aac4b7245aee6f191","name":"Jorge Matheus","url":"https:\/\/infoecos.com.ar\/index.php\/author\/jomatheus\/"}]}},"featured_image_urls":{"full":["https:\/\/infoecos.com.ar\/wp-content\/uploads\/2023\/01\/image-28.png",257,256,false],"thumbnail":["https:\/\/infoecos.com.ar\/wp-content\/uploads\/2023\/01\/image-28-257x150.png",257,150,true],"medium":["https:\/\/infoecos.com.ar\/wp-content\/uploads\/2023\/01\/image-28.png",257,256,false],"medium_large":["https:\/\/infoecos.com.ar\/wp-content\/uploads\/2023\/01\/image-28.png",257,256,false],"large":["https:\/\/infoecos.com.ar\/wp-content\/uploads\/2023\/01\/image-28.png",257,256,false],"1536x1536":["https:\/\/infoecos.com.ar\/wp-content\/uploads\/2023\/01\/image-28.png",257,256,false],"2048x2048":["https:\/\/infoecos.com.ar\/wp-content\/uploads\/2023\/01\/image-28.png",257,256,false],"covernews-slider-full":["https:\/\/infoecos.com.ar\/wp-content\/uploads\/2023\/01\/image-28.png",257,256,false],"covernews-slider-center":["https:\/\/infoecos.com.ar\/wp-content\/uploads\/2023\/01\/image-28.png",257,256,false],"covernews-featured":["https:\/\/infoecos.com.ar\/wp-content\/uploads\/2023\/01\/image-28.png",257,256,false],"covernews-medium":["https:\/\/infoecos.com.ar\/wp-content\/uploads\/2023\/01\/image-28.png",257,256,false],"covernews-medium-square":["https:\/\/infoecos.com.ar\/wp-content\/uploads\/2023\/01\/image-28.png",251,250,false]},"author_info":{"info":["Jorge Matheus"]},"category_info":"<a href=\"https:\/\/infoecos.com.ar\/index.php\/category\/c1nota1\/\" rel=\"category tag\">C1 N1<\/a>","tag_info":"C1 N1","comment_count":"0","_links":{"self":[{"href":"https:\/\/infoecos.com.ar\/index.php\/wp-json\/wp\/v2\/posts\/99782"}],"collection":[{"href":"https:\/\/infoecos.com.ar\/index.php\/wp-json\/wp\/v2\/posts"}],"about":[{"href":"https:\/\/infoecos.com.ar\/index.php\/wp-json\/wp\/v2\/types\/post"}],"author":[{"embeddable":true,"href":"https:\/\/infoecos.com.ar\/index.php\/wp-json\/wp\/v2\/users\/2"}],"replies":[{"embeddable":true,"href":"https:\/\/infoecos.com.ar\/index.php\/wp-json\/wp\/v2\/comments?post=99782"}],"version-history":[{"count":3,"href":"https:\/\/infoecos.com.ar\/index.php\/wp-json\/wp\/v2\/posts\/99782\/revisions"}],"predecessor-version":[{"id":99786,"href":"https:\/\/infoecos.com.ar\/index.php\/wp-json\/wp\/v2\/posts\/99782\/revisions\/99786"}],"wp:featuredmedia":[{"embeddable":true,"href":"https:\/\/infoecos.com.ar\/index.php\/wp-json\/wp\/v2\/media\/99755"}],"wp:attachment":[{"href":"https:\/\/infoecos.com.ar\/index.php\/wp-json\/wp\/v2\/media?parent=99782"}],"wp:term":[{"taxonomy":"category","embeddable":true,"href":"https:\/\/infoecos.com.ar\/index.php\/wp-json\/wp\/v2\/categories?post=99782"},{"taxonomy":"post_tag","embeddable":true,"href":"https:\/\/infoecos.com.ar\/index.php\/wp-json\/wp\/v2\/tags?post=99782"}],"curies":[{"name":"wp","href":"https:\/\/api.w.org\/{rel}","templated":true}]}}