{"id":99789,"date":"2023-01-09T01:46:54","date_gmt":"2023-01-09T04:46:54","guid":{"rendered":"https:\/\/infoecos.com.ar\/?p=99789"},"modified":"2023-01-09T01:47:20","modified_gmt":"2023-01-09T04:47:20","slug":"el-equipo-conducido-por-juan-martin-zubia-gano-la-copa-de-bronca-en-el-polo-club-t-lauquen","status":"publish","type":"post","link":"https:\/\/infoecos.com.ar\/index.php\/el-equipo-conducido-por-juan-martin-zubia-gano-la-copa-de-bronca-en-el-polo-club-t-lauquen\/","title":{"rendered":"El equipo conducido por Juan Mart\u00edn Zub\u00eda gan\u00f3 la Copa de Bronce en el Polo Club T.Lauquen"},"content":{"rendered":"\n<p>El equipo conformado por Francisco Bernardi (Mvp); Santiago Bueno; Ignacio Goyeneche y Juan Martin Zub\u00eda, obtuvo la COPA DE BRONCE que estaba en juego el pasado fin de semana en el Polo Club de Trenque Lauquen, donde estuvieron Cambiaso, padre e hijo, como as\u00ed tambien Pel\u00f3n Stirling y Juan Mart\u00edn Nero. <\/p>\n\n\n\n<p>El cuarteto vencedor se impuso al constitu\u00eddo por Gabriel Garcia Harrington; Matias Gregorini; <br>Juan Pedro Grippo y  Juan Martin Nero.<\/p>\n\n\n\n<figure class=\"wp-block-image aligncenter size-full\"><img loading=\"lazy\" decoding=\"async\" width=\"720\" height=\"576\" src=\"https:\/\/infoecos.com.ar\/wp-content\/uploads\/2023\/01\/image-34.png\" alt=\"\" class=\"wp-image-99790\"\/><\/figure>\n","protected":false},"excerpt":{"rendered":"<p>El cuarteto vencedor se impuso al constitu\u00eddo por Gabriel Garcia Harrington; Matias Gregorini;<br \/>\nJuan Pedro Grippo y  Juan Martin Nero<\/p>\n","protected":false},"author":2,"featured_media":99791,"comment_status":"closed","ping_status":"open","sticky":false,"template":"","format":"standard","meta":{"footnotes":""},"categories":[47],"tags":[7048],"class_list":["post-99789","post","type-post","status-publish","format-standard","has-post-thumbnail","hentry","category-c3nota2","tag-los-cambiaso-no-llegaron-a-la-final"],"yoast_head":"<!-- This site is optimized with the Yoast SEO plugin v23.4 - https:\/\/yoast.com\/wordpress\/plugins\/seo\/ -->\n<title>El equipo conducido por Juan Mart\u00edn Zub\u00eda gan\u00f3 la Copa de Bronce en el Polo Club T.Lauquen - Infoecos<\/title>\n<meta name=\"robots\" content=\"index, follow, max-snippet:-1, max-image-preview:large, max-video-preview:-1\" \/>\n<link rel=\"canonical\" href=\"https:\/\/infoecos.com.ar\/index.php\/el-equipo-conducido-por-juan-martin-zubia-gano-la-copa-de-bronca-en-el-polo-club-t-lauquen\/\" \/>\n<meta property=\"og:locale\" content=\"es_ES\" \/>\n<meta property=\"og:type\" content=\"article\" \/>\n<meta property=\"og:title\" content=\"El equipo conducido por Juan Mart\u00edn Zub\u00eda gan\u00f3 la Copa de Bronce en el Polo Club T.Lauquen - Infoecos\" \/>\n<meta property=\"og:description\" content=\"El cuarteto vencedor se impuso al constitu\u00eddo por Gabriel Garcia Harrington; Matias Gregorini; Juan Pedro Grippo y Juan Martin Nero\" \/>\n<meta property=\"og:url\" content=\"https:\/\/infoecos.com.ar\/index.php\/el-equipo-conducido-por-juan-martin-zubia-gano-la-copa-de-bronca-en-el-polo-club-t-lauquen\/\" \/>\n<meta property=\"og:site_name\" content=\"Infoecos\" \/>\n<meta property=\"article:publisher\" content=\"https:\/\/www.facebook.com\/profile.php?id=100063200290284\" \/>\n<meta property=\"article:published_time\" content=\"2023-01-09T04:46:54+00:00\" \/>\n<meta property=\"article:modified_time\" content=\"2023-01-09T04:47:20+00:00\" \/>\n<meta property=\"og:image\" content=\"https:\/\/infoecos.com.ar\/wp-content\/uploads\/2023\/01\/image-35.png\" \/>\n\t<meta property=\"og:image:width\" content=\"720\" \/>\n\t<meta property=\"og:image:height\" content=\"576\" \/>\n\t<meta property=\"og:image:type\" content=\"image\/png\" \/>\n<meta name=\"author\" content=\"Jorge Matheus\" \/>\n<meta name=\"twitter:card\" content=\"summary_large_image\" \/>\n<meta name=\"twitter:creator\" content=\"@infoecos\" \/>\n<meta name=\"twitter:site\" content=\"@infoecos\" \/>\n<meta name=\"twitter:label1\" content=\"Escrito por\" \/>\n\t<meta name=\"twitter:data1\" content=\"Jorge Matheus\" \/>\n\t<meta name=\"twitter:label2\" content=\"Tiempo de lectura\" \/>\n\t<meta name=\"twitter:data2\" content=\"1 minuto\" \/>\n<script type=\"application\/ld+json\" class=\"yoast-schema-graph\">{\"@context\":\"https:\/\/schema.org\",\"@graph\":[{\"@type\":\"Article\",\"@id\":\"https:\/\/infoecos.com.ar\/index.php\/el-equipo-conducido-por-juan-martin-zubia-gano-la-copa-de-bronca-en-el-polo-club-t-lauquen\/#article\",\"isPartOf\":{\"@id\":\"https:\/\/infoecos.com.ar\/index.php\/el-equipo-conducido-por-juan-martin-zubia-gano-la-copa-de-bronca-en-el-polo-club-t-lauquen\/\"},\"author\":{\"name\":\"Jorge Matheus\",\"@id\":\"https:\/\/infoecos.com.ar\/#\/schema\/person\/8f5ace5ce73b4b4aac4b7245aee6f191\"},\"headline\":\"El equipo conducido por Juan Mart\u00edn Zub\u00eda gan\u00f3 la Copa de Bronce en el Polo Club T.Lauquen\",\"datePublished\":\"2023-01-09T04:46:54+00:00\",\"dateModified\":\"2023-01-09T04:47:20+00:00\",\"mainEntityOfPage\":{\"@id\":\"https:\/\/infoecos.com.ar\/index.php\/el-equipo-conducido-por-juan-martin-zubia-gano-la-copa-de-bronca-en-el-polo-club-t-lauquen\/\"},\"wordCount\":95,\"publisher\":{\"@id\":\"https:\/\/infoecos.com.ar\/#organization\"},\"image\":{\"@id\":\"https:\/\/infoecos.com.ar\/index.php\/el-equipo-conducido-por-juan-martin-zubia-gano-la-copa-de-bronca-en-el-polo-club-t-lauquen\/#primaryimage\"},\"thumbnailUrl\":\"https:\/\/infoecos.com.ar\/wp-content\/uploads\/2023\/01\/image-35.png\",\"keywords\":[\"LOS CAMBIASO NO LLEGARON A LA FINAL\"],\"articleSection\":[\"C3 N2\"],\"inLanguage\":\"es\"},{\"@type\":\"WebPage\",\"@id\":\"https:\/\/infoecos.com.ar\/index.php\/el-equipo-conducido-por-juan-martin-zubia-gano-la-copa-de-bronca-en-el-polo-club-t-lauquen\/\",\"url\":\"https:\/\/infoecos.com.ar\/index.php\/el-equipo-conducido-por-juan-martin-zubia-gano-la-copa-de-bronca-en-el-polo-club-t-lauquen\/\",\"name\":\"El equipo conducido por Juan Mart\u00edn Zub\u00eda gan\u00f3 la Copa de Bronce en el Polo Club T.Lauquen - Infoecos\",\"isPartOf\":{\"@id\":\"https:\/\/infoecos.com.ar\/#website\"},\"primaryImageOfPage\":{\"@id\":\"https:\/\/infoecos.com.ar\/index.php\/el-equipo-conducido-por-juan-martin-zubia-gano-la-copa-de-bronca-en-el-polo-club-t-lauquen\/#primaryimage\"},\"image\":{\"@id\":\"https:\/\/infoecos.com.ar\/index.php\/el-equipo-conducido-por-juan-martin-zubia-gano-la-copa-de-bronca-en-el-polo-club-t-lauquen\/#primaryimage\"},\"thumbnailUrl\":\"https:\/\/infoecos.com.ar\/wp-content\/uploads\/2023\/01\/image-35.png\",\"datePublished\":\"2023-01-09T04:46:54+00:00\",\"dateModified\":\"2023-01-09T04:47:20+00:00\",\"breadcrumb\":{\"@id\":\"https:\/\/infoecos.com.ar\/index.php\/el-equipo-conducido-por-juan-martin-zubia-gano-la-copa-de-bronca-en-el-polo-club-t-lauquen\/#breadcrumb\"},\"inLanguage\":\"es\",\"potentialAction\":[{\"@type\":\"ReadAction\",\"target\":[\"https:\/\/infoecos.com.ar\/index.php\/el-equipo-conducido-por-juan-martin-zubia-gano-la-copa-de-bronca-en-el-polo-club-t-lauquen\/\"]}]},{\"@type\":\"ImageObject\",\"inLanguage\":\"es\",\"@id\":\"https:\/\/infoecos.com.ar\/index.php\/el-equipo-conducido-por-juan-martin-zubia-gano-la-copa-de-bronca-en-el-polo-club-t-lauquen\/#primaryimage\",\"url\":\"https:\/\/infoecos.com.ar\/wp-content\/uploads\/2023\/01\/image-35.png\",\"contentUrl\":\"https:\/\/infoecos.com.ar\/wp-content\/uploads\/2023\/01\/image-35.png\",\"width\":720,\"height\":576},{\"@type\":\"BreadcrumbList\",\"@id\":\"https:\/\/infoecos.com.ar\/index.php\/el-equipo-conducido-por-juan-martin-zubia-gano-la-copa-de-bronca-en-el-polo-club-t-lauquen\/#breadcrumb\",\"itemListElement\":[{\"@type\":\"ListItem\",\"position\":1,\"name\":\"Portada\",\"item\":\"https:\/\/infoecos.com.ar\/\"},{\"@type\":\"ListItem\",\"position\":2,\"name\":\"El equipo conducido por Juan Mart\u00edn Zub\u00eda gan\u00f3 la Copa de Bronce en el Polo Club T.Lauquen\"}]},{\"@type\":\"WebSite\",\"@id\":\"https:\/\/infoecos.com.ar\/#website\",\"url\":\"https:\/\/infoecos.com.ar\/\",\"name\":\"Infoecos\",\"description\":\"Noticias de trenque lauquen y la zona\",\"publisher\":{\"@id\":\"https:\/\/infoecos.com.ar\/#organization\"},\"alternateName\":\"Noticias\",\"potentialAction\":[{\"@type\":\"SearchAction\",\"target\":{\"@type\":\"EntryPoint\",\"urlTemplate\":\"https:\/\/infoecos.com.ar\/?s={search_term_string}\"},\"query-input\":{\"@type\":\"PropertyValueSpecification\",\"valueRequired\":true,\"valueName\":\"search_term_string\"}}],\"inLanguage\":\"es\"},{\"@type\":\"Organization\",\"@id\":\"https:\/\/infoecos.com.ar\/#organization\",\"name\":\"Infoecos\",\"alternateName\":\"Noticias\",\"url\":\"https:\/\/infoecos.com.ar\/\",\"logo\":{\"@type\":\"ImageObject\",\"inLanguage\":\"es\",\"@id\":\"https:\/\/infoecos.com.ar\/#\/schema\/logo\/image\/\",\"url\":\"https:\/\/infoecos.com.ar\/wp-content\/uploads\/2024\/03\/cropped-logo.png\",\"contentUrl\":\"https:\/\/infoecos.com.ar\/wp-content\/uploads\/2024\/03\/cropped-logo.png\",\"width\":374,\"height\":90,\"caption\":\"Infoecos\"},\"image\":{\"@id\":\"https:\/\/infoecos.com.ar\/#\/schema\/logo\/image\/\"},\"sameAs\":[\"https:\/\/www.facebook.com\/profile.php?id=100063200290284\",\"https:\/\/x.com\/infoecos\"]},{\"@type\":\"Person\",\"@id\":\"https:\/\/infoecos.com.ar\/#\/schema\/person\/8f5ace5ce73b4b4aac4b7245aee6f191\",\"name\":\"Jorge Matheus\",\"url\":\"https:\/\/infoecos.com.ar\/index.php\/author\/jomatheus\/\"}]}<\/script>\n<!-- \/ Yoast SEO plugin. -->","yoast_head_json":{"title":"El equipo conducido por Juan Mart\u00edn Zub\u00eda gan\u00f3 la Copa de Bronce en el Polo Club T.Lauquen - Infoecos","robots":{"index":"index","follow":"follow","max-snippet":"max-snippet:-1","max-image-preview":"max-image-preview:large","max-video-preview":"max-video-preview:-1"},"canonical":"https:\/\/infoecos.com.ar\/index.php\/el-equipo-conducido-por-juan-martin-zubia-gano-la-copa-de-bronca-en-el-polo-club-t-lauquen\/","og_locale":"es_ES","og_type":"article","og_title":"El equipo conducido por Juan Mart\u00edn Zub\u00eda gan\u00f3 la Copa de Bronce en el Polo Club T.Lauquen - Infoecos","og_description":"El cuarteto vencedor se impuso al constitu\u00eddo por Gabriel Garcia Harrington; Matias Gregorini; Juan Pedro Grippo y Juan Martin Nero","og_url":"https:\/\/infoecos.com.ar\/index.php\/el-equipo-conducido-por-juan-martin-zubia-gano-la-copa-de-bronca-en-el-polo-club-t-lauquen\/","og_site_name":"Infoecos","article_publisher":"https:\/\/www.facebook.com\/profile.php?id=100063200290284","article_published_time":"2023-01-09T04:46:54+00:00","article_modified_time":"2023-01-09T04:47:20+00:00","og_image":[{"width":720,"height":576,"url":"https:\/\/infoecos.com.ar\/wp-content\/uploads\/2023\/01\/image-35.png","type":"image\/png"}],"author":"Jorge Matheus","twitter_card":"summary_large_image","twitter_creator":"@infoecos","twitter_site":"@infoecos","twitter_misc":{"Escrito por":"Jorge Matheus","Tiempo de lectura":"1 minuto"},"schema":{"@context":"https:\/\/schema.org","@graph":[{"@type":"Article","@id":"https:\/\/infoecos.com.ar\/index.php\/el-equipo-conducido-por-juan-martin-zubia-gano-la-copa-de-bronca-en-el-polo-club-t-lauquen\/#article","isPartOf":{"@id":"https:\/\/infoecos.com.ar\/index.php\/el-equipo-conducido-por-juan-martin-zubia-gano-la-copa-de-bronca-en-el-polo-club-t-lauquen\/"},"author":{"name":"Jorge Matheus","@id":"https:\/\/infoecos.com.ar\/#\/schema\/person\/8f5ace5ce73b4b4aac4b7245aee6f191"},"headline":"El equipo conducido por Juan Mart\u00edn Zub\u00eda gan\u00f3 la Copa de Bronce en el Polo Club T.Lauquen","datePublished":"2023-01-09T04:46:54+00:00","dateModified":"2023-01-09T04:47:20+00:00","mainEntityOfPage":{"@id":"https:\/\/infoecos.com.ar\/index.php\/el-equipo-conducido-por-juan-martin-zubia-gano-la-copa-de-bronca-en-el-polo-club-t-lauquen\/"},"wordCount":95,"publisher":{"@id":"https:\/\/infoecos.com.ar\/#organization"},"image":{"@id":"https:\/\/infoecos.com.ar\/index.php\/el-equipo-conducido-por-juan-martin-zubia-gano-la-copa-de-bronca-en-el-polo-club-t-lauquen\/#primaryimage"},"thumbnailUrl":"https:\/\/infoecos.com.ar\/wp-content\/uploads\/2023\/01\/image-35.png","keywords":["LOS CAMBIASO NO LLEGARON A LA FINAL"],"articleSection":["C3 N2"],"inLanguage":"es"},{"@type":"WebPage","@id":"https:\/\/infoecos.com.ar\/index.php\/el-equipo-conducido-por-juan-martin-zubia-gano-la-copa-de-bronca-en-el-polo-club-t-lauquen\/","url":"https:\/\/infoecos.com.ar\/index.php\/el-equipo-conducido-por-juan-martin-zubia-gano-la-copa-de-bronca-en-el-polo-club-t-lauquen\/","name":"El equipo conducido por Juan Mart\u00edn Zub\u00eda gan\u00f3 la Copa de Bronce en el Polo Club T.Lauquen - Infoecos","isPartOf":{"@id":"https:\/\/infoecos.com.ar\/#website"},"primaryImageOfPage":{"@id":"https:\/\/infoecos.com.ar\/index.php\/el-equipo-conducido-por-juan-martin-zubia-gano-la-copa-de-bronca-en-el-polo-club-t-lauquen\/#primaryimage"},"image":{"@id":"https:\/\/infoecos.com.ar\/index.php\/el-equipo-conducido-por-juan-martin-zubia-gano-la-copa-de-bronca-en-el-polo-club-t-lauquen\/#primaryimage"},"thumbnailUrl":"https:\/\/infoecos.com.ar\/wp-content\/uploads\/2023\/01\/image-35.png","datePublished":"2023-01-09T04:46:54+00:00","dateModified":"2023-01-09T04:47:20+00:00","breadcrumb":{"@id":"https:\/\/infoecos.com.ar\/index.php\/el-equipo-conducido-por-juan-martin-zubia-gano-la-copa-de-bronca-en-el-polo-club-t-lauquen\/#breadcrumb"},"inLanguage":"es","potentialAction":[{"@type":"ReadAction","target":["https:\/\/infoecos.com.ar\/index.php\/el-equipo-conducido-por-juan-martin-zubia-gano-la-copa-de-bronca-en-el-polo-club-t-lauquen\/"]}]},{"@type":"ImageObject","inLanguage":"es","@id":"https:\/\/infoecos.com.ar\/index.php\/el-equipo-conducido-por-juan-martin-zubia-gano-la-copa-de-bronca-en-el-polo-club-t-lauquen\/#primaryimage","url":"https:\/\/infoecos.com.ar\/wp-content\/uploads\/2023\/01\/image-35.png","contentUrl":"https:\/\/infoecos.com.ar\/wp-content\/uploads\/2023\/01\/image-35.png","width":720,"height":576},{"@type":"BreadcrumbList","@id":"https:\/\/infoecos.com.ar\/index.php\/el-equipo-conducido-por-juan-martin-zubia-gano-la-copa-de-bronca-en-el-polo-club-t-lauquen\/#breadcrumb","itemListElement":[{"@type":"ListItem","position":1,"name":"Portada","item":"https:\/\/infoecos.com.ar\/"},{"@type":"ListItem","position":2,"name":"El equipo conducido por Juan Mart\u00edn Zub\u00eda gan\u00f3 la Copa de Bronce en el Polo Club T.Lauquen"}]},{"@type":"WebSite","@id":"https:\/\/infoecos.com.ar\/#website","url":"https:\/\/infoecos.com.ar\/","name":"Infoecos","description":"Noticias de trenque lauquen y la zona","publisher":{"@id":"https:\/\/infoecos.com.ar\/#organization"},"alternateName":"Noticias","potentialAction":[{"@type":"SearchAction","target":{"@type":"EntryPoint","urlTemplate":"https:\/\/infoecos.com.ar\/?s={search_term_string}"},"query-input":{"@type":"PropertyValueSpecification","valueRequired":true,"valueName":"search_term_string"}}],"inLanguage":"es"},{"@type":"Organization","@id":"https:\/\/infoecos.com.ar\/#organization","name":"Infoecos","alternateName":"Noticias","url":"https:\/\/infoecos.com.ar\/","logo":{"@type":"ImageObject","inLanguage":"es","@id":"https:\/\/infoecos.com.ar\/#\/schema\/logo\/image\/","url":"https:\/\/infoecos.com.ar\/wp-content\/uploads\/2024\/03\/cropped-logo.png","contentUrl":"https:\/\/infoecos.com.ar\/wp-content\/uploads\/2024\/03\/cropped-logo.png","width":374,"height":90,"caption":"Infoecos"},"image":{"@id":"https:\/\/infoecos.com.ar\/#\/schema\/logo\/image\/"},"sameAs":["https:\/\/www.facebook.com\/profile.php?id=100063200290284","https:\/\/x.com\/infoecos"]},{"@type":"Person","@id":"https:\/\/infoecos.com.ar\/#\/schema\/person\/8f5ace5ce73b4b4aac4b7245aee6f191","name":"Jorge Matheus","url":"https:\/\/infoecos.com.ar\/index.php\/author\/jomatheus\/"}]}},"featured_image_urls":{"full":["https:\/\/infoecos.com.ar\/wp-content\/uploads\/2023\/01\/image-35.png",720,576,false],"thumbnail":["https:\/\/infoecos.com.ar\/wp-content\/uploads\/2023\/01\/image-35-300x150.png",300,150,true],"medium":["https:\/\/infoecos.com.ar\/wp-content\/uploads\/2023\/01\/image-35.png",720,576,false],"medium_large":["https:\/\/infoecos.com.ar\/wp-content\/uploads\/2023\/01\/image-35.png",640,512,false],"large":["https:\/\/infoecos.com.ar\/wp-content\/uploads\/2023\/01\/image-35.png",640,512,false],"1536x1536":["https:\/\/infoecos.com.ar\/wp-content\/uploads\/2023\/01\/image-35.png",720,576,false],"2048x2048":["https:\/\/infoecos.com.ar\/wp-content\/uploads\/2023\/01\/image-35.png",720,576,false],"covernews-slider-full":["https:\/\/infoecos.com.ar\/wp-content\/uploads\/2023\/01\/image-35.png",720,576,false],"covernews-slider-center":["https:\/\/infoecos.com.ar\/wp-content\/uploads\/2023\/01\/image-35.png",625,500,false],"covernews-featured":["https:\/\/infoecos.com.ar\/wp-content\/uploads\/2023\/01\/image-35.png",720,576,false],"covernews-medium":["https:\/\/infoecos.com.ar\/wp-content\/uploads\/2023\/01\/image-35-720x380.png",540,285,true],"covernews-medium-square":["https:\/\/infoecos.com.ar\/wp-content\/uploads\/2023\/01\/image-35-675x450.png",375,250,true]},"author_info":{"info":["Jorge Matheus"]},"category_info":"<a href=\"https:\/\/infoecos.com.ar\/index.php\/category\/c3nota2\/\" rel=\"category tag\">C3 N2<\/a>","tag_info":"C3 N2","comment_count":"0","_links":{"self":[{"href":"https:\/\/infoecos.com.ar\/index.php\/wp-json\/wp\/v2\/posts\/99789"}],"collection":[{"href":"https:\/\/infoecos.com.ar\/index.php\/wp-json\/wp\/v2\/posts"}],"about":[{"href":"https:\/\/infoecos.com.ar\/index.php\/wp-json\/wp\/v2\/types\/post"}],"author":[{"embeddable":true,"href":"https:\/\/infoecos.com.ar\/index.php\/wp-json\/wp\/v2\/users\/2"}],"replies":[{"embeddable":true,"href":"https:\/\/infoecos.com.ar\/index.php\/wp-json\/wp\/v2\/comments?post=99789"}],"version-history":[{"count":2,"href":"https:\/\/infoecos.com.ar\/index.php\/wp-json\/wp\/v2\/posts\/99789\/revisions"}],"predecessor-version":[{"id":99793,"href":"https:\/\/infoecos.com.ar\/index.php\/wp-json\/wp\/v2\/posts\/99789\/revisions\/99793"}],"wp:featuredmedia":[{"embeddable":true,"href":"https:\/\/infoecos.com.ar\/index.php\/wp-json\/wp\/v2\/media\/99791"}],"wp:attachment":[{"href":"https:\/\/infoecos.com.ar\/index.php\/wp-json\/wp\/v2\/media?parent=99789"}],"wp:term":[{"taxonomy":"category","embeddable":true,"href":"https:\/\/infoecos.com.ar\/index.php\/wp-json\/wp\/v2\/categories?post=99789"},{"taxonomy":"post_tag","embeddable":true,"href":"https:\/\/infoecos.com.ar\/index.php\/wp-json\/wp\/v2\/tags?post=99789"}],"curies":[{"name":"wp","href":"https:\/\/api.w.org\/{rel}","templated":true}]}}