{"id":99806,"date":"2023-01-10T08:40:52","date_gmt":"2023-01-10T11:40:52","guid":{"rendered":"https:\/\/infoecos.com.ar\/?p=99806"},"modified":"2023-01-17T01:36:36","modified_gmt":"2023-01-17T04:36:36","slug":"felipe-bernasconi-en-los-proximos-dias-y-un-nuevo-desafio-en-el-automovilismo","status":"publish","type":"post","link":"https:\/\/infoecos.com.ar\/index.php\/felipe-bernasconi-en-los-proximos-dias-y-un-nuevo-desafio-en-el-automovilismo\/","title":{"rendered":"Nuevo desaf\u00edo en el automovilismo para Felipe Bernasconi"},"content":{"rendered":"\n<p>Confirman la participaci\u00f3n de Felipe Bernasconi, el joven piloto trenquelauquense, en el TC Pista. <\/p>\n\n\n\n<figure class=\"wp-block-image aligncenter size-full is-resized\"><img loading=\"lazy\" decoding=\"async\" src=\"https:\/\/infoecos.com.ar\/wp-content\/uploads\/2023\/01\/324412100_1199228947342312_1360265064656399176_n.jpg\" alt=\"\" class=\"wp-image-99807\" width=\"347\" height=\"434\" srcset=\"https:\/\/infoecos.com.ar\/wp-content\/uploads\/2023\/01\/324412100_1199228947342312_1360265064656399176_n.jpg 819w, https:\/\/infoecos.com.ar\/wp-content\/uploads\/2023\/01\/324412100_1199228947342312_1360265064656399176_n-640x800.jpg 640w, https:\/\/infoecos.com.ar\/wp-content\/uploads\/2023\/01\/324412100_1199228947342312_1360265064656399176_n-768x960.jpg 768w\" sizes=\"(max-width: 347px) 100vw, 347px\" \/><\/figure>\n\n\n\n<p>A trav\u00e9s de la cuenta de su Madre en la red social Facebook se toma nota del auto que presentar\u00e1 en la categor\u00eda qui\u00e9n en el a\u00f1o 2022 obtuvo el sub campeonato de la F\u00f3rmula Metropolitana.<\/p>\n\n\n\n<figure class=\"wp-block-image aligncenter size-full is-resized\"><img loading=\"lazy\" decoding=\"async\" src=\"https:\/\/infoecos.com.ar\/wp-content\/uploads\/2023\/01\/324569134_721048886014984_7723535194691899575_n.jpg\" alt=\"\" class=\"wp-image-99808\" width=\"350\" height=\"437\" srcset=\"https:\/\/infoecos.com.ar\/wp-content\/uploads\/2023\/01\/324569134_721048886014984_7723535194691899575_n.jpg 819w, https:\/\/infoecos.com.ar\/wp-content\/uploads\/2023\/01\/324569134_721048886014984_7723535194691899575_n-640x800.jpg 640w, https:\/\/infoecos.com.ar\/wp-content\/uploads\/2023\/01\/324569134_721048886014984_7723535194691899575_n-768x960.jpg 768w\" sizes=\"(max-width: 350px) 100vw, 350px\" \/><\/figure>\n\n\n\n<p>El auto con el que competir\u00e1 Bernasconi es una coupe Chevy del equipo de Cristian Pereyra de Pergamino.  <\/p>\n\n\n\n<figure class=\"wp-block-image aligncenter size-full is-resized\"><img loading=\"lazy\" decoding=\"async\" src=\"https:\/\/infoecos.com.ar\/wp-content\/uploads\/2023\/01\/324350291_689300369323361_3793776457881120163_n.jpg\" alt=\"\" class=\"wp-image-99809\" width=\"362\" height=\"203\" srcset=\"https:\/\/infoecos.com.ar\/wp-content\/uploads\/2023\/01\/324350291_689300369323361_3793776457881120163_n.jpg 1280w, https:\/\/infoecos.com.ar\/wp-content\/uploads\/2023\/01\/324350291_689300369323361_3793776457881120163_n-800x450.jpg 800w, https:\/\/infoecos.com.ar\/wp-content\/uploads\/2023\/01\/324350291_689300369323361_3793776457881120163_n-768x432.jpg 768w, https:\/\/infoecos.com.ar\/wp-content\/uploads\/2023\/01\/324350291_689300369323361_3793776457881120163_n-1024x576.jpg 1024w\" sizes=\"(max-width: 362px) 100vw, 362px\" \/><\/figure>\n","protected":false},"excerpt":{"rendered":"<p>A trav\u00e9s de la cuenta de su Madre en la red social Facebook se toma nota del auto que presentar\u00e1 en la categor\u00eda qui\u00e9n en el a\u00f1o 2022 obtuvo el sub campeonato de la F\u00f3rmula Metropolitana<\/p>\n","protected":false},"author":2,"featured_media":99808,"comment_status":"closed","ping_status":"open","sticky":false,"template":"","format":"standard","meta":{"footnotes":""},"categories":[1332,1325],"tags":[7052],"class_list":["post-99806","post","type-post","status-publish","format-standard","has-post-thumbnail","hentry","category-inferior12","category-c1nota6","tag-tc-pista-mouras"],"yoast_head":"<!-- This site is optimized with the Yoast SEO plugin v23.4 - https:\/\/yoast.com\/wordpress\/plugins\/seo\/ -->\n<title>Nuevo desaf\u00edo en el automovilismo para Felipe Bernasconi - Infoecos<\/title>\n<meta name=\"robots\" content=\"index, follow, max-snippet:-1, max-image-preview:large, max-video-preview:-1\" \/>\n<link rel=\"canonical\" href=\"https:\/\/infoecos.com.ar\/index.php\/felipe-bernasconi-en-los-proximos-dias-y-un-nuevo-desafio-en-el-automovilismo\/\" \/>\n<meta property=\"og:locale\" content=\"es_ES\" \/>\n<meta property=\"og:type\" content=\"article\" \/>\n<meta property=\"og:title\" content=\"Nuevo desaf\u00edo en el automovilismo para Felipe Bernasconi - Infoecos\" \/>\n<meta property=\"og:description\" content=\"A trav\u00e9s de la cuenta de su Madre en la red social Facebook se toma nota del auto que presentar\u00e1 en la categor\u00eda qui\u00e9n en el a\u00f1o 2022 obtuvo el sub campeonato de la F\u00f3rmula Metropolitana\" \/>\n<meta property=\"og:url\" content=\"https:\/\/infoecos.com.ar\/index.php\/felipe-bernasconi-en-los-proximos-dias-y-un-nuevo-desafio-en-el-automovilismo\/\" \/>\n<meta property=\"og:site_name\" content=\"Infoecos\" \/>\n<meta property=\"article:publisher\" content=\"https:\/\/www.facebook.com\/profile.php?id=100063200290284\" \/>\n<meta property=\"article:published_time\" content=\"2023-01-10T11:40:52+00:00\" \/>\n<meta property=\"article:modified_time\" content=\"2023-01-17T04:36:36+00:00\" \/>\n<meta property=\"og:image\" content=\"https:\/\/infoecos.com.ar\/wp-content\/uploads\/2023\/01\/324569134_721048886014984_7723535194691899575_n.jpg\" \/>\n\t<meta property=\"og:image:width\" content=\"819\" \/>\n\t<meta property=\"og:image:height\" content=\"1024\" \/>\n\t<meta property=\"og:image:type\" content=\"image\/jpeg\" \/>\n<meta name=\"author\" content=\"Jorge Matheus\" \/>\n<meta name=\"twitter:card\" content=\"summary_large_image\" \/>\n<meta name=\"twitter:creator\" content=\"@infoecos\" \/>\n<meta name=\"twitter:site\" content=\"@infoecos\" \/>\n<meta name=\"twitter:label1\" content=\"Escrito por\" \/>\n\t<meta name=\"twitter:data1\" content=\"Jorge Matheus\" \/>\n\t<meta name=\"twitter:label2\" content=\"Tiempo de lectura\" \/>\n\t<meta name=\"twitter:data2\" content=\"1 minuto\" \/>\n<script type=\"application\/ld+json\" class=\"yoast-schema-graph\">{\"@context\":\"https:\/\/schema.org\",\"@graph\":[{\"@type\":\"Article\",\"@id\":\"https:\/\/infoecos.com.ar\/index.php\/felipe-bernasconi-en-los-proximos-dias-y-un-nuevo-desafio-en-el-automovilismo\/#article\",\"isPartOf\":{\"@id\":\"https:\/\/infoecos.com.ar\/index.php\/felipe-bernasconi-en-los-proximos-dias-y-un-nuevo-desafio-en-el-automovilismo\/\"},\"author\":{\"name\":\"Jorge Matheus\",\"@id\":\"https:\/\/infoecos.com.ar\/#\/schema\/person\/8f5ace5ce73b4b4aac4b7245aee6f191\"},\"headline\":\"Nuevo desaf\u00edo en el automovilismo para Felipe Bernasconi\",\"datePublished\":\"2023-01-10T11:40:52+00:00\",\"dateModified\":\"2023-01-17T04:36:36+00:00\",\"mainEntityOfPage\":{\"@id\":\"https:\/\/infoecos.com.ar\/index.php\/felipe-bernasconi-en-los-proximos-dias-y-un-nuevo-desafio-en-el-automovilismo\/\"},\"wordCount\":82,\"publisher\":{\"@id\":\"https:\/\/infoecos.com.ar\/#organization\"},\"image\":{\"@id\":\"https:\/\/infoecos.com.ar\/index.php\/felipe-bernasconi-en-los-proximos-dias-y-un-nuevo-desafio-en-el-automovilismo\/#primaryimage\"},\"thumbnailUrl\":\"https:\/\/infoecos.com.ar\/wp-content\/uploads\/2023\/01\/324569134_721048886014984_7723535194691899575_n.jpg\",\"keywords\":[\"TC PISTA MOURAS\"],\"articleSection\":[\"Bloque inferior - 12\",\"C1 nota 6\"],\"inLanguage\":\"es\"},{\"@type\":\"WebPage\",\"@id\":\"https:\/\/infoecos.com.ar\/index.php\/felipe-bernasconi-en-los-proximos-dias-y-un-nuevo-desafio-en-el-automovilismo\/\",\"url\":\"https:\/\/infoecos.com.ar\/index.php\/felipe-bernasconi-en-los-proximos-dias-y-un-nuevo-desafio-en-el-automovilismo\/\",\"name\":\"Nuevo desaf\u00edo en el automovilismo para Felipe Bernasconi - Infoecos\",\"isPartOf\":{\"@id\":\"https:\/\/infoecos.com.ar\/#website\"},\"primaryImageOfPage\":{\"@id\":\"https:\/\/infoecos.com.ar\/index.php\/felipe-bernasconi-en-los-proximos-dias-y-un-nuevo-desafio-en-el-automovilismo\/#primaryimage\"},\"image\":{\"@id\":\"https:\/\/infoecos.com.ar\/index.php\/felipe-bernasconi-en-los-proximos-dias-y-un-nuevo-desafio-en-el-automovilismo\/#primaryimage\"},\"thumbnailUrl\":\"https:\/\/infoecos.com.ar\/wp-content\/uploads\/2023\/01\/324569134_721048886014984_7723535194691899575_n.jpg\",\"datePublished\":\"2023-01-10T11:40:52+00:00\",\"dateModified\":\"2023-01-17T04:36:36+00:00\",\"breadcrumb\":{\"@id\":\"https:\/\/infoecos.com.ar\/index.php\/felipe-bernasconi-en-los-proximos-dias-y-un-nuevo-desafio-en-el-automovilismo\/#breadcrumb\"},\"inLanguage\":\"es\",\"potentialAction\":[{\"@type\":\"ReadAction\",\"target\":[\"https:\/\/infoecos.com.ar\/index.php\/felipe-bernasconi-en-los-proximos-dias-y-un-nuevo-desafio-en-el-automovilismo\/\"]}]},{\"@type\":\"ImageObject\",\"inLanguage\":\"es\",\"@id\":\"https:\/\/infoecos.com.ar\/index.php\/felipe-bernasconi-en-los-proximos-dias-y-un-nuevo-desafio-en-el-automovilismo\/#primaryimage\",\"url\":\"https:\/\/infoecos.com.ar\/wp-content\/uploads\/2023\/01\/324569134_721048886014984_7723535194691899575_n.jpg\",\"contentUrl\":\"https:\/\/infoecos.com.ar\/wp-content\/uploads\/2023\/01\/324569134_721048886014984_7723535194691899575_n.jpg\",\"width\":819,\"height\":1024},{\"@type\":\"BreadcrumbList\",\"@id\":\"https:\/\/infoecos.com.ar\/index.php\/felipe-bernasconi-en-los-proximos-dias-y-un-nuevo-desafio-en-el-automovilismo\/#breadcrumb\",\"itemListElement\":[{\"@type\":\"ListItem\",\"position\":1,\"name\":\"Portada\",\"item\":\"https:\/\/infoecos.com.ar\/\"},{\"@type\":\"ListItem\",\"position\":2,\"name\":\"Nuevo desaf\u00edo en el automovilismo para Felipe Bernasconi\"}]},{\"@type\":\"WebSite\",\"@id\":\"https:\/\/infoecos.com.ar\/#website\",\"url\":\"https:\/\/infoecos.com.ar\/\",\"name\":\"Infoecos\",\"description\":\"Noticias de trenque lauquen y la zona\",\"publisher\":{\"@id\":\"https:\/\/infoecos.com.ar\/#organization\"},\"alternateName\":\"Noticias\",\"potentialAction\":[{\"@type\":\"SearchAction\",\"target\":{\"@type\":\"EntryPoint\",\"urlTemplate\":\"https:\/\/infoecos.com.ar\/?s={search_term_string}\"},\"query-input\":{\"@type\":\"PropertyValueSpecification\",\"valueRequired\":true,\"valueName\":\"search_term_string\"}}],\"inLanguage\":\"es\"},{\"@type\":\"Organization\",\"@id\":\"https:\/\/infoecos.com.ar\/#organization\",\"name\":\"Infoecos\",\"alternateName\":\"Noticias\",\"url\":\"https:\/\/infoecos.com.ar\/\",\"logo\":{\"@type\":\"ImageObject\",\"inLanguage\":\"es\",\"@id\":\"https:\/\/infoecos.com.ar\/#\/schema\/logo\/image\/\",\"url\":\"https:\/\/infoecos.com.ar\/wp-content\/uploads\/2024\/03\/cropped-logo.png\",\"contentUrl\":\"https:\/\/infoecos.com.ar\/wp-content\/uploads\/2024\/03\/cropped-logo.png\",\"width\":374,\"height\":90,\"caption\":\"Infoecos\"},\"image\":{\"@id\":\"https:\/\/infoecos.com.ar\/#\/schema\/logo\/image\/\"},\"sameAs\":[\"https:\/\/www.facebook.com\/profile.php?id=100063200290284\",\"https:\/\/x.com\/infoecos\"]},{\"@type\":\"Person\",\"@id\":\"https:\/\/infoecos.com.ar\/#\/schema\/person\/8f5ace5ce73b4b4aac4b7245aee6f191\",\"name\":\"Jorge Matheus\",\"url\":\"https:\/\/infoecos.com.ar\/index.php\/author\/jomatheus\/\"}]}<\/script>\n<!-- \/ Yoast SEO plugin. -->","yoast_head_json":{"title":"Nuevo desaf\u00edo en el automovilismo para Felipe Bernasconi - Infoecos","robots":{"index":"index","follow":"follow","max-snippet":"max-snippet:-1","max-image-preview":"max-image-preview:large","max-video-preview":"max-video-preview:-1"},"canonical":"https:\/\/infoecos.com.ar\/index.php\/felipe-bernasconi-en-los-proximos-dias-y-un-nuevo-desafio-en-el-automovilismo\/","og_locale":"es_ES","og_type":"article","og_title":"Nuevo desaf\u00edo en el automovilismo para Felipe Bernasconi - Infoecos","og_description":"A trav\u00e9s de la cuenta de su Madre en la red social Facebook se toma nota del auto que presentar\u00e1 en la categor\u00eda qui\u00e9n en el a\u00f1o 2022 obtuvo el sub campeonato de la F\u00f3rmula Metropolitana","og_url":"https:\/\/infoecos.com.ar\/index.php\/felipe-bernasconi-en-los-proximos-dias-y-un-nuevo-desafio-en-el-automovilismo\/","og_site_name":"Infoecos","article_publisher":"https:\/\/www.facebook.com\/profile.php?id=100063200290284","article_published_time":"2023-01-10T11:40:52+00:00","article_modified_time":"2023-01-17T04:36:36+00:00","og_image":[{"width":819,"height":1024,"url":"https:\/\/infoecos.com.ar\/wp-content\/uploads\/2023\/01\/324569134_721048886014984_7723535194691899575_n.jpg","type":"image\/jpeg"}],"author":"Jorge Matheus","twitter_card":"summary_large_image","twitter_creator":"@infoecos","twitter_site":"@infoecos","twitter_misc":{"Escrito por":"Jorge Matheus","Tiempo de lectura":"1 minuto"},"schema":{"@context":"https:\/\/schema.org","@graph":[{"@type":"Article","@id":"https:\/\/infoecos.com.ar\/index.php\/felipe-bernasconi-en-los-proximos-dias-y-un-nuevo-desafio-en-el-automovilismo\/#article","isPartOf":{"@id":"https:\/\/infoecos.com.ar\/index.php\/felipe-bernasconi-en-los-proximos-dias-y-un-nuevo-desafio-en-el-automovilismo\/"},"author":{"name":"Jorge Matheus","@id":"https:\/\/infoecos.com.ar\/#\/schema\/person\/8f5ace5ce73b4b4aac4b7245aee6f191"},"headline":"Nuevo desaf\u00edo en el automovilismo para Felipe Bernasconi","datePublished":"2023-01-10T11:40:52+00:00","dateModified":"2023-01-17T04:36:36+00:00","mainEntityOfPage":{"@id":"https:\/\/infoecos.com.ar\/index.php\/felipe-bernasconi-en-los-proximos-dias-y-un-nuevo-desafio-en-el-automovilismo\/"},"wordCount":82,"publisher":{"@id":"https:\/\/infoecos.com.ar\/#organization"},"image":{"@id":"https:\/\/infoecos.com.ar\/index.php\/felipe-bernasconi-en-los-proximos-dias-y-un-nuevo-desafio-en-el-automovilismo\/#primaryimage"},"thumbnailUrl":"https:\/\/infoecos.com.ar\/wp-content\/uploads\/2023\/01\/324569134_721048886014984_7723535194691899575_n.jpg","keywords":["TC PISTA MOURAS"],"articleSection":["Bloque inferior - 12","C1 nota 6"],"inLanguage":"es"},{"@type":"WebPage","@id":"https:\/\/infoecos.com.ar\/index.php\/felipe-bernasconi-en-los-proximos-dias-y-un-nuevo-desafio-en-el-automovilismo\/","url":"https:\/\/infoecos.com.ar\/index.php\/felipe-bernasconi-en-los-proximos-dias-y-un-nuevo-desafio-en-el-automovilismo\/","name":"Nuevo desaf\u00edo en el automovilismo para Felipe Bernasconi - Infoecos","isPartOf":{"@id":"https:\/\/infoecos.com.ar\/#website"},"primaryImageOfPage":{"@id":"https:\/\/infoecos.com.ar\/index.php\/felipe-bernasconi-en-los-proximos-dias-y-un-nuevo-desafio-en-el-automovilismo\/#primaryimage"},"image":{"@id":"https:\/\/infoecos.com.ar\/index.php\/felipe-bernasconi-en-los-proximos-dias-y-un-nuevo-desafio-en-el-automovilismo\/#primaryimage"},"thumbnailUrl":"https:\/\/infoecos.com.ar\/wp-content\/uploads\/2023\/01\/324569134_721048886014984_7723535194691899575_n.jpg","datePublished":"2023-01-10T11:40:52+00:00","dateModified":"2023-01-17T04:36:36+00:00","breadcrumb":{"@id":"https:\/\/infoecos.com.ar\/index.php\/felipe-bernasconi-en-los-proximos-dias-y-un-nuevo-desafio-en-el-automovilismo\/#breadcrumb"},"inLanguage":"es","potentialAction":[{"@type":"ReadAction","target":["https:\/\/infoecos.com.ar\/index.php\/felipe-bernasconi-en-los-proximos-dias-y-un-nuevo-desafio-en-el-automovilismo\/"]}]},{"@type":"ImageObject","inLanguage":"es","@id":"https:\/\/infoecos.com.ar\/index.php\/felipe-bernasconi-en-los-proximos-dias-y-un-nuevo-desafio-en-el-automovilismo\/#primaryimage","url":"https:\/\/infoecos.com.ar\/wp-content\/uploads\/2023\/01\/324569134_721048886014984_7723535194691899575_n.jpg","contentUrl":"https:\/\/infoecos.com.ar\/wp-content\/uploads\/2023\/01\/324569134_721048886014984_7723535194691899575_n.jpg","width":819,"height":1024},{"@type":"BreadcrumbList","@id":"https:\/\/infoecos.com.ar\/index.php\/felipe-bernasconi-en-los-proximos-dias-y-un-nuevo-desafio-en-el-automovilismo\/#breadcrumb","itemListElement":[{"@type":"ListItem","position":1,"name":"Portada","item":"https:\/\/infoecos.com.ar\/"},{"@type":"ListItem","position":2,"name":"Nuevo desaf\u00edo en el automovilismo para Felipe Bernasconi"}]},{"@type":"WebSite","@id":"https:\/\/infoecos.com.ar\/#website","url":"https:\/\/infoecos.com.ar\/","name":"Infoecos","description":"Noticias de trenque lauquen y la zona","publisher":{"@id":"https:\/\/infoecos.com.ar\/#organization"},"alternateName":"Noticias","potentialAction":[{"@type":"SearchAction","target":{"@type":"EntryPoint","urlTemplate":"https:\/\/infoecos.com.ar\/?s={search_term_string}"},"query-input":{"@type":"PropertyValueSpecification","valueRequired":true,"valueName":"search_term_string"}}],"inLanguage":"es"},{"@type":"Organization","@id":"https:\/\/infoecos.com.ar\/#organization","name":"Infoecos","alternateName":"Noticias","url":"https:\/\/infoecos.com.ar\/","logo":{"@type":"ImageObject","inLanguage":"es","@id":"https:\/\/infoecos.com.ar\/#\/schema\/logo\/image\/","url":"https:\/\/infoecos.com.ar\/wp-content\/uploads\/2024\/03\/cropped-logo.png","contentUrl":"https:\/\/infoecos.com.ar\/wp-content\/uploads\/2024\/03\/cropped-logo.png","width":374,"height":90,"caption":"Infoecos"},"image":{"@id":"https:\/\/infoecos.com.ar\/#\/schema\/logo\/image\/"},"sameAs":["https:\/\/www.facebook.com\/profile.php?id=100063200290284","https:\/\/x.com\/infoecos"]},{"@type":"Person","@id":"https:\/\/infoecos.com.ar\/#\/schema\/person\/8f5ace5ce73b4b4aac4b7245aee6f191","name":"Jorge Matheus","url":"https:\/\/infoecos.com.ar\/index.php\/author\/jomatheus\/"}]}},"featured_image_urls":{"full":["https:\/\/infoecos.com.ar\/wp-content\/uploads\/2023\/01\/324569134_721048886014984_7723535194691899575_n.jpg",819,1024,false],"thumbnail":["https:\/\/infoecos.com.ar\/wp-content\/uploads\/2023\/01\/324569134_721048886014984_7723535194691899575_n-300x150.jpg",300,150,true],"medium":["https:\/\/infoecos.com.ar\/wp-content\/uploads\/2023\/01\/324569134_721048886014984_7723535194691899575_n-640x800.jpg",640,800,true],"medium_large":["https:\/\/infoecos.com.ar\/wp-content\/uploads\/2023\/01\/324569134_721048886014984_7723535194691899575_n-768x960.jpg",640,800,true],"large":["https:\/\/infoecos.com.ar\/wp-content\/uploads\/2023\/01\/324569134_721048886014984_7723535194691899575_n.jpg",640,800,false],"1536x1536":["https:\/\/infoecos.com.ar\/wp-content\/uploads\/2023\/01\/324569134_721048886014984_7723535194691899575_n.jpg",819,1024,false],"2048x2048":["https:\/\/infoecos.com.ar\/wp-content\/uploads\/2023\/01\/324569134_721048886014984_7723535194691899575_n.jpg",819,1024,false],"covernews-slider-full":["https:\/\/infoecos.com.ar\/wp-content\/uploads\/2023\/01\/324569134_721048886014984_7723535194691899575_n-819x1020.jpg",574,715,true],"covernews-slider-center":["https:\/\/infoecos.com.ar\/wp-content\/uploads\/2023\/01\/324569134_721048886014984_7723535194691899575_n-819x897.jpg",457,500,true],"covernews-featured":["https:\/\/infoecos.com.ar\/wp-content\/uploads\/2023\/01\/324569134_721048886014984_7723535194691899575_n.jpg",819,1024,false],"covernews-medium":["https:\/\/infoecos.com.ar\/wp-content\/uploads\/2023\/01\/324569134_721048886014984_7723535194691899575_n-720x380.jpg",540,285,true],"covernews-medium-square":["https:\/\/infoecos.com.ar\/wp-content\/uploads\/2023\/01\/324569134_721048886014984_7723535194691899575_n-675x450.jpg",375,250,true]},"author_info":{"info":["Jorge Matheus"]},"category_info":"<a href=\"https:\/\/infoecos.com.ar\/index.php\/category\/inferior12\/\" rel=\"category tag\">Bloque inferior - 12<\/a> <a href=\"https:\/\/infoecos.com.ar\/index.php\/category\/c1nota6\/\" rel=\"category tag\">C1 nota 6<\/a>","tag_info":"C1 nota 6","comment_count":"0","_links":{"self":[{"href":"https:\/\/infoecos.com.ar\/index.php\/wp-json\/wp\/v2\/posts\/99806"}],"collection":[{"href":"https:\/\/infoecos.com.ar\/index.php\/wp-json\/wp\/v2\/posts"}],"about":[{"href":"https:\/\/infoecos.com.ar\/index.php\/wp-json\/wp\/v2\/types\/post"}],"author":[{"embeddable":true,"href":"https:\/\/infoecos.com.ar\/index.php\/wp-json\/wp\/v2\/users\/2"}],"replies":[{"embeddable":true,"href":"https:\/\/infoecos.com.ar\/index.php\/wp-json\/wp\/v2\/comments?post=99806"}],"version-history":[{"count":2,"href":"https:\/\/infoecos.com.ar\/index.php\/wp-json\/wp\/v2\/posts\/99806\/revisions"}],"predecessor-version":[{"id":99812,"href":"https:\/\/infoecos.com.ar\/index.php\/wp-json\/wp\/v2\/posts\/99806\/revisions\/99812"}],"wp:featuredmedia":[{"embeddable":true,"href":"https:\/\/infoecos.com.ar\/index.php\/wp-json\/wp\/v2\/media\/99808"}],"wp:attachment":[{"href":"https:\/\/infoecos.com.ar\/index.php\/wp-json\/wp\/v2\/media?parent=99806"}],"wp:term":[{"taxonomy":"category","embeddable":true,"href":"https:\/\/infoecos.com.ar\/index.php\/wp-json\/wp\/v2\/categories?post=99806"},{"taxonomy":"post_tag","embeddable":true,"href":"https:\/\/infoecos.com.ar\/index.php\/wp-json\/wp\/v2\/tags?post=99806"}],"curies":[{"name":"wp","href":"https:\/\/api.w.org\/{rel}","templated":true}]}}