{"id":99831,"date":"2023-01-10T10:07:04","date_gmt":"2023-01-10T13:07:04","guid":{"rendered":"https:\/\/infoecos.com.ar\/?p=99831"},"modified":"2023-01-10T10:08:59","modified_gmt":"2023-01-10T13:08:59","slug":"entregaran-el-miercoles-y-jueves-los-mini-bus-adquiridos-con-fondos-de-municipios-de-pie","status":"publish","type":"post","link":"https:\/\/infoecos.com.ar\/index.php\/entregaran-el-miercoles-y-jueves-los-mini-bus-adquiridos-con-fondos-de-municipios-de-pie\/","title":{"rendered":"Entregar\u00e1n el mi\u00e9rcoles y jueves los mini bus adquiridos con fondos de \u00abMunicipios de Pie\u00bb"},"content":{"rendered":"\n<p>El intendente Miguel Fern\u00e1ndez y la concejala Leticia Badino, en representaci\u00f3n del ministerio del Interior de la Naci\u00f3n, entregar\u00e1n ma\u00f1ana al Delegado Municipal de Beruti, Fabio Villarreal, el minib\u00fas adquirido a trav\u00e9s del programa Municipios de Pie y que servir\u00e1 para brindar el servicio de transporte entre la mencionada localidad y Trenque Lauquen.<\/p>\n\n\n\n<figure class=\"wp-block-image aligncenter size-full is-resized\"><img loading=\"lazy\" decoding=\"async\" src=\"https:\/\/infoecos.com.ar\/wp-content\/uploads\/2023\/01\/Minibus-1.jpeg\" alt=\"\" class=\"wp-image-99832\" width=\"593\" height=\"445\" srcset=\"https:\/\/infoecos.com.ar\/wp-content\/uploads\/2023\/01\/Minibus-1.jpeg 1280w, https:\/\/infoecos.com.ar\/wp-content\/uploads\/2023\/01\/Minibus-1-800x600.jpeg 800w, https:\/\/infoecos.com.ar\/wp-content\/uploads\/2023\/01\/Minibus-1-768x576.jpeg 768w, https:\/\/infoecos.com.ar\/wp-content\/uploads\/2023\/01\/Minibus-1-1024x768.jpeg 1024w\" sizes=\"(max-width: 593px) 100vw, 593px\" \/><\/figure>\n\n\n\n<p>La compra del minib\u00fas se hizo luego de que el intendente Fern\u00e1ndez firmara un convenio con el titular de la secretar\u00eda de Asuntos Municipales, Dr. Avelino Zurro, en el marco del programa \u201cMunicipios de Pie\u201d, una iniciativa de asistencia financiera del ministerio del Interior de la Naci\u00f3n para potenciar los gobiernos locales.<\/p>\n\n\n\n<p>En aquella oportunidad Fern\u00e1ndez y Badino anunciaron en una conferencia de prensa que compartieron en el Municipio la adquisici\u00f3n del minib\u00fas para Beruti, y tambi\u00e9n de un tom\u00f3grafo computado de \u00faltima generaci\u00f3n para el Hospital Dr. Pedro T. Orellana, dos incubadoras y de una Unidad de Traslado R\u00e1pido para 30 de Agosto.<\/p>\n\n\n\n<p>El minib\u00fas, que tiene 24 asientos, fue adquirido a la empresa Overbus S.A. a trav\u00e9s de la Licitaci\u00f3n P\u00fablica n\u00ba 12\/2022 por un valor de 19.300.000 pesos.<\/p>\n\n\n\n<p>La Unidad de Traslado R\u00e1pido para el Hospital Dr. Francisco Eguiguren, de 30 de Agosto -6.724.000 pesos, por Licitaci\u00f3n n\u00ba58\/2022 adjudicada a Lens S.A.-, ser\u00e1 entregada un d\u00eda despu\u00e9s del minib\u00fas, el jueves de esta semana.<\/p>\n\n\n\n<p>El tom\u00f3grafo fue adquirido tambi\u00e9n por Licitaci\u00f3n P\u00fablica -la apertura de sobres se concret\u00f3 el 17 de marzo y el 22 de abril se adjudic\u00f3 a Canon Medical Systems Argentina S.A por un valor de 33.683.000 pesos- y ya est\u00e1 emplazado en el Hospital Municipal Dr. Pedro T. Orellana, en un espacio donde adem\u00e1s se instalar\u00e1n los equipos de im\u00e1genes.<\/p>\n\n\n\n<p>El aporte del programa Municipios de Pie para la adquisici\u00f3n del minib\u00fas, la Unidad de Traslado R\u00e1pido, dos incubadoras (1,250.000 pesos cada una) y el Tom\u00f3grafo ascendi\u00f3 a 56.032.332 pesos, mientras que el Municipio utiliz\u00f3 6.174.668 de pesos con fondos propios para completar la suma total desembolsada 62.207.000 pesos.<\/p>\n","protected":false},"excerpt":{"rendered":"<p>Servicio de pasajeros entre Beruti y Trenque Lauquen. Para traslado r\u00e1pido de enfermos el destinado a 30 de Agosto<\/p>\n","protected":false},"author":2,"featured_media":99832,"comment_status":"closed","ping_status":"open","sticky":false,"template":"","format":"standard","meta":{"footnotes":""},"categories":[46],"tags":[1829],"class_list":["post-99831","post","type-post","status-publish","format-standard","has-post-thumbnail","hentry","category-c2nota2","tag-beruti-y-30-de-agosto"],"yoast_head":"<!-- This site is optimized with the Yoast SEO plugin v23.4 - https:\/\/yoast.com\/wordpress\/plugins\/seo\/ -->\n<title>Entregar\u00e1n el mi\u00e9rcoles y jueves los mini bus adquiridos con fondos de &quot;Municipios de Pie&quot; - Infoecos<\/title>\n<meta name=\"robots\" content=\"index, follow, max-snippet:-1, max-image-preview:large, max-video-preview:-1\" \/>\n<link rel=\"canonical\" href=\"https:\/\/infoecos.com.ar\/index.php\/entregaran-el-miercoles-y-jueves-los-mini-bus-adquiridos-con-fondos-de-municipios-de-pie\/\" \/>\n<meta property=\"og:locale\" content=\"es_ES\" \/>\n<meta property=\"og:type\" content=\"article\" \/>\n<meta property=\"og:title\" content=\"Entregar\u00e1n el mi\u00e9rcoles y jueves los mini bus adquiridos con fondos de &quot;Municipios de Pie&quot; - Infoecos\" \/>\n<meta property=\"og:description\" content=\"Servicio de pasajeros entre Beruti y Trenque Lauquen. Para traslado r\u00e1pido de enfermos el destinado a 30 de Agosto\" \/>\n<meta property=\"og:url\" content=\"https:\/\/infoecos.com.ar\/index.php\/entregaran-el-miercoles-y-jueves-los-mini-bus-adquiridos-con-fondos-de-municipios-de-pie\/\" \/>\n<meta property=\"og:site_name\" content=\"Infoecos\" \/>\n<meta property=\"article:publisher\" content=\"https:\/\/www.facebook.com\/profile.php?id=100063200290284\" \/>\n<meta property=\"article:published_time\" content=\"2023-01-10T13:07:04+00:00\" \/>\n<meta property=\"article:modified_time\" content=\"2023-01-10T13:08:59+00:00\" \/>\n<meta property=\"og:image\" content=\"https:\/\/infoecos.com.ar\/wp-content\/uploads\/2023\/01\/Minibus-1.jpeg\" \/>\n\t<meta property=\"og:image:width\" content=\"1280\" \/>\n\t<meta property=\"og:image:height\" content=\"960\" \/>\n\t<meta property=\"og:image:type\" content=\"image\/jpeg\" \/>\n<meta name=\"author\" content=\"Jorge Matheus\" \/>\n<meta name=\"twitter:card\" content=\"summary_large_image\" \/>\n<meta name=\"twitter:creator\" content=\"@infoecos\" \/>\n<meta name=\"twitter:site\" content=\"@infoecos\" \/>\n<meta name=\"twitter:label1\" content=\"Escrito por\" \/>\n\t<meta name=\"twitter:data1\" content=\"Jorge Matheus\" \/>\n\t<meta name=\"twitter:label2\" content=\"Tiempo de lectura\" \/>\n\t<meta name=\"twitter:data2\" content=\"2 minutos\" \/>\n<script type=\"application\/ld+json\" class=\"yoast-schema-graph\">{\"@context\":\"https:\/\/schema.org\",\"@graph\":[{\"@type\":\"Article\",\"@id\":\"https:\/\/infoecos.com.ar\/index.php\/entregaran-el-miercoles-y-jueves-los-mini-bus-adquiridos-con-fondos-de-municipios-de-pie\/#article\",\"isPartOf\":{\"@id\":\"https:\/\/infoecos.com.ar\/index.php\/entregaran-el-miercoles-y-jueves-los-mini-bus-adquiridos-con-fondos-de-municipios-de-pie\/\"},\"author\":{\"name\":\"Jorge Matheus\",\"@id\":\"https:\/\/infoecos.com.ar\/#\/schema\/person\/8f5ace5ce73b4b4aac4b7245aee6f191\"},\"headline\":\"Entregar\u00e1n el mi\u00e9rcoles y jueves los mini bus adquiridos con fondos de \u00abMunicipios de Pie\u00bb\",\"datePublished\":\"2023-01-10T13:07:04+00:00\",\"dateModified\":\"2023-01-10T13:08:59+00:00\",\"mainEntityOfPage\":{\"@id\":\"https:\/\/infoecos.com.ar\/index.php\/entregaran-el-miercoles-y-jueves-los-mini-bus-adquiridos-con-fondos-de-municipios-de-pie\/\"},\"wordCount\":376,\"publisher\":{\"@id\":\"https:\/\/infoecos.com.ar\/#organization\"},\"image\":{\"@id\":\"https:\/\/infoecos.com.ar\/index.php\/entregaran-el-miercoles-y-jueves-los-mini-bus-adquiridos-con-fondos-de-municipios-de-pie\/#primaryimage\"},\"thumbnailUrl\":\"https:\/\/infoecos.com.ar\/wp-content\/uploads\/2023\/01\/Minibus-1.jpeg\",\"keywords\":[\"BERUTI Y 30 DE AGOSTO\"],\"articleSection\":[\"C2 N2\"],\"inLanguage\":\"es\"},{\"@type\":\"WebPage\",\"@id\":\"https:\/\/infoecos.com.ar\/index.php\/entregaran-el-miercoles-y-jueves-los-mini-bus-adquiridos-con-fondos-de-municipios-de-pie\/\",\"url\":\"https:\/\/infoecos.com.ar\/index.php\/entregaran-el-miercoles-y-jueves-los-mini-bus-adquiridos-con-fondos-de-municipios-de-pie\/\",\"name\":\"Entregar\u00e1n el mi\u00e9rcoles y jueves los mini bus adquiridos con fondos de \\\"Municipios de Pie\\\" - Infoecos\",\"isPartOf\":{\"@id\":\"https:\/\/infoecos.com.ar\/#website\"},\"primaryImageOfPage\":{\"@id\":\"https:\/\/infoecos.com.ar\/index.php\/entregaran-el-miercoles-y-jueves-los-mini-bus-adquiridos-con-fondos-de-municipios-de-pie\/#primaryimage\"},\"image\":{\"@id\":\"https:\/\/infoecos.com.ar\/index.php\/entregaran-el-miercoles-y-jueves-los-mini-bus-adquiridos-con-fondos-de-municipios-de-pie\/#primaryimage\"},\"thumbnailUrl\":\"https:\/\/infoecos.com.ar\/wp-content\/uploads\/2023\/01\/Minibus-1.jpeg\",\"datePublished\":\"2023-01-10T13:07:04+00:00\",\"dateModified\":\"2023-01-10T13:08:59+00:00\",\"breadcrumb\":{\"@id\":\"https:\/\/infoecos.com.ar\/index.php\/entregaran-el-miercoles-y-jueves-los-mini-bus-adquiridos-con-fondos-de-municipios-de-pie\/#breadcrumb\"},\"inLanguage\":\"es\",\"potentialAction\":[{\"@type\":\"ReadAction\",\"target\":[\"https:\/\/infoecos.com.ar\/index.php\/entregaran-el-miercoles-y-jueves-los-mini-bus-adquiridos-con-fondos-de-municipios-de-pie\/\"]}]},{\"@type\":\"ImageObject\",\"inLanguage\":\"es\",\"@id\":\"https:\/\/infoecos.com.ar\/index.php\/entregaran-el-miercoles-y-jueves-los-mini-bus-adquiridos-con-fondos-de-municipios-de-pie\/#primaryimage\",\"url\":\"https:\/\/infoecos.com.ar\/wp-content\/uploads\/2023\/01\/Minibus-1.jpeg\",\"contentUrl\":\"https:\/\/infoecos.com.ar\/wp-content\/uploads\/2023\/01\/Minibus-1.jpeg\",\"width\":1280,\"height\":960},{\"@type\":\"BreadcrumbList\",\"@id\":\"https:\/\/infoecos.com.ar\/index.php\/entregaran-el-miercoles-y-jueves-los-mini-bus-adquiridos-con-fondos-de-municipios-de-pie\/#breadcrumb\",\"itemListElement\":[{\"@type\":\"ListItem\",\"position\":1,\"name\":\"Portada\",\"item\":\"https:\/\/infoecos.com.ar\/\"},{\"@type\":\"ListItem\",\"position\":2,\"name\":\"Entregar\u00e1n el mi\u00e9rcoles y jueves los mini bus adquiridos con fondos de \u00abMunicipios de Pie\u00bb\"}]},{\"@type\":\"WebSite\",\"@id\":\"https:\/\/infoecos.com.ar\/#website\",\"url\":\"https:\/\/infoecos.com.ar\/\",\"name\":\"Infoecos\",\"description\":\"Noticias de trenque lauquen y la zona\",\"publisher\":{\"@id\":\"https:\/\/infoecos.com.ar\/#organization\"},\"alternateName\":\"Noticias\",\"potentialAction\":[{\"@type\":\"SearchAction\",\"target\":{\"@type\":\"EntryPoint\",\"urlTemplate\":\"https:\/\/infoecos.com.ar\/?s={search_term_string}\"},\"query-input\":{\"@type\":\"PropertyValueSpecification\",\"valueRequired\":true,\"valueName\":\"search_term_string\"}}],\"inLanguage\":\"es\"},{\"@type\":\"Organization\",\"@id\":\"https:\/\/infoecos.com.ar\/#organization\",\"name\":\"Infoecos\",\"alternateName\":\"Noticias\",\"url\":\"https:\/\/infoecos.com.ar\/\",\"logo\":{\"@type\":\"ImageObject\",\"inLanguage\":\"es\",\"@id\":\"https:\/\/infoecos.com.ar\/#\/schema\/logo\/image\/\",\"url\":\"https:\/\/infoecos.com.ar\/wp-content\/uploads\/2024\/03\/cropped-logo.png\",\"contentUrl\":\"https:\/\/infoecos.com.ar\/wp-content\/uploads\/2024\/03\/cropped-logo.png\",\"width\":374,\"height\":90,\"caption\":\"Infoecos\"},\"image\":{\"@id\":\"https:\/\/infoecos.com.ar\/#\/schema\/logo\/image\/\"},\"sameAs\":[\"https:\/\/www.facebook.com\/profile.php?id=100063200290284\",\"https:\/\/x.com\/infoecos\"]},{\"@type\":\"Person\",\"@id\":\"https:\/\/infoecos.com.ar\/#\/schema\/person\/8f5ace5ce73b4b4aac4b7245aee6f191\",\"name\":\"Jorge Matheus\",\"url\":\"https:\/\/infoecos.com.ar\/index.php\/author\/jomatheus\/\"}]}<\/script>\n<!-- \/ Yoast SEO plugin. -->","yoast_head_json":{"title":"Entregar\u00e1n el mi\u00e9rcoles y jueves los mini bus adquiridos con fondos de \"Municipios de Pie\" - Infoecos","robots":{"index":"index","follow":"follow","max-snippet":"max-snippet:-1","max-image-preview":"max-image-preview:large","max-video-preview":"max-video-preview:-1"},"canonical":"https:\/\/infoecos.com.ar\/index.php\/entregaran-el-miercoles-y-jueves-los-mini-bus-adquiridos-con-fondos-de-municipios-de-pie\/","og_locale":"es_ES","og_type":"article","og_title":"Entregar\u00e1n el mi\u00e9rcoles y jueves los mini bus adquiridos con fondos de \"Municipios de Pie\" - Infoecos","og_description":"Servicio de pasajeros entre Beruti y Trenque Lauquen. Para traslado r\u00e1pido de enfermos el destinado a 30 de Agosto","og_url":"https:\/\/infoecos.com.ar\/index.php\/entregaran-el-miercoles-y-jueves-los-mini-bus-adquiridos-con-fondos-de-municipios-de-pie\/","og_site_name":"Infoecos","article_publisher":"https:\/\/www.facebook.com\/profile.php?id=100063200290284","article_published_time":"2023-01-10T13:07:04+00:00","article_modified_time":"2023-01-10T13:08:59+00:00","og_image":[{"width":1280,"height":960,"url":"https:\/\/infoecos.com.ar\/wp-content\/uploads\/2023\/01\/Minibus-1.jpeg","type":"image\/jpeg"}],"author":"Jorge Matheus","twitter_card":"summary_large_image","twitter_creator":"@infoecos","twitter_site":"@infoecos","twitter_misc":{"Escrito por":"Jorge Matheus","Tiempo de lectura":"2 minutos"},"schema":{"@context":"https:\/\/schema.org","@graph":[{"@type":"Article","@id":"https:\/\/infoecos.com.ar\/index.php\/entregaran-el-miercoles-y-jueves-los-mini-bus-adquiridos-con-fondos-de-municipios-de-pie\/#article","isPartOf":{"@id":"https:\/\/infoecos.com.ar\/index.php\/entregaran-el-miercoles-y-jueves-los-mini-bus-adquiridos-con-fondos-de-municipios-de-pie\/"},"author":{"name":"Jorge Matheus","@id":"https:\/\/infoecos.com.ar\/#\/schema\/person\/8f5ace5ce73b4b4aac4b7245aee6f191"},"headline":"Entregar\u00e1n el mi\u00e9rcoles y jueves los mini bus adquiridos con fondos de \u00abMunicipios de Pie\u00bb","datePublished":"2023-01-10T13:07:04+00:00","dateModified":"2023-01-10T13:08:59+00:00","mainEntityOfPage":{"@id":"https:\/\/infoecos.com.ar\/index.php\/entregaran-el-miercoles-y-jueves-los-mini-bus-adquiridos-con-fondos-de-municipios-de-pie\/"},"wordCount":376,"publisher":{"@id":"https:\/\/infoecos.com.ar\/#organization"},"image":{"@id":"https:\/\/infoecos.com.ar\/index.php\/entregaran-el-miercoles-y-jueves-los-mini-bus-adquiridos-con-fondos-de-municipios-de-pie\/#primaryimage"},"thumbnailUrl":"https:\/\/infoecos.com.ar\/wp-content\/uploads\/2023\/01\/Minibus-1.jpeg","keywords":["BERUTI Y 30 DE AGOSTO"],"articleSection":["C2 N2"],"inLanguage":"es"},{"@type":"WebPage","@id":"https:\/\/infoecos.com.ar\/index.php\/entregaran-el-miercoles-y-jueves-los-mini-bus-adquiridos-con-fondos-de-municipios-de-pie\/","url":"https:\/\/infoecos.com.ar\/index.php\/entregaran-el-miercoles-y-jueves-los-mini-bus-adquiridos-con-fondos-de-municipios-de-pie\/","name":"Entregar\u00e1n el mi\u00e9rcoles y jueves los mini bus adquiridos con fondos de \"Municipios de Pie\" - Infoecos","isPartOf":{"@id":"https:\/\/infoecos.com.ar\/#website"},"primaryImageOfPage":{"@id":"https:\/\/infoecos.com.ar\/index.php\/entregaran-el-miercoles-y-jueves-los-mini-bus-adquiridos-con-fondos-de-municipios-de-pie\/#primaryimage"},"image":{"@id":"https:\/\/infoecos.com.ar\/index.php\/entregaran-el-miercoles-y-jueves-los-mini-bus-adquiridos-con-fondos-de-municipios-de-pie\/#primaryimage"},"thumbnailUrl":"https:\/\/infoecos.com.ar\/wp-content\/uploads\/2023\/01\/Minibus-1.jpeg","datePublished":"2023-01-10T13:07:04+00:00","dateModified":"2023-01-10T13:08:59+00:00","breadcrumb":{"@id":"https:\/\/infoecos.com.ar\/index.php\/entregaran-el-miercoles-y-jueves-los-mini-bus-adquiridos-con-fondos-de-municipios-de-pie\/#breadcrumb"},"inLanguage":"es","potentialAction":[{"@type":"ReadAction","target":["https:\/\/infoecos.com.ar\/index.php\/entregaran-el-miercoles-y-jueves-los-mini-bus-adquiridos-con-fondos-de-municipios-de-pie\/"]}]},{"@type":"ImageObject","inLanguage":"es","@id":"https:\/\/infoecos.com.ar\/index.php\/entregaran-el-miercoles-y-jueves-los-mini-bus-adquiridos-con-fondos-de-municipios-de-pie\/#primaryimage","url":"https:\/\/infoecos.com.ar\/wp-content\/uploads\/2023\/01\/Minibus-1.jpeg","contentUrl":"https:\/\/infoecos.com.ar\/wp-content\/uploads\/2023\/01\/Minibus-1.jpeg","width":1280,"height":960},{"@type":"BreadcrumbList","@id":"https:\/\/infoecos.com.ar\/index.php\/entregaran-el-miercoles-y-jueves-los-mini-bus-adquiridos-con-fondos-de-municipios-de-pie\/#breadcrumb","itemListElement":[{"@type":"ListItem","position":1,"name":"Portada","item":"https:\/\/infoecos.com.ar\/"},{"@type":"ListItem","position":2,"name":"Entregar\u00e1n el mi\u00e9rcoles y jueves los mini bus adquiridos con fondos de \u00abMunicipios de Pie\u00bb"}]},{"@type":"WebSite","@id":"https:\/\/infoecos.com.ar\/#website","url":"https:\/\/infoecos.com.ar\/","name":"Infoecos","description":"Noticias de trenque lauquen y la zona","publisher":{"@id":"https:\/\/infoecos.com.ar\/#organization"},"alternateName":"Noticias","potentialAction":[{"@type":"SearchAction","target":{"@type":"EntryPoint","urlTemplate":"https:\/\/infoecos.com.ar\/?s={search_term_string}"},"query-input":{"@type":"PropertyValueSpecification","valueRequired":true,"valueName":"search_term_string"}}],"inLanguage":"es"},{"@type":"Organization","@id":"https:\/\/infoecos.com.ar\/#organization","name":"Infoecos","alternateName":"Noticias","url":"https:\/\/infoecos.com.ar\/","logo":{"@type":"ImageObject","inLanguage":"es","@id":"https:\/\/infoecos.com.ar\/#\/schema\/logo\/image\/","url":"https:\/\/infoecos.com.ar\/wp-content\/uploads\/2024\/03\/cropped-logo.png","contentUrl":"https:\/\/infoecos.com.ar\/wp-content\/uploads\/2024\/03\/cropped-logo.png","width":374,"height":90,"caption":"Infoecos"},"image":{"@id":"https:\/\/infoecos.com.ar\/#\/schema\/logo\/image\/"},"sameAs":["https:\/\/www.facebook.com\/profile.php?id=100063200290284","https:\/\/x.com\/infoecos"]},{"@type":"Person","@id":"https:\/\/infoecos.com.ar\/#\/schema\/person\/8f5ace5ce73b4b4aac4b7245aee6f191","name":"Jorge Matheus","url":"https:\/\/infoecos.com.ar\/index.php\/author\/jomatheus\/"}]}},"featured_image_urls":{"full":["https:\/\/infoecos.com.ar\/wp-content\/uploads\/2023\/01\/Minibus-1.jpeg",1280,960,false],"thumbnail":["https:\/\/infoecos.com.ar\/wp-content\/uploads\/2023\/01\/Minibus-1-300x150.jpeg",300,150,true],"medium":["https:\/\/infoecos.com.ar\/wp-content\/uploads\/2023\/01\/Minibus-1-800x600.jpeg",800,600,true],"medium_large":["https:\/\/infoecos.com.ar\/wp-content\/uploads\/2023\/01\/Minibus-1-768x576.jpeg",640,480,true],"large":["https:\/\/infoecos.com.ar\/wp-content\/uploads\/2023\/01\/Minibus-1.jpeg",640,480,false],"1536x1536":["https:\/\/infoecos.com.ar\/wp-content\/uploads\/2023\/01\/Minibus-1.jpeg",1280,960,false],"2048x2048":["https:\/\/infoecos.com.ar\/wp-content\/uploads\/2023\/01\/Minibus-1.jpeg",1280,960,false],"covernews-slider-full":["https:\/\/infoecos.com.ar\/wp-content\/uploads\/2023\/01\/Minibus-1.jpeg",953,715,false],"covernews-slider-center":["https:\/\/infoecos.com.ar\/wp-content\/uploads\/2023\/01\/Minibus-1-936x897.jpeg",522,500,true],"covernews-featured":["https:\/\/infoecos.com.ar\/wp-content\/uploads\/2023\/01\/Minibus-1-1024x768.jpeg",1024,768,true],"covernews-medium":["https:\/\/infoecos.com.ar\/wp-content\/uploads\/2023\/01\/Minibus-1-720x380.jpeg",540,285,true],"covernews-medium-square":["https:\/\/infoecos.com.ar\/wp-content\/uploads\/2023\/01\/Minibus-1-675x450.jpeg",375,250,true]},"author_info":{"info":["Jorge Matheus"]},"category_info":"<a href=\"https:\/\/infoecos.com.ar\/index.php\/category\/c2nota2\/\" rel=\"category tag\">C2 N2<\/a>","tag_info":"C2 N2","comment_count":"0","_links":{"self":[{"href":"https:\/\/infoecos.com.ar\/index.php\/wp-json\/wp\/v2\/posts\/99831"}],"collection":[{"href":"https:\/\/infoecos.com.ar\/index.php\/wp-json\/wp\/v2\/posts"}],"about":[{"href":"https:\/\/infoecos.com.ar\/index.php\/wp-json\/wp\/v2\/types\/post"}],"author":[{"embeddable":true,"href":"https:\/\/infoecos.com.ar\/index.php\/wp-json\/wp\/v2\/users\/2"}],"replies":[{"embeddable":true,"href":"https:\/\/infoecos.com.ar\/index.php\/wp-json\/wp\/v2\/comments?post=99831"}],"version-history":[{"count":2,"href":"https:\/\/infoecos.com.ar\/index.php\/wp-json\/wp\/v2\/posts\/99831\/revisions"}],"predecessor-version":[{"id":99834,"href":"https:\/\/infoecos.com.ar\/index.php\/wp-json\/wp\/v2\/posts\/99831\/revisions\/99834"}],"wp:featuredmedia":[{"embeddable":true,"href":"https:\/\/infoecos.com.ar\/index.php\/wp-json\/wp\/v2\/media\/99832"}],"wp:attachment":[{"href":"https:\/\/infoecos.com.ar\/index.php\/wp-json\/wp\/v2\/media?parent=99831"}],"wp:term":[{"taxonomy":"category","embeddable":true,"href":"https:\/\/infoecos.com.ar\/index.php\/wp-json\/wp\/v2\/categories?post=99831"},{"taxonomy":"post_tag","embeddable":true,"href":"https:\/\/infoecos.com.ar\/index.php\/wp-json\/wp\/v2\/tags?post=99831"}],"curies":[{"name":"wp","href":"https:\/\/api.w.org\/{rel}","templated":true}]}}