{"id":99835,"date":"2023-01-10T11:24:30","date_gmt":"2023-01-10T14:24:30","guid":{"rendered":"https:\/\/infoecos.com.ar\/?p=99835"},"modified":"2023-01-17T01:35:55","modified_gmt":"2023-01-17T04:35:55","slug":"efectos-de-la-sequia-la-laguna-de-bragado-seca-en-distintos-lugares","status":"publish","type":"post","link":"https:\/\/infoecos.com.ar\/index.php\/efectos-de-la-sequia-la-laguna-de-bragado-seca-en-distintos-lugares\/","title":{"rendered":"Efectos de la sequ\u00eda: la Laguna de Bragado seca en distintos lugares"},"content":{"rendered":"\n<p>Gran parte de la Laguna de Bragado est\u00e1 seca y la situaci\u00f3n preocupa por lo que afecta al turismo local, como regional.<\/p>\n\n\n\n<p>El medio digital de Bragado TV publica unas fotograf\u00edas que muestran el panorama actual. Las im\u00e1genes evidencian el efecto casi arrasador de la sequ\u00eda que se est\u00e1 registrando en casi todo el pa\u00eds, muy especialmente en estas zonas de la provincia de Buenos Aires. <\/p>\n\n\n\n<p>(se ampliar\u00e1) (fotos)<\/p>\n\n\n\n<figure class=\"wp-block-image size-full\"><img loading=\"lazy\" decoding=\"async\" width=\"1200\" height=\"675\" src=\"https:\/\/infoecos.com.ar\/wp-content\/uploads\/2023\/01\/lg-1.jpg\" alt=\"\" class=\"wp-image-99836\" srcset=\"https:\/\/infoecos.com.ar\/wp-content\/uploads\/2023\/01\/lg-1.jpg 1200w, https:\/\/infoecos.com.ar\/wp-content\/uploads\/2023\/01\/lg-1-800x450.jpg 800w, https:\/\/infoecos.com.ar\/wp-content\/uploads\/2023\/01\/lg-1-768x432.jpg 768w, https:\/\/infoecos.com.ar\/wp-content\/uploads\/2023\/01\/lg-1-1024x576.jpg 1024w\" sizes=\"(max-width: 1200px) 100vw, 1200px\" \/><figcaption class=\"wp-element-caption\">Laguna de Bragado<\/figcaption><\/figure>\n\n\n\n<figure class=\"wp-block-image aligncenter size-full\"><img loading=\"lazy\" decoding=\"async\" width=\"768\" height=\"432\" src=\"https:\/\/infoecos.com.ar\/wp-content\/uploads\/2023\/01\/lg-2-768x432-1.jpg\" alt=\"\" class=\"wp-image-99837\"\/><figcaption class=\"wp-element-caption\">Laguna de Bragado<\/figcaption><\/figure>\n\n\n\n<figure class=\"wp-block-image size-full\"><img loading=\"lazy\" decoding=\"async\" width=\"992\" height=\"558\" src=\"https:\/\/infoecos.com.ar\/wp-content\/uploads\/2023\/01\/md.jpg\" alt=\"\" class=\"wp-image-99838\" srcset=\"https:\/\/infoecos.com.ar\/wp-content\/uploads\/2023\/01\/md.jpg 992w, https:\/\/infoecos.com.ar\/wp-content\/uploads\/2023\/01\/md-800x450.jpg 800w, https:\/\/infoecos.com.ar\/wp-content\/uploads\/2023\/01\/md-768x432.jpg 768w\" sizes=\"(max-width: 992px) 100vw, 992px\" \/><figcaption class=\"wp-element-caption\">Laguna de Bragado<\/figcaption><\/figure>\n\n\n\n<figure class=\"wp-block-image size-full\"><img loading=\"lazy\" decoding=\"async\" width=\"1200\" height=\"675\" src=\"https:\/\/infoecos.com.ar\/wp-content\/uploads\/2023\/01\/lg.jpg\" alt=\"\" class=\"wp-image-99839\" srcset=\"https:\/\/infoecos.com.ar\/wp-content\/uploads\/2023\/01\/lg.jpg 1200w, https:\/\/infoecos.com.ar\/wp-content\/uploads\/2023\/01\/lg-800x450.jpg 800w, https:\/\/infoecos.com.ar\/wp-content\/uploads\/2023\/01\/lg-768x432.jpg 768w, https:\/\/infoecos.com.ar\/wp-content\/uploads\/2023\/01\/lg-1024x576.jpg 1024w\" sizes=\"(max-width: 1200px) 100vw, 1200px\" \/><figcaption class=\"wp-element-caption\">Laguna de Bragado<\/figcaption><\/figure>\n","protected":false},"excerpt":{"rendered":"<p>El medio digital de Bragado TV publica unas fotograf\u00edas que muestran el panorama actual. Las im\u00e1genes evidencian el efecto casi arrasador de la sequ\u00eda que se est\u00e1 registrando en casi todo el pa\u00eds<\/p>\n","protected":false},"author":2,"featured_media":99839,"comment_status":"closed","ping_status":"open","sticky":false,"template":"","format":"standard","meta":{"footnotes":""},"categories":[1331],"tags":[7058],"class_list":["post-99835","post","type-post","status-publish","format-standard","has-post-thumbnail","hentry","category-inferior11","tag-fotos"],"yoast_head":"<!-- This site is optimized with the Yoast SEO plugin v23.4 - https:\/\/yoast.com\/wordpress\/plugins\/seo\/ -->\n<title>Efectos de la sequ\u00eda: la Laguna de Bragado seca en distintos lugares - Infoecos<\/title>\n<meta name=\"robots\" content=\"index, follow, max-snippet:-1, max-image-preview:large, max-video-preview:-1\" \/>\n<link rel=\"canonical\" href=\"https:\/\/infoecos.com.ar\/index.php\/efectos-de-la-sequia-la-laguna-de-bragado-seca-en-distintos-lugares\/\" \/>\n<meta property=\"og:locale\" content=\"es_ES\" \/>\n<meta property=\"og:type\" content=\"article\" \/>\n<meta property=\"og:title\" content=\"Efectos de la sequ\u00eda: la Laguna de Bragado seca en distintos lugares - Infoecos\" \/>\n<meta property=\"og:description\" content=\"El medio digital de Bragado TV publica unas fotograf\u00edas que muestran el panorama actual. Las im\u00e1genes evidencian el efecto casi arrasador de la sequ\u00eda que se est\u00e1 registrando en casi todo el pa\u00eds\" \/>\n<meta property=\"og:url\" content=\"https:\/\/infoecos.com.ar\/index.php\/efectos-de-la-sequia-la-laguna-de-bragado-seca-en-distintos-lugares\/\" \/>\n<meta property=\"og:site_name\" content=\"Infoecos\" \/>\n<meta property=\"article:publisher\" content=\"https:\/\/www.facebook.com\/profile.php?id=100063200290284\" \/>\n<meta property=\"article:published_time\" content=\"2023-01-10T14:24:30+00:00\" \/>\n<meta property=\"article:modified_time\" content=\"2023-01-17T04:35:55+00:00\" \/>\n<meta property=\"og:image\" content=\"https:\/\/infoecos.com.ar\/wp-content\/uploads\/2023\/01\/lg.jpg\" \/>\n\t<meta property=\"og:image:width\" content=\"1200\" \/>\n\t<meta property=\"og:image:height\" content=\"675\" \/>\n\t<meta property=\"og:image:type\" content=\"image\/jpeg\" \/>\n<meta name=\"author\" content=\"Jorge Matheus\" \/>\n<meta name=\"twitter:card\" content=\"summary_large_image\" \/>\n<meta name=\"twitter:creator\" content=\"@infoecos\" \/>\n<meta name=\"twitter:site\" content=\"@infoecos\" \/>\n<meta name=\"twitter:label1\" content=\"Escrito por\" \/>\n\t<meta name=\"twitter:data1\" content=\"Jorge Matheus\" \/>\n\t<meta name=\"twitter:label2\" content=\"Tiempo de lectura\" \/>\n\t<meta name=\"twitter:data2\" content=\"2 minutos\" \/>\n<script type=\"application\/ld+json\" class=\"yoast-schema-graph\">{\"@context\":\"https:\/\/schema.org\",\"@graph\":[{\"@type\":\"Article\",\"@id\":\"https:\/\/infoecos.com.ar\/index.php\/efectos-de-la-sequia-la-laguna-de-bragado-seca-en-distintos-lugares\/#article\",\"isPartOf\":{\"@id\":\"https:\/\/infoecos.com.ar\/index.php\/efectos-de-la-sequia-la-laguna-de-bragado-seca-en-distintos-lugares\/\"},\"author\":{\"name\":\"Jorge Matheus\",\"@id\":\"https:\/\/infoecos.com.ar\/#\/schema\/person\/8f5ace5ce73b4b4aac4b7245aee6f191\"},\"headline\":\"Efectos de la sequ\u00eda: la Laguna de Bragado seca en distintos lugares\",\"datePublished\":\"2023-01-10T14:24:30+00:00\",\"dateModified\":\"2023-01-17T04:35:55+00:00\",\"mainEntityOfPage\":{\"@id\":\"https:\/\/infoecos.com.ar\/index.php\/efectos-de-la-sequia-la-laguna-de-bragado-seca-en-distintos-lugares\/\"},\"wordCount\":99,\"publisher\":{\"@id\":\"https:\/\/infoecos.com.ar\/#organization\"},\"image\":{\"@id\":\"https:\/\/infoecos.com.ar\/index.php\/efectos-de-la-sequia-la-laguna-de-bragado-seca-en-distintos-lugares\/#primaryimage\"},\"thumbnailUrl\":\"https:\/\/infoecos.com.ar\/wp-content\/uploads\/2023\/01\/lg.jpg\",\"keywords\":[\"FOTOS\"],\"articleSection\":[\"Bloque inferior - 11\"],\"inLanguage\":\"es\"},{\"@type\":\"WebPage\",\"@id\":\"https:\/\/infoecos.com.ar\/index.php\/efectos-de-la-sequia-la-laguna-de-bragado-seca-en-distintos-lugares\/\",\"url\":\"https:\/\/infoecos.com.ar\/index.php\/efectos-de-la-sequia-la-laguna-de-bragado-seca-en-distintos-lugares\/\",\"name\":\"Efectos de la sequ\u00eda: la Laguna de Bragado seca en distintos lugares - Infoecos\",\"isPartOf\":{\"@id\":\"https:\/\/infoecos.com.ar\/#website\"},\"primaryImageOfPage\":{\"@id\":\"https:\/\/infoecos.com.ar\/index.php\/efectos-de-la-sequia-la-laguna-de-bragado-seca-en-distintos-lugares\/#primaryimage\"},\"image\":{\"@id\":\"https:\/\/infoecos.com.ar\/index.php\/efectos-de-la-sequia-la-laguna-de-bragado-seca-en-distintos-lugares\/#primaryimage\"},\"thumbnailUrl\":\"https:\/\/infoecos.com.ar\/wp-content\/uploads\/2023\/01\/lg.jpg\",\"datePublished\":\"2023-01-10T14:24:30+00:00\",\"dateModified\":\"2023-01-17T04:35:55+00:00\",\"breadcrumb\":{\"@id\":\"https:\/\/infoecos.com.ar\/index.php\/efectos-de-la-sequia-la-laguna-de-bragado-seca-en-distintos-lugares\/#breadcrumb\"},\"inLanguage\":\"es\",\"potentialAction\":[{\"@type\":\"ReadAction\",\"target\":[\"https:\/\/infoecos.com.ar\/index.php\/efectos-de-la-sequia-la-laguna-de-bragado-seca-en-distintos-lugares\/\"]}]},{\"@type\":\"ImageObject\",\"inLanguage\":\"es\",\"@id\":\"https:\/\/infoecos.com.ar\/index.php\/efectos-de-la-sequia-la-laguna-de-bragado-seca-en-distintos-lugares\/#primaryimage\",\"url\":\"https:\/\/infoecos.com.ar\/wp-content\/uploads\/2023\/01\/lg.jpg\",\"contentUrl\":\"https:\/\/infoecos.com.ar\/wp-content\/uploads\/2023\/01\/lg.jpg\",\"width\":1200,\"height\":675},{\"@type\":\"BreadcrumbList\",\"@id\":\"https:\/\/infoecos.com.ar\/index.php\/efectos-de-la-sequia-la-laguna-de-bragado-seca-en-distintos-lugares\/#breadcrumb\",\"itemListElement\":[{\"@type\":\"ListItem\",\"position\":1,\"name\":\"Portada\",\"item\":\"https:\/\/infoecos.com.ar\/\"},{\"@type\":\"ListItem\",\"position\":2,\"name\":\"Efectos de la sequ\u00eda: la Laguna de Bragado seca en distintos lugares\"}]},{\"@type\":\"WebSite\",\"@id\":\"https:\/\/infoecos.com.ar\/#website\",\"url\":\"https:\/\/infoecos.com.ar\/\",\"name\":\"Infoecos\",\"description\":\"Noticias de trenque lauquen y la zona\",\"publisher\":{\"@id\":\"https:\/\/infoecos.com.ar\/#organization\"},\"alternateName\":\"Noticias\",\"potentialAction\":[{\"@type\":\"SearchAction\",\"target\":{\"@type\":\"EntryPoint\",\"urlTemplate\":\"https:\/\/infoecos.com.ar\/?s={search_term_string}\"},\"query-input\":{\"@type\":\"PropertyValueSpecification\",\"valueRequired\":true,\"valueName\":\"search_term_string\"}}],\"inLanguage\":\"es\"},{\"@type\":\"Organization\",\"@id\":\"https:\/\/infoecos.com.ar\/#organization\",\"name\":\"Infoecos\",\"alternateName\":\"Noticias\",\"url\":\"https:\/\/infoecos.com.ar\/\",\"logo\":{\"@type\":\"ImageObject\",\"inLanguage\":\"es\",\"@id\":\"https:\/\/infoecos.com.ar\/#\/schema\/logo\/image\/\",\"url\":\"https:\/\/infoecos.com.ar\/wp-content\/uploads\/2024\/03\/cropped-logo.png\",\"contentUrl\":\"https:\/\/infoecos.com.ar\/wp-content\/uploads\/2024\/03\/cropped-logo.png\",\"width\":374,\"height\":90,\"caption\":\"Infoecos\"},\"image\":{\"@id\":\"https:\/\/infoecos.com.ar\/#\/schema\/logo\/image\/\"},\"sameAs\":[\"https:\/\/www.facebook.com\/profile.php?id=100063200290284\",\"https:\/\/x.com\/infoecos\"]},{\"@type\":\"Person\",\"@id\":\"https:\/\/infoecos.com.ar\/#\/schema\/person\/8f5ace5ce73b4b4aac4b7245aee6f191\",\"name\":\"Jorge Matheus\",\"url\":\"https:\/\/infoecos.com.ar\/index.php\/author\/jomatheus\/\"}]}<\/script>\n<!-- \/ Yoast SEO plugin. -->","yoast_head_json":{"title":"Efectos de la sequ\u00eda: la Laguna de Bragado seca en distintos lugares - Infoecos","robots":{"index":"index","follow":"follow","max-snippet":"max-snippet:-1","max-image-preview":"max-image-preview:large","max-video-preview":"max-video-preview:-1"},"canonical":"https:\/\/infoecos.com.ar\/index.php\/efectos-de-la-sequia-la-laguna-de-bragado-seca-en-distintos-lugares\/","og_locale":"es_ES","og_type":"article","og_title":"Efectos de la sequ\u00eda: la Laguna de Bragado seca en distintos lugares - Infoecos","og_description":"El medio digital de Bragado TV publica unas fotograf\u00edas que muestran el panorama actual. Las im\u00e1genes evidencian el efecto casi arrasador de la sequ\u00eda que se est\u00e1 registrando en casi todo el pa\u00eds","og_url":"https:\/\/infoecos.com.ar\/index.php\/efectos-de-la-sequia-la-laguna-de-bragado-seca-en-distintos-lugares\/","og_site_name":"Infoecos","article_publisher":"https:\/\/www.facebook.com\/profile.php?id=100063200290284","article_published_time":"2023-01-10T14:24:30+00:00","article_modified_time":"2023-01-17T04:35:55+00:00","og_image":[{"width":1200,"height":675,"url":"https:\/\/infoecos.com.ar\/wp-content\/uploads\/2023\/01\/lg.jpg","type":"image\/jpeg"}],"author":"Jorge Matheus","twitter_card":"summary_large_image","twitter_creator":"@infoecos","twitter_site":"@infoecos","twitter_misc":{"Escrito por":"Jorge Matheus","Tiempo de lectura":"2 minutos"},"schema":{"@context":"https:\/\/schema.org","@graph":[{"@type":"Article","@id":"https:\/\/infoecos.com.ar\/index.php\/efectos-de-la-sequia-la-laguna-de-bragado-seca-en-distintos-lugares\/#article","isPartOf":{"@id":"https:\/\/infoecos.com.ar\/index.php\/efectos-de-la-sequia-la-laguna-de-bragado-seca-en-distintos-lugares\/"},"author":{"name":"Jorge Matheus","@id":"https:\/\/infoecos.com.ar\/#\/schema\/person\/8f5ace5ce73b4b4aac4b7245aee6f191"},"headline":"Efectos de la sequ\u00eda: la Laguna de Bragado seca en distintos lugares","datePublished":"2023-01-10T14:24:30+00:00","dateModified":"2023-01-17T04:35:55+00:00","mainEntityOfPage":{"@id":"https:\/\/infoecos.com.ar\/index.php\/efectos-de-la-sequia-la-laguna-de-bragado-seca-en-distintos-lugares\/"},"wordCount":99,"publisher":{"@id":"https:\/\/infoecos.com.ar\/#organization"},"image":{"@id":"https:\/\/infoecos.com.ar\/index.php\/efectos-de-la-sequia-la-laguna-de-bragado-seca-en-distintos-lugares\/#primaryimage"},"thumbnailUrl":"https:\/\/infoecos.com.ar\/wp-content\/uploads\/2023\/01\/lg.jpg","keywords":["FOTOS"],"articleSection":["Bloque inferior - 11"],"inLanguage":"es"},{"@type":"WebPage","@id":"https:\/\/infoecos.com.ar\/index.php\/efectos-de-la-sequia-la-laguna-de-bragado-seca-en-distintos-lugares\/","url":"https:\/\/infoecos.com.ar\/index.php\/efectos-de-la-sequia-la-laguna-de-bragado-seca-en-distintos-lugares\/","name":"Efectos de la sequ\u00eda: la Laguna de Bragado seca en distintos lugares - Infoecos","isPartOf":{"@id":"https:\/\/infoecos.com.ar\/#website"},"primaryImageOfPage":{"@id":"https:\/\/infoecos.com.ar\/index.php\/efectos-de-la-sequia-la-laguna-de-bragado-seca-en-distintos-lugares\/#primaryimage"},"image":{"@id":"https:\/\/infoecos.com.ar\/index.php\/efectos-de-la-sequia-la-laguna-de-bragado-seca-en-distintos-lugares\/#primaryimage"},"thumbnailUrl":"https:\/\/infoecos.com.ar\/wp-content\/uploads\/2023\/01\/lg.jpg","datePublished":"2023-01-10T14:24:30+00:00","dateModified":"2023-01-17T04:35:55+00:00","breadcrumb":{"@id":"https:\/\/infoecos.com.ar\/index.php\/efectos-de-la-sequia-la-laguna-de-bragado-seca-en-distintos-lugares\/#breadcrumb"},"inLanguage":"es","potentialAction":[{"@type":"ReadAction","target":["https:\/\/infoecos.com.ar\/index.php\/efectos-de-la-sequia-la-laguna-de-bragado-seca-en-distintos-lugares\/"]}]},{"@type":"ImageObject","inLanguage":"es","@id":"https:\/\/infoecos.com.ar\/index.php\/efectos-de-la-sequia-la-laguna-de-bragado-seca-en-distintos-lugares\/#primaryimage","url":"https:\/\/infoecos.com.ar\/wp-content\/uploads\/2023\/01\/lg.jpg","contentUrl":"https:\/\/infoecos.com.ar\/wp-content\/uploads\/2023\/01\/lg.jpg","width":1200,"height":675},{"@type":"BreadcrumbList","@id":"https:\/\/infoecos.com.ar\/index.php\/efectos-de-la-sequia-la-laguna-de-bragado-seca-en-distintos-lugares\/#breadcrumb","itemListElement":[{"@type":"ListItem","position":1,"name":"Portada","item":"https:\/\/infoecos.com.ar\/"},{"@type":"ListItem","position":2,"name":"Efectos de la sequ\u00eda: la Laguna de Bragado seca en distintos lugares"}]},{"@type":"WebSite","@id":"https:\/\/infoecos.com.ar\/#website","url":"https:\/\/infoecos.com.ar\/","name":"Infoecos","description":"Noticias de trenque lauquen y la zona","publisher":{"@id":"https:\/\/infoecos.com.ar\/#organization"},"alternateName":"Noticias","potentialAction":[{"@type":"SearchAction","target":{"@type":"EntryPoint","urlTemplate":"https:\/\/infoecos.com.ar\/?s={search_term_string}"},"query-input":{"@type":"PropertyValueSpecification","valueRequired":true,"valueName":"search_term_string"}}],"inLanguage":"es"},{"@type":"Organization","@id":"https:\/\/infoecos.com.ar\/#organization","name":"Infoecos","alternateName":"Noticias","url":"https:\/\/infoecos.com.ar\/","logo":{"@type":"ImageObject","inLanguage":"es","@id":"https:\/\/infoecos.com.ar\/#\/schema\/logo\/image\/","url":"https:\/\/infoecos.com.ar\/wp-content\/uploads\/2024\/03\/cropped-logo.png","contentUrl":"https:\/\/infoecos.com.ar\/wp-content\/uploads\/2024\/03\/cropped-logo.png","width":374,"height":90,"caption":"Infoecos"},"image":{"@id":"https:\/\/infoecos.com.ar\/#\/schema\/logo\/image\/"},"sameAs":["https:\/\/www.facebook.com\/profile.php?id=100063200290284","https:\/\/x.com\/infoecos"]},{"@type":"Person","@id":"https:\/\/infoecos.com.ar\/#\/schema\/person\/8f5ace5ce73b4b4aac4b7245aee6f191","name":"Jorge Matheus","url":"https:\/\/infoecos.com.ar\/index.php\/author\/jomatheus\/"}]}},"featured_image_urls":{"full":["https:\/\/infoecos.com.ar\/wp-content\/uploads\/2023\/01\/lg.jpg",1200,675,false],"thumbnail":["https:\/\/infoecos.com.ar\/wp-content\/uploads\/2023\/01\/lg-300x150.jpg",300,150,true],"medium":["https:\/\/infoecos.com.ar\/wp-content\/uploads\/2023\/01\/lg-800x450.jpg",800,450,true],"medium_large":["https:\/\/infoecos.com.ar\/wp-content\/uploads\/2023\/01\/lg-768x432.jpg",640,360,true],"large":["https:\/\/infoecos.com.ar\/wp-content\/uploads\/2023\/01\/lg.jpg",640,360,false],"1536x1536":["https:\/\/infoecos.com.ar\/wp-content\/uploads\/2023\/01\/lg.jpg",1200,675,false],"2048x2048":["https:\/\/infoecos.com.ar\/wp-content\/uploads\/2023\/01\/lg.jpg",1200,675,false],"covernews-slider-full":["https:\/\/infoecos.com.ar\/wp-content\/uploads\/2023\/01\/lg.jpg",1115,627,false],"covernews-slider-center":["https:\/\/infoecos.com.ar\/wp-content\/uploads\/2023\/01\/lg-936x675.jpg",693,500,true],"covernews-featured":["https:\/\/infoecos.com.ar\/wp-content\/uploads\/2023\/01\/lg-1024x576.jpg",1024,576,true],"covernews-medium":["https:\/\/infoecos.com.ar\/wp-content\/uploads\/2023\/01\/lg-720x380.jpg",540,285,true],"covernews-medium-square":["https:\/\/infoecos.com.ar\/wp-content\/uploads\/2023\/01\/lg-675x450.jpg",375,250,true]},"author_info":{"info":["Jorge Matheus"]},"category_info":"<a href=\"https:\/\/infoecos.com.ar\/index.php\/category\/inferior11\/\" rel=\"category tag\">Bloque inferior - 11<\/a>","tag_info":"Bloque inferior - 11","comment_count":"0","_links":{"self":[{"href":"https:\/\/infoecos.com.ar\/index.php\/wp-json\/wp\/v2\/posts\/99835"}],"collection":[{"href":"https:\/\/infoecos.com.ar\/index.php\/wp-json\/wp\/v2\/posts"}],"about":[{"href":"https:\/\/infoecos.com.ar\/index.php\/wp-json\/wp\/v2\/types\/post"}],"author":[{"embeddable":true,"href":"https:\/\/infoecos.com.ar\/index.php\/wp-json\/wp\/v2\/users\/2"}],"replies":[{"embeddable":true,"href":"https:\/\/infoecos.com.ar\/index.php\/wp-json\/wp\/v2\/comments?post=99835"}],"version-history":[{"count":1,"href":"https:\/\/infoecos.com.ar\/index.php\/wp-json\/wp\/v2\/posts\/99835\/revisions"}],"predecessor-version":[{"id":99840,"href":"https:\/\/infoecos.com.ar\/index.php\/wp-json\/wp\/v2\/posts\/99835\/revisions\/99840"}],"wp:featuredmedia":[{"embeddable":true,"href":"https:\/\/infoecos.com.ar\/index.php\/wp-json\/wp\/v2\/media\/99839"}],"wp:attachment":[{"href":"https:\/\/infoecos.com.ar\/index.php\/wp-json\/wp\/v2\/media?parent=99835"}],"wp:term":[{"taxonomy":"category","embeddable":true,"href":"https:\/\/infoecos.com.ar\/index.php\/wp-json\/wp\/v2\/categories?post=99835"},{"taxonomy":"post_tag","embeddable":true,"href":"https:\/\/infoecos.com.ar\/index.php\/wp-json\/wp\/v2\/tags?post=99835"}],"curies":[{"name":"wp","href":"https:\/\/api.w.org\/{rel}","templated":true}]}}