{"id":99846,"date":"2023-01-10T19:10:35","date_gmt":"2023-01-10T22:10:35","guid":{"rendered":"https:\/\/infoecos.com.ar\/?p=99846"},"modified":"2023-01-17T01:35:18","modified_gmt":"2023-01-17T04:35:18","slug":"se-entregaron-18-de-un-total-de-36-viviendas-que-se-construyen-en-pellegrini","status":"publish","type":"post","link":"https:\/\/infoecos.com.ar\/index.php\/se-entregaron-18-de-un-total-de-36-viviendas-que-se-construyen-en-pellegrini\/","title":{"rendered":"Se entregaron 18 de un total de 36 viviendas que se construyen en Pellegrini"},"content":{"rendered":"\n<p>El ministro de H\u00e1bitat y Desarrollo Urbano bonaerense, Agust\u00edn Simone, junto al intendente de Pellegrini, Guillermo Pacheco, realizaron la entrega de 18 viviendas a familias pellegrinenses en la esquina de la Av. Sacarpetta y Drysdale, de Quinta 80.<\/p>\n\n\n\n<figure class=\"wp-block-image aligncenter size-large\"><img loading=\"lazy\" decoding=\"async\" width=\"1600\" height=\"1067\" src=\"https:\/\/infoecos.com.ar\/wp-content\/uploads\/2023\/01\/DSC_8184-01-1600x1067.jpeg\" alt=\"\" class=\"wp-image-99847\" srcset=\"https:\/\/infoecos.com.ar\/wp-content\/uploads\/2023\/01\/DSC_8184-01-1600x1067.jpeg 1600w, https:\/\/infoecos.com.ar\/wp-content\/uploads\/2023\/01\/DSC_8184-01-800x533.jpeg 800w, https:\/\/infoecos.com.ar\/wp-content\/uploads\/2023\/01\/DSC_8184-01-768x512.jpeg 768w, https:\/\/infoecos.com.ar\/wp-content\/uploads\/2023\/01\/DSC_8184-01-1536x1024.jpeg 1536w, https:\/\/infoecos.com.ar\/wp-content\/uploads\/2023\/01\/DSC_8184-01-2048x1366.jpeg 2048w, https:\/\/infoecos.com.ar\/wp-content\/uploads\/2023\/01\/DSC_8184-01-1024x683.jpeg 1024w, https:\/\/infoecos.com.ar\/wp-content\/uploads\/2023\/01\/DSC_8184-01-675x450.jpeg 675w\" sizes=\"(max-width: 1600px) 100vw, 1600px\" \/><figcaption class=\"wp-element-caption\">Pellegrini &#8211; De Simone y Pacheco entrega de viviendas<\/figcaption><\/figure>\n\n\n\n<p>Se trata de un barrio de 36 viviendas, donde las 18 casas restantes ya se encuentran en construcci\u00f3n. Para la obra, la Provincia invirti\u00f3 m\u00e1s de $ 187 millones.<\/p>\n\n\n\n<p>En este marco, el ministro Simone felicit\u00f3 a los nuevos propietarios y destac\u00f3: \u201cqueremos que m\u00e1s familias puedan acceder a su casa propia y la \u00fanica forma de lograrlo es haciendo m\u00e1s viviendas\u201d. Y agreg\u00f3 \u201cse lo ratifique al intendente, estamos trabajando para construir m\u00e1s casas, necesitamos que desde el Municipio se obtengan m\u00e1s lotes. Sabemos que no es f\u00e1cil, pero emprendimos el compromiso de poner en marcha m\u00e1s de 11 mil viviendas en el 2022 y empezar 10 mil m\u00e1s cada a\u00f1o en toda la Provincia, impulsando m\u00e1s obras que garanticen este derecho fundamental\u201d.<\/p>\n\n\n\n<p>Por su parte, el intendente Pacheco resalt\u00f3 que las viviendas que se est\u00e1n construyendo en Pellegrini y la entrega de hoy: \u201cson producto del trabajo conjunto entre la Provincia y el Municipio. Llegamos al final de obra sin inconvenientes y ya se trabaja en el avance de las otras 18 que recorrimos con el Ministro\u201d.<\/p>\n\n\n\n<figure class=\"wp-block-image aligncenter size-large\"><img loading=\"lazy\" decoding=\"async\" width=\"1600\" height=\"1067\" src=\"https:\/\/infoecos.com.ar\/wp-content\/uploads\/2023\/01\/DSC_8117-01-1600x1067.jpeg\" alt=\"\" class=\"wp-image-99848\" srcset=\"https:\/\/infoecos.com.ar\/wp-content\/uploads\/2023\/01\/DSC_8117-01-1600x1067.jpeg 1600w, https:\/\/infoecos.com.ar\/wp-content\/uploads\/2023\/01\/DSC_8117-01-800x533.jpeg 800w, https:\/\/infoecos.com.ar\/wp-content\/uploads\/2023\/01\/DSC_8117-01-768x512.jpeg 768w, https:\/\/infoecos.com.ar\/wp-content\/uploads\/2023\/01\/DSC_8117-01-1536x1024.jpeg 1536w, https:\/\/infoecos.com.ar\/wp-content\/uploads\/2023\/01\/DSC_8117-01-2048x1365.jpeg 2048w, https:\/\/infoecos.com.ar\/wp-content\/uploads\/2023\/01\/DSC_8117-01-1024x683.jpeg 1024w, https:\/\/infoecos.com.ar\/wp-content\/uploads\/2023\/01\/DSC_8117-01-675x450.jpeg 675w\" sizes=\"(max-width: 1600px) 100vw, 1600px\" \/><figcaption class=\"wp-element-caption\">Pellegrini &#8211; 18 de las 36 viviendas que se construyen en Pellegrini<\/figcaption><\/figure>\n\n\n\n<p>Como en cada entrega de viviendas, las familias recibieron plantines para huerta y plantas nativas bonaerenses que obsequia el Organismo Provincial de Integraci\u00f3n Social y Urbana (OPISU), dependiente del ministerio de H\u00e1bitat y Desarrollo Urbano, con el objetivo de promover el cuidado del medio ambiente desde los hogares.&nbsp;<\/p>\n\n\n\n<figure class=\"wp-block-image aligncenter size-large\"><img loading=\"lazy\" decoding=\"async\" width=\"1600\" height=\"1067\" src=\"https:\/\/infoecos.com.ar\/wp-content\/uploads\/2023\/01\/DSC_8107-01-1600x1067.jpeg\" alt=\"\" class=\"wp-image-99849\" srcset=\"https:\/\/infoecos.com.ar\/wp-content\/uploads\/2023\/01\/DSC_8107-01-1600x1067.jpeg 1600w, https:\/\/infoecos.com.ar\/wp-content\/uploads\/2023\/01\/DSC_8107-01-800x533.jpeg 800w, https:\/\/infoecos.com.ar\/wp-content\/uploads\/2023\/01\/DSC_8107-01-768x512.jpeg 768w, https:\/\/infoecos.com.ar\/wp-content\/uploads\/2023\/01\/DSC_8107-01-1536x1024.jpeg 1536w, https:\/\/infoecos.com.ar\/wp-content\/uploads\/2023\/01\/DSC_8107-01-2048x1365.jpeg 2048w, https:\/\/infoecos.com.ar\/wp-content\/uploads\/2023\/01\/DSC_8107-01-1024x683.jpeg 1024w, https:\/\/infoecos.com.ar\/wp-content\/uploads\/2023\/01\/DSC_8107-01-675x450.jpeg 675w\" sizes=\"(max-width: 1600px) 100vw, 1600px\" \/><figcaption class=\"wp-element-caption\">Pellegrini &#8211; Habla Pacheco entrega de viviendas<\/figcaption><\/figure>\n\n\n\n<p>Del mismo modo, desde el Instituto Cultural Provincial y el Ministerio de Cultura Nacional, se entregaron bibliotecas con libros adquiridos en diversas editoriales bonaerenses, adem\u00e1s, de cuadros con r\u00e9plicas de distintas obras de arte, con curadur\u00eda del Museo provincial de Bellas Artes Emilio Petorutti.<\/p>\n\n\n\n<figure class=\"wp-block-image aligncenter size-large\"><img loading=\"lazy\" decoding=\"async\" width=\"1600\" height=\"1067\" src=\"https:\/\/infoecos.com.ar\/wp-content\/uploads\/2023\/01\/DSC_8068-01-1600x1067.jpeg\" alt=\"\" class=\"wp-image-99850\" srcset=\"https:\/\/infoecos.com.ar\/wp-content\/uploads\/2023\/01\/DSC_8068-01-1600x1067.jpeg 1600w, https:\/\/infoecos.com.ar\/wp-content\/uploads\/2023\/01\/DSC_8068-01-800x533.jpeg 800w, https:\/\/infoecos.com.ar\/wp-content\/uploads\/2023\/01\/DSC_8068-01-768x512.jpeg 768w, https:\/\/infoecos.com.ar\/wp-content\/uploads\/2023\/01\/DSC_8068-01-1536x1024.jpeg 1536w, https:\/\/infoecos.com.ar\/wp-content\/uploads\/2023\/01\/DSC_8068-01-2048x1365.jpeg 2048w, https:\/\/infoecos.com.ar\/wp-content\/uploads\/2023\/01\/DSC_8068-01-1024x683.jpeg 1024w, https:\/\/infoecos.com.ar\/wp-content\/uploads\/2023\/01\/DSC_8068-01-675x450.jpeg 675w\" sizes=\"(max-width: 1600px) 100vw, 1600px\" \/><figcaption class=\"wp-element-caption\">Pellegrini &#8211; entrega de viviendas<\/figcaption><\/figure>\n\n\n\n<p>Tambi\u00e9n participaron del acto el intendente interino, Gustavo Balbo; el director de Obras P\u00fablicas, Sebasti\u00e1n Fern\u00e1ndez Avello; la directora de Desarrollo Social, Mar\u00eda Eugenia \u00c1lvarez; el presidente del Bloque del Frente de Todos, Bruno Buyatti; los referentes del Frente de Todos, Mar\u00eda Jos\u00e9 Iglesias y Facundo Fern\u00e1ndez, y concejales y concejalas del distrito.<\/p>\n\n\n\n<figure class=\"wp-block-image size-large\"><img loading=\"lazy\" decoding=\"async\" width=\"1600\" height=\"1067\" src=\"https:\/\/infoecos.com.ar\/wp-content\/uploads\/2023\/01\/DSC_8203-01-1600x1067.jpeg\" alt=\"\" class=\"wp-image-99851\" srcset=\"https:\/\/infoecos.com.ar\/wp-content\/uploads\/2023\/01\/DSC_8203-01-1600x1067.jpeg 1600w, https:\/\/infoecos.com.ar\/wp-content\/uploads\/2023\/01\/DSC_8203-01-800x533.jpeg 800w, https:\/\/infoecos.com.ar\/wp-content\/uploads\/2023\/01\/DSC_8203-01-768x512.jpeg 768w, https:\/\/infoecos.com.ar\/wp-content\/uploads\/2023\/01\/DSC_8203-01-1536x1024.jpeg 1536w, https:\/\/infoecos.com.ar\/wp-content\/uploads\/2023\/01\/DSC_8203-01-2048x1365.jpeg 2048w, https:\/\/infoecos.com.ar\/wp-content\/uploads\/2023\/01\/DSC_8203-01-1024x683.jpeg 1024w, https:\/\/infoecos.com.ar\/wp-content\/uploads\/2023\/01\/DSC_8203-01-675x450.jpeg 675w\" sizes=\"(max-width: 1600px) 100vw, 1600px\" \/><figcaption class=\"wp-element-caption\">Pellegrini &#8211; Entrega de viviendas<\/figcaption><\/figure>\n\n\n\n<p><\/p>\n","protected":false},"excerpt":{"rendered":"<p>El intendente Pacheco resalt\u00f3 que las viviendas que se est\u00e1n construyendo en Pellegrini y la entrega de hoy: \u201cson producto del trabajo conjunto entre la Provincia y el Municipio. Llegamos al final de obra sin inconvenientes y ya se trabaja en el avance de las otras 18 que recorrimos con el Ministro\u201d<\/p>\n","protected":false},"author":2,"featured_media":99847,"comment_status":"closed","ping_status":"open","sticky":false,"template":"","format":"standard","meta":{"footnotes":""},"categories":[1330],"tags":[7062],"class_list":["post-99846","post","type-post","status-publish","format-standard","has-post-thumbnail","hentry","category-inferior10","tag-estuvo-agustin-simone"],"yoast_head":"<!-- This site is optimized with the Yoast SEO plugin v23.4 - https:\/\/yoast.com\/wordpress\/plugins\/seo\/ -->\n<title>Se entregaron 18 de un total de 36 viviendas que se construyen en Pellegrini - Infoecos<\/title>\n<meta name=\"robots\" content=\"index, follow, max-snippet:-1, max-image-preview:large, max-video-preview:-1\" \/>\n<link rel=\"canonical\" href=\"https:\/\/infoecos.com.ar\/index.php\/se-entregaron-18-de-un-total-de-36-viviendas-que-se-construyen-en-pellegrini\/\" \/>\n<meta property=\"og:locale\" content=\"es_ES\" \/>\n<meta property=\"og:type\" content=\"article\" \/>\n<meta property=\"og:title\" content=\"Se entregaron 18 de un total de 36 viviendas que se construyen en Pellegrini - Infoecos\" \/>\n<meta property=\"og:description\" content=\"El intendente Pacheco resalt\u00f3 que las viviendas que se est\u00e1n construyendo en Pellegrini y la entrega de hoy: \u201cson producto del trabajo conjunto entre la Provincia y el Municipio. Llegamos al final de obra sin inconvenientes y ya se trabaja en el avance de las otras 18 que recorrimos con el Ministro\u201d\" \/>\n<meta property=\"og:url\" content=\"https:\/\/infoecos.com.ar\/index.php\/se-entregaron-18-de-un-total-de-36-viviendas-que-se-construyen-en-pellegrini\/\" \/>\n<meta property=\"og:site_name\" content=\"Infoecos\" \/>\n<meta property=\"article:publisher\" content=\"https:\/\/www.facebook.com\/profile.php?id=100063200290284\" \/>\n<meta property=\"article:published_time\" content=\"2023-01-10T22:10:35+00:00\" \/>\n<meta property=\"article:modified_time\" content=\"2023-01-17T04:35:18+00:00\" \/>\n<meta property=\"og:image\" content=\"https:\/\/infoecos.com.ar\/wp-content\/uploads\/2023\/01\/DSC_8184-01-scaled.jpeg\" \/>\n\t<meta property=\"og:image:width\" content=\"2560\" \/>\n\t<meta property=\"og:image:height\" content=\"1707\" \/>\n\t<meta property=\"og:image:type\" content=\"image\/jpeg\" \/>\n<meta name=\"author\" content=\"Jorge Matheus\" \/>\n<meta name=\"twitter:card\" content=\"summary_large_image\" \/>\n<meta name=\"twitter:creator\" content=\"@infoecos\" \/>\n<meta name=\"twitter:site\" content=\"@infoecos\" \/>\n<meta name=\"twitter:label1\" content=\"Escrito por\" \/>\n\t<meta name=\"twitter:data1\" content=\"Jorge Matheus\" \/>\n\t<meta name=\"twitter:label2\" content=\"Tiempo de lectura\" \/>\n\t<meta name=\"twitter:data2\" content=\"3 minutos\" \/>\n<script type=\"application\/ld+json\" class=\"yoast-schema-graph\">{\"@context\":\"https:\/\/schema.org\",\"@graph\":[{\"@type\":\"Article\",\"@id\":\"https:\/\/infoecos.com.ar\/index.php\/se-entregaron-18-de-un-total-de-36-viviendas-que-se-construyen-en-pellegrini\/#article\",\"isPartOf\":{\"@id\":\"https:\/\/infoecos.com.ar\/index.php\/se-entregaron-18-de-un-total-de-36-viviendas-que-se-construyen-en-pellegrini\/\"},\"author\":{\"name\":\"Jorge Matheus\",\"@id\":\"https:\/\/infoecos.com.ar\/#\/schema\/person\/8f5ace5ce73b4b4aac4b7245aee6f191\"},\"headline\":\"Se entregaron 18 de un total de 36 viviendas que se construyen en Pellegrini\",\"datePublished\":\"2023-01-10T22:10:35+00:00\",\"dateModified\":\"2023-01-17T04:35:18+00:00\",\"mainEntityOfPage\":{\"@id\":\"https:\/\/infoecos.com.ar\/index.php\/se-entregaron-18-de-un-total-de-36-viviendas-que-se-construyen-en-pellegrini\/\"},\"wordCount\":427,\"publisher\":{\"@id\":\"https:\/\/infoecos.com.ar\/#organization\"},\"image\":{\"@id\":\"https:\/\/infoecos.com.ar\/index.php\/se-entregaron-18-de-un-total-de-36-viviendas-que-se-construyen-en-pellegrini\/#primaryimage\"},\"thumbnailUrl\":\"https:\/\/infoecos.com.ar\/wp-content\/uploads\/2023\/01\/DSC_8184-01-scaled.jpeg\",\"keywords\":[\"ESTUVO AGUST\u00cdN SIMONE\"],\"articleSection\":[\"Bloque inferior - 10\"],\"inLanguage\":\"es\"},{\"@type\":\"WebPage\",\"@id\":\"https:\/\/infoecos.com.ar\/index.php\/se-entregaron-18-de-un-total-de-36-viviendas-que-se-construyen-en-pellegrini\/\",\"url\":\"https:\/\/infoecos.com.ar\/index.php\/se-entregaron-18-de-un-total-de-36-viviendas-que-se-construyen-en-pellegrini\/\",\"name\":\"Se entregaron 18 de un total de 36 viviendas que se construyen en Pellegrini - Infoecos\",\"isPartOf\":{\"@id\":\"https:\/\/infoecos.com.ar\/#website\"},\"primaryImageOfPage\":{\"@id\":\"https:\/\/infoecos.com.ar\/index.php\/se-entregaron-18-de-un-total-de-36-viviendas-que-se-construyen-en-pellegrini\/#primaryimage\"},\"image\":{\"@id\":\"https:\/\/infoecos.com.ar\/index.php\/se-entregaron-18-de-un-total-de-36-viviendas-que-se-construyen-en-pellegrini\/#primaryimage\"},\"thumbnailUrl\":\"https:\/\/infoecos.com.ar\/wp-content\/uploads\/2023\/01\/DSC_8184-01-scaled.jpeg\",\"datePublished\":\"2023-01-10T22:10:35+00:00\",\"dateModified\":\"2023-01-17T04:35:18+00:00\",\"breadcrumb\":{\"@id\":\"https:\/\/infoecos.com.ar\/index.php\/se-entregaron-18-de-un-total-de-36-viviendas-que-se-construyen-en-pellegrini\/#breadcrumb\"},\"inLanguage\":\"es\",\"potentialAction\":[{\"@type\":\"ReadAction\",\"target\":[\"https:\/\/infoecos.com.ar\/index.php\/se-entregaron-18-de-un-total-de-36-viviendas-que-se-construyen-en-pellegrini\/\"]}]},{\"@type\":\"ImageObject\",\"inLanguage\":\"es\",\"@id\":\"https:\/\/infoecos.com.ar\/index.php\/se-entregaron-18-de-un-total-de-36-viviendas-que-se-construyen-en-pellegrini\/#primaryimage\",\"url\":\"https:\/\/infoecos.com.ar\/wp-content\/uploads\/2023\/01\/DSC_8184-01-scaled.jpeg\",\"contentUrl\":\"https:\/\/infoecos.com.ar\/wp-content\/uploads\/2023\/01\/DSC_8184-01-scaled.jpeg\",\"width\":2560,\"height\":1707},{\"@type\":\"BreadcrumbList\",\"@id\":\"https:\/\/infoecos.com.ar\/index.php\/se-entregaron-18-de-un-total-de-36-viviendas-que-se-construyen-en-pellegrini\/#breadcrumb\",\"itemListElement\":[{\"@type\":\"ListItem\",\"position\":1,\"name\":\"Portada\",\"item\":\"https:\/\/infoecos.com.ar\/\"},{\"@type\":\"ListItem\",\"position\":2,\"name\":\"Se entregaron 18 de un total de 36 viviendas que se construyen en Pellegrini\"}]},{\"@type\":\"WebSite\",\"@id\":\"https:\/\/infoecos.com.ar\/#website\",\"url\":\"https:\/\/infoecos.com.ar\/\",\"name\":\"Infoecos\",\"description\":\"Noticias de trenque lauquen y la zona\",\"publisher\":{\"@id\":\"https:\/\/infoecos.com.ar\/#organization\"},\"alternateName\":\"Noticias\",\"potentialAction\":[{\"@type\":\"SearchAction\",\"target\":{\"@type\":\"EntryPoint\",\"urlTemplate\":\"https:\/\/infoecos.com.ar\/?s={search_term_string}\"},\"query-input\":{\"@type\":\"PropertyValueSpecification\",\"valueRequired\":true,\"valueName\":\"search_term_string\"}}],\"inLanguage\":\"es\"},{\"@type\":\"Organization\",\"@id\":\"https:\/\/infoecos.com.ar\/#organization\",\"name\":\"Infoecos\",\"alternateName\":\"Noticias\",\"url\":\"https:\/\/infoecos.com.ar\/\",\"logo\":{\"@type\":\"ImageObject\",\"inLanguage\":\"es\",\"@id\":\"https:\/\/infoecos.com.ar\/#\/schema\/logo\/image\/\",\"url\":\"https:\/\/infoecos.com.ar\/wp-content\/uploads\/2024\/03\/cropped-logo.png\",\"contentUrl\":\"https:\/\/infoecos.com.ar\/wp-content\/uploads\/2024\/03\/cropped-logo.png\",\"width\":374,\"height\":90,\"caption\":\"Infoecos\"},\"image\":{\"@id\":\"https:\/\/infoecos.com.ar\/#\/schema\/logo\/image\/\"},\"sameAs\":[\"https:\/\/www.facebook.com\/profile.php?id=100063200290284\",\"https:\/\/x.com\/infoecos\"]},{\"@type\":\"Person\",\"@id\":\"https:\/\/infoecos.com.ar\/#\/schema\/person\/8f5ace5ce73b4b4aac4b7245aee6f191\",\"name\":\"Jorge Matheus\",\"url\":\"https:\/\/infoecos.com.ar\/index.php\/author\/jomatheus\/\"}]}<\/script>\n<!-- \/ Yoast SEO plugin. -->","yoast_head_json":{"title":"Se entregaron 18 de un total de 36 viviendas que se construyen en Pellegrini - Infoecos","robots":{"index":"index","follow":"follow","max-snippet":"max-snippet:-1","max-image-preview":"max-image-preview:large","max-video-preview":"max-video-preview:-1"},"canonical":"https:\/\/infoecos.com.ar\/index.php\/se-entregaron-18-de-un-total-de-36-viviendas-que-se-construyen-en-pellegrini\/","og_locale":"es_ES","og_type":"article","og_title":"Se entregaron 18 de un total de 36 viviendas que se construyen en Pellegrini - Infoecos","og_description":"El intendente Pacheco resalt\u00f3 que las viviendas que se est\u00e1n construyendo en Pellegrini y la entrega de hoy: \u201cson producto del trabajo conjunto entre la Provincia y el Municipio. Llegamos al final de obra sin inconvenientes y ya se trabaja en el avance de las otras 18 que recorrimos con el Ministro\u201d","og_url":"https:\/\/infoecos.com.ar\/index.php\/se-entregaron-18-de-un-total-de-36-viviendas-que-se-construyen-en-pellegrini\/","og_site_name":"Infoecos","article_publisher":"https:\/\/www.facebook.com\/profile.php?id=100063200290284","article_published_time":"2023-01-10T22:10:35+00:00","article_modified_time":"2023-01-17T04:35:18+00:00","og_image":[{"width":2560,"height":1707,"url":"https:\/\/infoecos.com.ar\/wp-content\/uploads\/2023\/01\/DSC_8184-01-scaled.jpeg","type":"image\/jpeg"}],"author":"Jorge Matheus","twitter_card":"summary_large_image","twitter_creator":"@infoecos","twitter_site":"@infoecos","twitter_misc":{"Escrito por":"Jorge Matheus","Tiempo de lectura":"3 minutos"},"schema":{"@context":"https:\/\/schema.org","@graph":[{"@type":"Article","@id":"https:\/\/infoecos.com.ar\/index.php\/se-entregaron-18-de-un-total-de-36-viviendas-que-se-construyen-en-pellegrini\/#article","isPartOf":{"@id":"https:\/\/infoecos.com.ar\/index.php\/se-entregaron-18-de-un-total-de-36-viviendas-que-se-construyen-en-pellegrini\/"},"author":{"name":"Jorge Matheus","@id":"https:\/\/infoecos.com.ar\/#\/schema\/person\/8f5ace5ce73b4b4aac4b7245aee6f191"},"headline":"Se entregaron 18 de un total de 36 viviendas que se construyen en Pellegrini","datePublished":"2023-01-10T22:10:35+00:00","dateModified":"2023-01-17T04:35:18+00:00","mainEntityOfPage":{"@id":"https:\/\/infoecos.com.ar\/index.php\/se-entregaron-18-de-un-total-de-36-viviendas-que-se-construyen-en-pellegrini\/"},"wordCount":427,"publisher":{"@id":"https:\/\/infoecos.com.ar\/#organization"},"image":{"@id":"https:\/\/infoecos.com.ar\/index.php\/se-entregaron-18-de-un-total-de-36-viviendas-que-se-construyen-en-pellegrini\/#primaryimage"},"thumbnailUrl":"https:\/\/infoecos.com.ar\/wp-content\/uploads\/2023\/01\/DSC_8184-01-scaled.jpeg","keywords":["ESTUVO AGUST\u00cdN SIMONE"],"articleSection":["Bloque inferior - 10"],"inLanguage":"es"},{"@type":"WebPage","@id":"https:\/\/infoecos.com.ar\/index.php\/se-entregaron-18-de-un-total-de-36-viviendas-que-se-construyen-en-pellegrini\/","url":"https:\/\/infoecos.com.ar\/index.php\/se-entregaron-18-de-un-total-de-36-viviendas-que-se-construyen-en-pellegrini\/","name":"Se entregaron 18 de un total de 36 viviendas que se construyen en Pellegrini - Infoecos","isPartOf":{"@id":"https:\/\/infoecos.com.ar\/#website"},"primaryImageOfPage":{"@id":"https:\/\/infoecos.com.ar\/index.php\/se-entregaron-18-de-un-total-de-36-viviendas-que-se-construyen-en-pellegrini\/#primaryimage"},"image":{"@id":"https:\/\/infoecos.com.ar\/index.php\/se-entregaron-18-de-un-total-de-36-viviendas-que-se-construyen-en-pellegrini\/#primaryimage"},"thumbnailUrl":"https:\/\/infoecos.com.ar\/wp-content\/uploads\/2023\/01\/DSC_8184-01-scaled.jpeg","datePublished":"2023-01-10T22:10:35+00:00","dateModified":"2023-01-17T04:35:18+00:00","breadcrumb":{"@id":"https:\/\/infoecos.com.ar\/index.php\/se-entregaron-18-de-un-total-de-36-viviendas-que-se-construyen-en-pellegrini\/#breadcrumb"},"inLanguage":"es","potentialAction":[{"@type":"ReadAction","target":["https:\/\/infoecos.com.ar\/index.php\/se-entregaron-18-de-un-total-de-36-viviendas-que-se-construyen-en-pellegrini\/"]}]},{"@type":"ImageObject","inLanguage":"es","@id":"https:\/\/infoecos.com.ar\/index.php\/se-entregaron-18-de-un-total-de-36-viviendas-que-se-construyen-en-pellegrini\/#primaryimage","url":"https:\/\/infoecos.com.ar\/wp-content\/uploads\/2023\/01\/DSC_8184-01-scaled.jpeg","contentUrl":"https:\/\/infoecos.com.ar\/wp-content\/uploads\/2023\/01\/DSC_8184-01-scaled.jpeg","width":2560,"height":1707},{"@type":"BreadcrumbList","@id":"https:\/\/infoecos.com.ar\/index.php\/se-entregaron-18-de-un-total-de-36-viviendas-que-se-construyen-en-pellegrini\/#breadcrumb","itemListElement":[{"@type":"ListItem","position":1,"name":"Portada","item":"https:\/\/infoecos.com.ar\/"},{"@type":"ListItem","position":2,"name":"Se entregaron 18 de un total de 36 viviendas que se construyen en Pellegrini"}]},{"@type":"WebSite","@id":"https:\/\/infoecos.com.ar\/#website","url":"https:\/\/infoecos.com.ar\/","name":"Infoecos","description":"Noticias de trenque lauquen y la zona","publisher":{"@id":"https:\/\/infoecos.com.ar\/#organization"},"alternateName":"Noticias","potentialAction":[{"@type":"SearchAction","target":{"@type":"EntryPoint","urlTemplate":"https:\/\/infoecos.com.ar\/?s={search_term_string}"},"query-input":{"@type":"PropertyValueSpecification","valueRequired":true,"valueName":"search_term_string"}}],"inLanguage":"es"},{"@type":"Organization","@id":"https:\/\/infoecos.com.ar\/#organization","name":"Infoecos","alternateName":"Noticias","url":"https:\/\/infoecos.com.ar\/","logo":{"@type":"ImageObject","inLanguage":"es","@id":"https:\/\/infoecos.com.ar\/#\/schema\/logo\/image\/","url":"https:\/\/infoecos.com.ar\/wp-content\/uploads\/2024\/03\/cropped-logo.png","contentUrl":"https:\/\/infoecos.com.ar\/wp-content\/uploads\/2024\/03\/cropped-logo.png","width":374,"height":90,"caption":"Infoecos"},"image":{"@id":"https:\/\/infoecos.com.ar\/#\/schema\/logo\/image\/"},"sameAs":["https:\/\/www.facebook.com\/profile.php?id=100063200290284","https:\/\/x.com\/infoecos"]},{"@type":"Person","@id":"https:\/\/infoecos.com.ar\/#\/schema\/person\/8f5ace5ce73b4b4aac4b7245aee6f191","name":"Jorge Matheus","url":"https:\/\/infoecos.com.ar\/index.php\/author\/jomatheus\/"}]}},"featured_image_urls":{"full":["https:\/\/infoecos.com.ar\/wp-content\/uploads\/2023\/01\/DSC_8184-01-scaled.jpeg",2560,1707,false],"thumbnail":["https:\/\/infoecos.com.ar\/wp-content\/uploads\/2023\/01\/DSC_8184-01-300x150.jpeg",300,150,true],"medium":["https:\/\/infoecos.com.ar\/wp-content\/uploads\/2023\/01\/DSC_8184-01-800x533.jpeg",800,533,true],"medium_large":["https:\/\/infoecos.com.ar\/wp-content\/uploads\/2023\/01\/DSC_8184-01-768x512.jpeg",640,427,true],"large":["https:\/\/infoecos.com.ar\/wp-content\/uploads\/2023\/01\/DSC_8184-01-1600x1067.jpeg",640,427,true],"1536x1536":["https:\/\/infoecos.com.ar\/wp-content\/uploads\/2023\/01\/DSC_8184-01-1536x1024.jpeg",1536,1024,true],"2048x2048":["https:\/\/infoecos.com.ar\/wp-content\/uploads\/2023\/01\/DSC_8184-01-2048x1366.jpeg",2048,1366,true],"covernews-slider-full":["https:\/\/infoecos.com.ar\/wp-content\/uploads\/2023\/01\/DSC_8184-01-1536x1020.jpeg",1077,715,true],"covernews-slider-center":["https:\/\/infoecos.com.ar\/wp-content\/uploads\/2023\/01\/DSC_8184-01-936x897.jpeg",522,500,true],"covernews-featured":["https:\/\/infoecos.com.ar\/wp-content\/uploads\/2023\/01\/DSC_8184-01-1024x683.jpeg",1024,683,true],"covernews-medium":["https:\/\/infoecos.com.ar\/wp-content\/uploads\/2023\/01\/DSC_8184-01-720x380.jpeg",540,285,true],"covernews-medium-square":["https:\/\/infoecos.com.ar\/wp-content\/uploads\/2023\/01\/DSC_8184-01-675x450.jpeg",375,250,true]},"author_info":{"info":["Jorge Matheus"]},"category_info":"<a href=\"https:\/\/infoecos.com.ar\/index.php\/category\/inferior10\/\" rel=\"category tag\">Bloque inferior - 10<\/a>","tag_info":"Bloque inferior - 10","comment_count":"0","_links":{"self":[{"href":"https:\/\/infoecos.com.ar\/index.php\/wp-json\/wp\/v2\/posts\/99846"}],"collection":[{"href":"https:\/\/infoecos.com.ar\/index.php\/wp-json\/wp\/v2\/posts"}],"about":[{"href":"https:\/\/infoecos.com.ar\/index.php\/wp-json\/wp\/v2\/types\/post"}],"author":[{"embeddable":true,"href":"https:\/\/infoecos.com.ar\/index.php\/wp-json\/wp\/v2\/users\/2"}],"replies":[{"embeddable":true,"href":"https:\/\/infoecos.com.ar\/index.php\/wp-json\/wp\/v2\/comments?post=99846"}],"version-history":[{"count":2,"href":"https:\/\/infoecos.com.ar\/index.php\/wp-json\/wp\/v2\/posts\/99846\/revisions"}],"predecessor-version":[{"id":99877,"href":"https:\/\/infoecos.com.ar\/index.php\/wp-json\/wp\/v2\/posts\/99846\/revisions\/99877"}],"wp:featuredmedia":[{"embeddable":true,"href":"https:\/\/infoecos.com.ar\/index.php\/wp-json\/wp\/v2\/media\/99847"}],"wp:attachment":[{"href":"https:\/\/infoecos.com.ar\/index.php\/wp-json\/wp\/v2\/media?parent=99846"}],"wp:term":[{"taxonomy":"category","embeddable":true,"href":"https:\/\/infoecos.com.ar\/index.php\/wp-json\/wp\/v2\/categories?post=99846"},{"taxonomy":"post_tag","embeddable":true,"href":"https:\/\/infoecos.com.ar\/index.php\/wp-json\/wp\/v2\/tags?post=99846"}],"curies":[{"name":"wp","href":"https:\/\/api.w.org\/{rel}","templated":true}]}}