{"id":99858,"date":"2023-01-10T19:43:38","date_gmt":"2023-01-10T22:43:38","guid":{"rendered":"https:\/\/infoecos.com.ar\/?p=99858"},"modified":"2023-01-12T10:52:08","modified_gmt":"2023-01-12T13:52:08","slug":"bomberos-voluntarios-de-trenque-lauquen-recibe-el-viernes-el-predio-en-12-de-abril-al-400","status":"publish","type":"post","link":"https:\/\/infoecos.com.ar\/index.php\/bomberos-voluntarios-de-trenque-lauquen-recibe-el-viernes-el-predio-en-12-de-abril-al-400\/","title":{"rendered":"Bomberos Voluntarios de Trenque Lauquen recibe ma\u00f1ana su predio en 12 de Abril al 400"},"content":{"rendered":"\n<p>Bomberos Voluntarios de Trenque Lauquen anunci\u00f3 que el viernes pr\u00f3ximo se entregar\u00e1 el predio que prometi\u00f3 el gobierno municipal.<\/p>\n\n\n\n<figure class=\"wp-block-image aligncenter size-full\"><img loading=\"lazy\" decoding=\"async\" width=\"1080\" height=\"1080\" src=\"https:\/\/infoecos.com.ar\/wp-content\/uploads\/2023\/01\/bomberosterreno.jpg\" alt=\"\" class=\"wp-image-99859\" srcset=\"https:\/\/infoecos.com.ar\/wp-content\/uploads\/2023\/01\/bomberosterreno.jpg 1080w, https:\/\/infoecos.com.ar\/wp-content\/uploads\/2023\/01\/bomberosterreno-800x800.jpg 800w, https:\/\/infoecos.com.ar\/wp-content\/uploads\/2023\/01\/bomberosterreno-768x768.jpg 768w, https:\/\/infoecos.com.ar\/wp-content\/uploads\/2023\/01\/bomberosterreno-1024x1024.jpg 1024w\" sizes=\"(max-width: 1080px) 100vw, 1080px\" \/><figcaption class=\"wp-element-caption\">Bomberos Voluntarios Trenque Lauquen &#8211; Entrega del predio<\/figcaption><\/figure>\n\n\n\n<p>El espacio est\u00e1 ubicado en la calle 12 de Abril al 400, un lugar estr\u00e1tegico para el funcionamiento de dependencias de la entidad de servicios. El acto se realizar\u00e1 a las 19 horas.<\/p>\n\n\n\n<p>En pocos meses se llevar\u00e1n a cabo las tareas de construcci\u00f3n para el nuevo campo de entrenamiento y futuro cuartel.<\/p>\n\n\n\n<p>Se cumplir\u00e1 de esta manera un objetivo que se impusieron desde Bomberos Voluntarios, posiblemente la entidad que mayor ha crecido en los \u00faltimos a\u00f1os en esta ciudad del oeste de la provincia de Buenos Aires. El intendente Fern\u00e1ndez mantiene una aceitada relaci\u00f3n con la instituci\u00f3n y se hab\u00eda comprometido a concretar este paso. <br><br><\/p>\n","protected":false},"excerpt":{"rendered":"<p>Anticipan que en en pocos meses se llevar\u00e1n a cabo las tareas de construcci\u00f3n para el nuevo campo de entrenamiento y futuro cuartel.<\/p>\n","protected":false},"author":2,"featured_media":99859,"comment_status":"closed","ping_status":"open","sticky":false,"template":"","format":"standard","meta":{"footnotes":""},"categories":[48],"tags":[7064],"class_list":["post-99858","post","type-post","status-publish","format-standard","has-post-thumbnail","hentry","category-c2nota3","tag-noticion"],"yoast_head":"<!-- This site is optimized with the Yoast SEO plugin v23.4 - https:\/\/yoast.com\/wordpress\/plugins\/seo\/ -->\n<title>Bomberos Voluntarios de Trenque Lauquen recibe ma\u00f1ana su predio en 12 de Abril al 400 - Infoecos<\/title>\n<meta name=\"robots\" content=\"index, follow, max-snippet:-1, max-image-preview:large, max-video-preview:-1\" \/>\n<link rel=\"canonical\" href=\"https:\/\/infoecos.com.ar\/index.php\/bomberos-voluntarios-de-trenque-lauquen-recibe-el-viernes-el-predio-en-12-de-abril-al-400\/\" \/>\n<meta property=\"og:locale\" content=\"es_ES\" \/>\n<meta property=\"og:type\" content=\"article\" \/>\n<meta property=\"og:title\" content=\"Bomberos Voluntarios de Trenque Lauquen recibe ma\u00f1ana su predio en 12 de Abril al 400 - Infoecos\" \/>\n<meta property=\"og:description\" content=\"Anticipan que en en pocos meses se llevar\u00e1n a cabo las tareas de construcci\u00f3n para el nuevo campo de entrenamiento y futuro cuartel.\" \/>\n<meta property=\"og:url\" content=\"https:\/\/infoecos.com.ar\/index.php\/bomberos-voluntarios-de-trenque-lauquen-recibe-el-viernes-el-predio-en-12-de-abril-al-400\/\" \/>\n<meta property=\"og:site_name\" content=\"Infoecos\" \/>\n<meta property=\"article:publisher\" content=\"https:\/\/www.facebook.com\/profile.php?id=100063200290284\" \/>\n<meta property=\"article:published_time\" content=\"2023-01-10T22:43:38+00:00\" \/>\n<meta property=\"article:modified_time\" content=\"2023-01-12T13:52:08+00:00\" \/>\n<meta property=\"og:image\" content=\"https:\/\/infoecos.com.ar\/wp-content\/uploads\/2023\/01\/bomberosterreno.jpg\" \/>\n\t<meta property=\"og:image:width\" content=\"1080\" \/>\n\t<meta property=\"og:image:height\" content=\"1080\" \/>\n\t<meta property=\"og:image:type\" content=\"image\/jpeg\" \/>\n<meta name=\"author\" content=\"Jorge Matheus\" \/>\n<meta name=\"twitter:card\" content=\"summary_large_image\" \/>\n<meta name=\"twitter:creator\" content=\"@infoecos\" \/>\n<meta name=\"twitter:site\" content=\"@infoecos\" \/>\n<meta name=\"twitter:label1\" content=\"Escrito por\" \/>\n\t<meta name=\"twitter:data1\" content=\"Jorge Matheus\" \/>\n\t<meta name=\"twitter:label2\" content=\"Tiempo de lectura\" \/>\n\t<meta name=\"twitter:data2\" content=\"1 minuto\" \/>\n<script type=\"application\/ld+json\" class=\"yoast-schema-graph\">{\"@context\":\"https:\/\/schema.org\",\"@graph\":[{\"@type\":\"Article\",\"@id\":\"https:\/\/infoecos.com.ar\/index.php\/bomberos-voluntarios-de-trenque-lauquen-recibe-el-viernes-el-predio-en-12-de-abril-al-400\/#article\",\"isPartOf\":{\"@id\":\"https:\/\/infoecos.com.ar\/index.php\/bomberos-voluntarios-de-trenque-lauquen-recibe-el-viernes-el-predio-en-12-de-abril-al-400\/\"},\"author\":{\"name\":\"Jorge Matheus\",\"@id\":\"https:\/\/infoecos.com.ar\/#\/schema\/person\/8f5ace5ce73b4b4aac4b7245aee6f191\"},\"headline\":\"Bomberos Voluntarios de Trenque Lauquen recibe ma\u00f1ana su predio en 12 de Abril al 400\",\"datePublished\":\"2023-01-10T22:43:38+00:00\",\"dateModified\":\"2023-01-12T13:52:08+00:00\",\"mainEntityOfPage\":{\"@id\":\"https:\/\/infoecos.com.ar\/index.php\/bomberos-voluntarios-de-trenque-lauquen-recibe-el-viernes-el-predio-en-12-de-abril-al-400\/\"},\"wordCount\":153,\"publisher\":{\"@id\":\"https:\/\/infoecos.com.ar\/#organization\"},\"image\":{\"@id\":\"https:\/\/infoecos.com.ar\/index.php\/bomberos-voluntarios-de-trenque-lauquen-recibe-el-viernes-el-predio-en-12-de-abril-al-400\/#primaryimage\"},\"thumbnailUrl\":\"https:\/\/infoecos.com.ar\/wp-content\/uploads\/2023\/01\/bomberosterreno.jpg\",\"keywords\":[\"NOTICI\u00d3N\"],\"articleSection\":[\"C2 N3\"],\"inLanguage\":\"es\"},{\"@type\":\"WebPage\",\"@id\":\"https:\/\/infoecos.com.ar\/index.php\/bomberos-voluntarios-de-trenque-lauquen-recibe-el-viernes-el-predio-en-12-de-abril-al-400\/\",\"url\":\"https:\/\/infoecos.com.ar\/index.php\/bomberos-voluntarios-de-trenque-lauquen-recibe-el-viernes-el-predio-en-12-de-abril-al-400\/\",\"name\":\"Bomberos Voluntarios de Trenque Lauquen recibe ma\u00f1ana su predio en 12 de Abril al 400 - Infoecos\",\"isPartOf\":{\"@id\":\"https:\/\/infoecos.com.ar\/#website\"},\"primaryImageOfPage\":{\"@id\":\"https:\/\/infoecos.com.ar\/index.php\/bomberos-voluntarios-de-trenque-lauquen-recibe-el-viernes-el-predio-en-12-de-abril-al-400\/#primaryimage\"},\"image\":{\"@id\":\"https:\/\/infoecos.com.ar\/index.php\/bomberos-voluntarios-de-trenque-lauquen-recibe-el-viernes-el-predio-en-12-de-abril-al-400\/#primaryimage\"},\"thumbnailUrl\":\"https:\/\/infoecos.com.ar\/wp-content\/uploads\/2023\/01\/bomberosterreno.jpg\",\"datePublished\":\"2023-01-10T22:43:38+00:00\",\"dateModified\":\"2023-01-12T13:52:08+00:00\",\"breadcrumb\":{\"@id\":\"https:\/\/infoecos.com.ar\/index.php\/bomberos-voluntarios-de-trenque-lauquen-recibe-el-viernes-el-predio-en-12-de-abril-al-400\/#breadcrumb\"},\"inLanguage\":\"es\",\"potentialAction\":[{\"@type\":\"ReadAction\",\"target\":[\"https:\/\/infoecos.com.ar\/index.php\/bomberos-voluntarios-de-trenque-lauquen-recibe-el-viernes-el-predio-en-12-de-abril-al-400\/\"]}]},{\"@type\":\"ImageObject\",\"inLanguage\":\"es\",\"@id\":\"https:\/\/infoecos.com.ar\/index.php\/bomberos-voluntarios-de-trenque-lauquen-recibe-el-viernes-el-predio-en-12-de-abril-al-400\/#primaryimage\",\"url\":\"https:\/\/infoecos.com.ar\/wp-content\/uploads\/2023\/01\/bomberosterreno.jpg\",\"contentUrl\":\"https:\/\/infoecos.com.ar\/wp-content\/uploads\/2023\/01\/bomberosterreno.jpg\",\"width\":1080,\"height\":1080},{\"@type\":\"BreadcrumbList\",\"@id\":\"https:\/\/infoecos.com.ar\/index.php\/bomberos-voluntarios-de-trenque-lauquen-recibe-el-viernes-el-predio-en-12-de-abril-al-400\/#breadcrumb\",\"itemListElement\":[{\"@type\":\"ListItem\",\"position\":1,\"name\":\"Portada\",\"item\":\"https:\/\/infoecos.com.ar\/\"},{\"@type\":\"ListItem\",\"position\":2,\"name\":\"Bomberos Voluntarios de Trenque Lauquen recibe ma\u00f1ana su predio en 12 de Abril al 400\"}]},{\"@type\":\"WebSite\",\"@id\":\"https:\/\/infoecos.com.ar\/#website\",\"url\":\"https:\/\/infoecos.com.ar\/\",\"name\":\"Infoecos\",\"description\":\"Noticias de trenque lauquen y la zona\",\"publisher\":{\"@id\":\"https:\/\/infoecos.com.ar\/#organization\"},\"alternateName\":\"Noticias\",\"potentialAction\":[{\"@type\":\"SearchAction\",\"target\":{\"@type\":\"EntryPoint\",\"urlTemplate\":\"https:\/\/infoecos.com.ar\/?s={search_term_string}\"},\"query-input\":{\"@type\":\"PropertyValueSpecification\",\"valueRequired\":true,\"valueName\":\"search_term_string\"}}],\"inLanguage\":\"es\"},{\"@type\":\"Organization\",\"@id\":\"https:\/\/infoecos.com.ar\/#organization\",\"name\":\"Infoecos\",\"alternateName\":\"Noticias\",\"url\":\"https:\/\/infoecos.com.ar\/\",\"logo\":{\"@type\":\"ImageObject\",\"inLanguage\":\"es\",\"@id\":\"https:\/\/infoecos.com.ar\/#\/schema\/logo\/image\/\",\"url\":\"https:\/\/infoecos.com.ar\/wp-content\/uploads\/2024\/03\/cropped-logo.png\",\"contentUrl\":\"https:\/\/infoecos.com.ar\/wp-content\/uploads\/2024\/03\/cropped-logo.png\",\"width\":374,\"height\":90,\"caption\":\"Infoecos\"},\"image\":{\"@id\":\"https:\/\/infoecos.com.ar\/#\/schema\/logo\/image\/\"},\"sameAs\":[\"https:\/\/www.facebook.com\/profile.php?id=100063200290284\",\"https:\/\/x.com\/infoecos\"]},{\"@type\":\"Person\",\"@id\":\"https:\/\/infoecos.com.ar\/#\/schema\/person\/8f5ace5ce73b4b4aac4b7245aee6f191\",\"name\":\"Jorge Matheus\",\"url\":\"https:\/\/infoecos.com.ar\/index.php\/author\/jomatheus\/\"}]}<\/script>\n<!-- \/ Yoast SEO plugin. -->","yoast_head_json":{"title":"Bomberos Voluntarios de Trenque Lauquen recibe ma\u00f1ana su predio en 12 de Abril al 400 - Infoecos","robots":{"index":"index","follow":"follow","max-snippet":"max-snippet:-1","max-image-preview":"max-image-preview:large","max-video-preview":"max-video-preview:-1"},"canonical":"https:\/\/infoecos.com.ar\/index.php\/bomberos-voluntarios-de-trenque-lauquen-recibe-el-viernes-el-predio-en-12-de-abril-al-400\/","og_locale":"es_ES","og_type":"article","og_title":"Bomberos Voluntarios de Trenque Lauquen recibe ma\u00f1ana su predio en 12 de Abril al 400 - Infoecos","og_description":"Anticipan que en en pocos meses se llevar\u00e1n a cabo las tareas de construcci\u00f3n para el nuevo campo de entrenamiento y futuro cuartel.","og_url":"https:\/\/infoecos.com.ar\/index.php\/bomberos-voluntarios-de-trenque-lauquen-recibe-el-viernes-el-predio-en-12-de-abril-al-400\/","og_site_name":"Infoecos","article_publisher":"https:\/\/www.facebook.com\/profile.php?id=100063200290284","article_published_time":"2023-01-10T22:43:38+00:00","article_modified_time":"2023-01-12T13:52:08+00:00","og_image":[{"width":1080,"height":1080,"url":"https:\/\/infoecos.com.ar\/wp-content\/uploads\/2023\/01\/bomberosterreno.jpg","type":"image\/jpeg"}],"author":"Jorge Matheus","twitter_card":"summary_large_image","twitter_creator":"@infoecos","twitter_site":"@infoecos","twitter_misc":{"Escrito por":"Jorge Matheus","Tiempo de lectura":"1 minuto"},"schema":{"@context":"https:\/\/schema.org","@graph":[{"@type":"Article","@id":"https:\/\/infoecos.com.ar\/index.php\/bomberos-voluntarios-de-trenque-lauquen-recibe-el-viernes-el-predio-en-12-de-abril-al-400\/#article","isPartOf":{"@id":"https:\/\/infoecos.com.ar\/index.php\/bomberos-voluntarios-de-trenque-lauquen-recibe-el-viernes-el-predio-en-12-de-abril-al-400\/"},"author":{"name":"Jorge Matheus","@id":"https:\/\/infoecos.com.ar\/#\/schema\/person\/8f5ace5ce73b4b4aac4b7245aee6f191"},"headline":"Bomberos Voluntarios de Trenque Lauquen recibe ma\u00f1ana su predio en 12 de Abril al 400","datePublished":"2023-01-10T22:43:38+00:00","dateModified":"2023-01-12T13:52:08+00:00","mainEntityOfPage":{"@id":"https:\/\/infoecos.com.ar\/index.php\/bomberos-voluntarios-de-trenque-lauquen-recibe-el-viernes-el-predio-en-12-de-abril-al-400\/"},"wordCount":153,"publisher":{"@id":"https:\/\/infoecos.com.ar\/#organization"},"image":{"@id":"https:\/\/infoecos.com.ar\/index.php\/bomberos-voluntarios-de-trenque-lauquen-recibe-el-viernes-el-predio-en-12-de-abril-al-400\/#primaryimage"},"thumbnailUrl":"https:\/\/infoecos.com.ar\/wp-content\/uploads\/2023\/01\/bomberosterreno.jpg","keywords":["NOTICI\u00d3N"],"articleSection":["C2 N3"],"inLanguage":"es"},{"@type":"WebPage","@id":"https:\/\/infoecos.com.ar\/index.php\/bomberos-voluntarios-de-trenque-lauquen-recibe-el-viernes-el-predio-en-12-de-abril-al-400\/","url":"https:\/\/infoecos.com.ar\/index.php\/bomberos-voluntarios-de-trenque-lauquen-recibe-el-viernes-el-predio-en-12-de-abril-al-400\/","name":"Bomberos Voluntarios de Trenque Lauquen recibe ma\u00f1ana su predio en 12 de Abril al 400 - Infoecos","isPartOf":{"@id":"https:\/\/infoecos.com.ar\/#website"},"primaryImageOfPage":{"@id":"https:\/\/infoecos.com.ar\/index.php\/bomberos-voluntarios-de-trenque-lauquen-recibe-el-viernes-el-predio-en-12-de-abril-al-400\/#primaryimage"},"image":{"@id":"https:\/\/infoecos.com.ar\/index.php\/bomberos-voluntarios-de-trenque-lauquen-recibe-el-viernes-el-predio-en-12-de-abril-al-400\/#primaryimage"},"thumbnailUrl":"https:\/\/infoecos.com.ar\/wp-content\/uploads\/2023\/01\/bomberosterreno.jpg","datePublished":"2023-01-10T22:43:38+00:00","dateModified":"2023-01-12T13:52:08+00:00","breadcrumb":{"@id":"https:\/\/infoecos.com.ar\/index.php\/bomberos-voluntarios-de-trenque-lauquen-recibe-el-viernes-el-predio-en-12-de-abril-al-400\/#breadcrumb"},"inLanguage":"es","potentialAction":[{"@type":"ReadAction","target":["https:\/\/infoecos.com.ar\/index.php\/bomberos-voluntarios-de-trenque-lauquen-recibe-el-viernes-el-predio-en-12-de-abril-al-400\/"]}]},{"@type":"ImageObject","inLanguage":"es","@id":"https:\/\/infoecos.com.ar\/index.php\/bomberos-voluntarios-de-trenque-lauquen-recibe-el-viernes-el-predio-en-12-de-abril-al-400\/#primaryimage","url":"https:\/\/infoecos.com.ar\/wp-content\/uploads\/2023\/01\/bomberosterreno.jpg","contentUrl":"https:\/\/infoecos.com.ar\/wp-content\/uploads\/2023\/01\/bomberosterreno.jpg","width":1080,"height":1080},{"@type":"BreadcrumbList","@id":"https:\/\/infoecos.com.ar\/index.php\/bomberos-voluntarios-de-trenque-lauquen-recibe-el-viernes-el-predio-en-12-de-abril-al-400\/#breadcrumb","itemListElement":[{"@type":"ListItem","position":1,"name":"Portada","item":"https:\/\/infoecos.com.ar\/"},{"@type":"ListItem","position":2,"name":"Bomberos Voluntarios de Trenque Lauquen recibe ma\u00f1ana su predio en 12 de Abril al 400"}]},{"@type":"WebSite","@id":"https:\/\/infoecos.com.ar\/#website","url":"https:\/\/infoecos.com.ar\/","name":"Infoecos","description":"Noticias de trenque lauquen y la zona","publisher":{"@id":"https:\/\/infoecos.com.ar\/#organization"},"alternateName":"Noticias","potentialAction":[{"@type":"SearchAction","target":{"@type":"EntryPoint","urlTemplate":"https:\/\/infoecos.com.ar\/?s={search_term_string}"},"query-input":{"@type":"PropertyValueSpecification","valueRequired":true,"valueName":"search_term_string"}}],"inLanguage":"es"},{"@type":"Organization","@id":"https:\/\/infoecos.com.ar\/#organization","name":"Infoecos","alternateName":"Noticias","url":"https:\/\/infoecos.com.ar\/","logo":{"@type":"ImageObject","inLanguage":"es","@id":"https:\/\/infoecos.com.ar\/#\/schema\/logo\/image\/","url":"https:\/\/infoecos.com.ar\/wp-content\/uploads\/2024\/03\/cropped-logo.png","contentUrl":"https:\/\/infoecos.com.ar\/wp-content\/uploads\/2024\/03\/cropped-logo.png","width":374,"height":90,"caption":"Infoecos"},"image":{"@id":"https:\/\/infoecos.com.ar\/#\/schema\/logo\/image\/"},"sameAs":["https:\/\/www.facebook.com\/profile.php?id=100063200290284","https:\/\/x.com\/infoecos"]},{"@type":"Person","@id":"https:\/\/infoecos.com.ar\/#\/schema\/person\/8f5ace5ce73b4b4aac4b7245aee6f191","name":"Jorge Matheus","url":"https:\/\/infoecos.com.ar\/index.php\/author\/jomatheus\/"}]}},"featured_image_urls":{"full":["https:\/\/infoecos.com.ar\/wp-content\/uploads\/2023\/01\/bomberosterreno.jpg",1080,1080,false],"thumbnail":["https:\/\/infoecos.com.ar\/wp-content\/uploads\/2023\/01\/bomberosterreno-300x150.jpg",300,150,true],"medium":["https:\/\/infoecos.com.ar\/wp-content\/uploads\/2023\/01\/bomberosterreno-800x800.jpg",800,800,true],"medium_large":["https:\/\/infoecos.com.ar\/wp-content\/uploads\/2023\/01\/bomberosterreno-768x768.jpg",640,640,true],"large":["https:\/\/infoecos.com.ar\/wp-content\/uploads\/2023\/01\/bomberosterreno.jpg",640,640,false],"1536x1536":["https:\/\/infoecos.com.ar\/wp-content\/uploads\/2023\/01\/bomberosterreno.jpg",1080,1080,false],"2048x2048":["https:\/\/infoecos.com.ar\/wp-content\/uploads\/2023\/01\/bomberosterreno.jpg",1080,1080,false],"covernews-slider-full":["https:\/\/infoecos.com.ar\/wp-content\/uploads\/2023\/01\/bomberosterreno-1080x1020.jpg",757,715,true],"covernews-slider-center":["https:\/\/infoecos.com.ar\/wp-content\/uploads\/2023\/01\/bomberosterreno-936x897.jpg",522,500,true],"covernews-featured":["https:\/\/infoecos.com.ar\/wp-content\/uploads\/2023\/01\/bomberosterreno-1024x1024.jpg",1024,1024,true],"covernews-medium":["https:\/\/infoecos.com.ar\/wp-content\/uploads\/2023\/01\/bomberosterreno-720x380.jpg",540,285,true],"covernews-medium-square":["https:\/\/infoecos.com.ar\/wp-content\/uploads\/2023\/01\/bomberosterreno-675x450.jpg",375,250,true]},"author_info":{"info":["Jorge Matheus"]},"category_info":"<a href=\"https:\/\/infoecos.com.ar\/index.php\/category\/c2nota3\/\" rel=\"category tag\">C2 N3<\/a>","tag_info":"C2 N3","comment_count":"0","_links":{"self":[{"href":"https:\/\/infoecos.com.ar\/index.php\/wp-json\/wp\/v2\/posts\/99858"}],"collection":[{"href":"https:\/\/infoecos.com.ar\/index.php\/wp-json\/wp\/v2\/posts"}],"about":[{"href":"https:\/\/infoecos.com.ar\/index.php\/wp-json\/wp\/v2\/types\/post"}],"author":[{"embeddable":true,"href":"https:\/\/infoecos.com.ar\/index.php\/wp-json\/wp\/v2\/users\/2"}],"replies":[{"embeddable":true,"href":"https:\/\/infoecos.com.ar\/index.php\/wp-json\/wp\/v2\/comments?post=99858"}],"version-history":[{"count":3,"href":"https:\/\/infoecos.com.ar\/index.php\/wp-json\/wp\/v2\/posts\/99858\/revisions"}],"predecessor-version":[{"id":99936,"href":"https:\/\/infoecos.com.ar\/index.php\/wp-json\/wp\/v2\/posts\/99858\/revisions\/99936"}],"wp:featuredmedia":[{"embeddable":true,"href":"https:\/\/infoecos.com.ar\/index.php\/wp-json\/wp\/v2\/media\/99859"}],"wp:attachment":[{"href":"https:\/\/infoecos.com.ar\/index.php\/wp-json\/wp\/v2\/media?parent=99858"}],"wp:term":[{"taxonomy":"category","embeddable":true,"href":"https:\/\/infoecos.com.ar\/index.php\/wp-json\/wp\/v2\/categories?post=99858"},{"taxonomy":"post_tag","embeddable":true,"href":"https:\/\/infoecos.com.ar\/index.php\/wp-json\/wp\/v2\/tags?post=99858"}],"curies":[{"name":"wp","href":"https:\/\/api.w.org\/{rel}","templated":true}]}}