{"id":99862,"date":"2023-01-10T19:53:15","date_gmt":"2023-01-10T22:53:15","guid":{"rendered":"https:\/\/infoecos.com.ar\/?p=99862"},"modified":"2023-01-11T01:47:17","modified_gmt":"2023-01-11T04:47:17","slug":"fuertes-vientos-en-bahia-blanca-con-mucha-caida-de-arboles","status":"publish","type":"post","link":"https:\/\/infoecos.com.ar\/index.php\/fuertes-vientos-en-bahia-blanca-con-mucha-caida-de-arboles\/","title":{"rendered":"Fuertes vientos en Bah\u00eda Blanca con mucha ca\u00edda de \u00e1rboles"},"content":{"rendered":"\n<p>Los fuertes vientos que soplan sobre Bah\u00eda Blanca produjeron la ca\u00edda de \u00e1rboles y cortes del tendido el\u00e9ctrico. Los equipos de emergencia trabajan en varios lugares y no se registraron heridos.<\/p>\n\n\n\n<figure class=\"wp-block-image aligncenter size-full is-resized\"><img loading=\"lazy\" decoding=\"async\" src=\"https:\/\/infoecos.com.ar\/wp-content\/uploads\/2023\/01\/image-40.png\" alt=\"\" class=\"wp-image-99863\" width=\"485\" height=\"364\" srcset=\"https:\/\/infoecos.com.ar\/wp-content\/uploads\/2023\/01\/image-40.png 1156w, https:\/\/infoecos.com.ar\/wp-content\/uploads\/2023\/01\/image-40-800x600.png 800w, https:\/\/infoecos.com.ar\/wp-content\/uploads\/2023\/01\/image-40-768x576.png 768w, https:\/\/infoecos.com.ar\/wp-content\/uploads\/2023\/01\/image-40-1024x768.png 1024w\" sizes=\"(max-width: 485px) 100vw, 485px\" \/><figcaption class=\"wp-element-caption\">Bah\u00eda Blanca &#8211; Vientos<\/figcaption><\/figure>\n\n\n\n<p>Uno de los incidentes ocurri\u00f3 en el Barrio Pampa Central con un \u00e1rbol de grandes dimensiones que obstaculiz\u00f3 la circulaci\u00f3n y afect\u00f3 una vivienda donde no hab\u00eda nadie al momento del incidente.<\/p>\n\n\n\n<p>En otros puntos de la ciudad tambi\u00e9n se han reportado ca\u00edda de \u00e1rboles y ramas, pero con menor gravedad.<\/p>\n\n\n\n<p>El lugar de la ciudad que m\u00e1s sinti\u00f3 los efectos del temporal, en cuanto a ca\u00edda de \u00e1rboles y ramas, fue la zona Noroeste.<\/p>\n\n\n\n<p>Fuente: labrujula24.com<\/p>\n","protected":false},"excerpt":{"rendered":"<p>El lugar de la ciudad que m\u00e1s sinti\u00f3 los efectos del temporal, en cuanto a ca\u00edda de \u00e1rboles y ramas, fue la zona Noroeste<\/p>\n","protected":false},"author":2,"featured_media":99863,"comment_status":"closed","ping_status":"open","sticky":false,"template":"","format":"standard","meta":{"footnotes":""},"categories":[197],"tags":[7065],"class_list":["post-99862","post","type-post","status-publish","format-standard","has-post-thumbnail","hentry","category-c3nota4","tag-en-la-tarde-de-este-martes"],"yoast_head":"<!-- This site is optimized with the Yoast SEO plugin v23.4 - https:\/\/yoast.com\/wordpress\/plugins\/seo\/ -->\n<title>Fuertes vientos en Bah\u00eda Blanca con mucha ca\u00edda de \u00e1rboles - Infoecos<\/title>\n<meta name=\"robots\" content=\"index, follow, max-snippet:-1, max-image-preview:large, max-video-preview:-1\" \/>\n<link rel=\"canonical\" href=\"https:\/\/infoecos.com.ar\/index.php\/fuertes-vientos-en-bahia-blanca-con-mucha-caida-de-arboles\/\" \/>\n<meta property=\"og:locale\" content=\"es_ES\" \/>\n<meta property=\"og:type\" content=\"article\" \/>\n<meta property=\"og:title\" content=\"Fuertes vientos en Bah\u00eda Blanca con mucha ca\u00edda de \u00e1rboles - Infoecos\" \/>\n<meta property=\"og:description\" content=\"El lugar de la ciudad que m\u00e1s sinti\u00f3 los efectos del temporal, en cuanto a ca\u00edda de \u00e1rboles y ramas, fue la zona Noroeste\" \/>\n<meta property=\"og:url\" content=\"https:\/\/infoecos.com.ar\/index.php\/fuertes-vientos-en-bahia-blanca-con-mucha-caida-de-arboles\/\" \/>\n<meta property=\"og:site_name\" content=\"Infoecos\" \/>\n<meta property=\"article:publisher\" content=\"https:\/\/www.facebook.com\/profile.php?id=100063200290284\" \/>\n<meta property=\"article:published_time\" content=\"2023-01-10T22:53:15+00:00\" \/>\n<meta property=\"article:modified_time\" content=\"2023-01-11T04:47:17+00:00\" \/>\n<meta property=\"og:image\" content=\"https:\/\/infoecos.com.ar\/wp-content\/uploads\/2023\/01\/image-40.png\" \/>\n\t<meta property=\"og:image:width\" content=\"1156\" \/>\n\t<meta property=\"og:image:height\" content=\"867\" \/>\n\t<meta property=\"og:image:type\" content=\"image\/png\" \/>\n<meta name=\"author\" content=\"Jorge Matheus\" \/>\n<meta name=\"twitter:card\" content=\"summary_large_image\" \/>\n<meta name=\"twitter:creator\" content=\"@infoecos\" \/>\n<meta name=\"twitter:site\" content=\"@infoecos\" \/>\n<meta name=\"twitter:label1\" content=\"Escrito por\" \/>\n\t<meta name=\"twitter:data1\" content=\"Jorge Matheus\" \/>\n\t<meta name=\"twitter:label2\" content=\"Tiempo de lectura\" \/>\n\t<meta name=\"twitter:data2\" content=\"1 minuto\" \/>\n<script type=\"application\/ld+json\" class=\"yoast-schema-graph\">{\"@context\":\"https:\/\/schema.org\",\"@graph\":[{\"@type\":\"Article\",\"@id\":\"https:\/\/infoecos.com.ar\/index.php\/fuertes-vientos-en-bahia-blanca-con-mucha-caida-de-arboles\/#article\",\"isPartOf\":{\"@id\":\"https:\/\/infoecos.com.ar\/index.php\/fuertes-vientos-en-bahia-blanca-con-mucha-caida-de-arboles\/\"},\"author\":{\"name\":\"Jorge Matheus\",\"@id\":\"https:\/\/infoecos.com.ar\/#\/schema\/person\/8f5ace5ce73b4b4aac4b7245aee6f191\"},\"headline\":\"Fuertes vientos en Bah\u00eda Blanca con mucha ca\u00edda de \u00e1rboles\",\"datePublished\":\"2023-01-10T22:53:15+00:00\",\"dateModified\":\"2023-01-11T04:47:17+00:00\",\"mainEntityOfPage\":{\"@id\":\"https:\/\/infoecos.com.ar\/index.php\/fuertes-vientos-en-bahia-blanca-con-mucha-caida-de-arboles\/\"},\"wordCount\":135,\"publisher\":{\"@id\":\"https:\/\/infoecos.com.ar\/#organization\"},\"image\":{\"@id\":\"https:\/\/infoecos.com.ar\/index.php\/fuertes-vientos-en-bahia-blanca-con-mucha-caida-de-arboles\/#primaryimage\"},\"thumbnailUrl\":\"https:\/\/infoecos.com.ar\/wp-content\/uploads\/2023\/01\/image-40.png\",\"keywords\":[\"EN LA TARDE DE ESTE MARTES\"],\"articleSection\":[\"C3 N4\"],\"inLanguage\":\"es\"},{\"@type\":\"WebPage\",\"@id\":\"https:\/\/infoecos.com.ar\/index.php\/fuertes-vientos-en-bahia-blanca-con-mucha-caida-de-arboles\/\",\"url\":\"https:\/\/infoecos.com.ar\/index.php\/fuertes-vientos-en-bahia-blanca-con-mucha-caida-de-arboles\/\",\"name\":\"Fuertes vientos en Bah\u00eda Blanca con mucha ca\u00edda de \u00e1rboles - Infoecos\",\"isPartOf\":{\"@id\":\"https:\/\/infoecos.com.ar\/#website\"},\"primaryImageOfPage\":{\"@id\":\"https:\/\/infoecos.com.ar\/index.php\/fuertes-vientos-en-bahia-blanca-con-mucha-caida-de-arboles\/#primaryimage\"},\"image\":{\"@id\":\"https:\/\/infoecos.com.ar\/index.php\/fuertes-vientos-en-bahia-blanca-con-mucha-caida-de-arboles\/#primaryimage\"},\"thumbnailUrl\":\"https:\/\/infoecos.com.ar\/wp-content\/uploads\/2023\/01\/image-40.png\",\"datePublished\":\"2023-01-10T22:53:15+00:00\",\"dateModified\":\"2023-01-11T04:47:17+00:00\",\"breadcrumb\":{\"@id\":\"https:\/\/infoecos.com.ar\/index.php\/fuertes-vientos-en-bahia-blanca-con-mucha-caida-de-arboles\/#breadcrumb\"},\"inLanguage\":\"es\",\"potentialAction\":[{\"@type\":\"ReadAction\",\"target\":[\"https:\/\/infoecos.com.ar\/index.php\/fuertes-vientos-en-bahia-blanca-con-mucha-caida-de-arboles\/\"]}]},{\"@type\":\"ImageObject\",\"inLanguage\":\"es\",\"@id\":\"https:\/\/infoecos.com.ar\/index.php\/fuertes-vientos-en-bahia-blanca-con-mucha-caida-de-arboles\/#primaryimage\",\"url\":\"https:\/\/infoecos.com.ar\/wp-content\/uploads\/2023\/01\/image-40.png\",\"contentUrl\":\"https:\/\/infoecos.com.ar\/wp-content\/uploads\/2023\/01\/image-40.png\",\"width\":1156,\"height\":867},{\"@type\":\"BreadcrumbList\",\"@id\":\"https:\/\/infoecos.com.ar\/index.php\/fuertes-vientos-en-bahia-blanca-con-mucha-caida-de-arboles\/#breadcrumb\",\"itemListElement\":[{\"@type\":\"ListItem\",\"position\":1,\"name\":\"Portada\",\"item\":\"https:\/\/infoecos.com.ar\/\"},{\"@type\":\"ListItem\",\"position\":2,\"name\":\"Fuertes vientos en Bah\u00eda Blanca con mucha ca\u00edda de \u00e1rboles\"}]},{\"@type\":\"WebSite\",\"@id\":\"https:\/\/infoecos.com.ar\/#website\",\"url\":\"https:\/\/infoecos.com.ar\/\",\"name\":\"Infoecos\",\"description\":\"Noticias de trenque lauquen y la zona\",\"publisher\":{\"@id\":\"https:\/\/infoecos.com.ar\/#organization\"},\"alternateName\":\"Noticias\",\"potentialAction\":[{\"@type\":\"SearchAction\",\"target\":{\"@type\":\"EntryPoint\",\"urlTemplate\":\"https:\/\/infoecos.com.ar\/?s={search_term_string}\"},\"query-input\":{\"@type\":\"PropertyValueSpecification\",\"valueRequired\":true,\"valueName\":\"search_term_string\"}}],\"inLanguage\":\"es\"},{\"@type\":\"Organization\",\"@id\":\"https:\/\/infoecos.com.ar\/#organization\",\"name\":\"Infoecos\",\"alternateName\":\"Noticias\",\"url\":\"https:\/\/infoecos.com.ar\/\",\"logo\":{\"@type\":\"ImageObject\",\"inLanguage\":\"es\",\"@id\":\"https:\/\/infoecos.com.ar\/#\/schema\/logo\/image\/\",\"url\":\"https:\/\/infoecos.com.ar\/wp-content\/uploads\/2024\/03\/cropped-logo.png\",\"contentUrl\":\"https:\/\/infoecos.com.ar\/wp-content\/uploads\/2024\/03\/cropped-logo.png\",\"width\":374,\"height\":90,\"caption\":\"Infoecos\"},\"image\":{\"@id\":\"https:\/\/infoecos.com.ar\/#\/schema\/logo\/image\/\"},\"sameAs\":[\"https:\/\/www.facebook.com\/profile.php?id=100063200290284\",\"https:\/\/x.com\/infoecos\"]},{\"@type\":\"Person\",\"@id\":\"https:\/\/infoecos.com.ar\/#\/schema\/person\/8f5ace5ce73b4b4aac4b7245aee6f191\",\"name\":\"Jorge Matheus\",\"url\":\"https:\/\/infoecos.com.ar\/index.php\/author\/jomatheus\/\"}]}<\/script>\n<!-- \/ Yoast SEO plugin. -->","yoast_head_json":{"title":"Fuertes vientos en Bah\u00eda Blanca con mucha ca\u00edda de \u00e1rboles - Infoecos","robots":{"index":"index","follow":"follow","max-snippet":"max-snippet:-1","max-image-preview":"max-image-preview:large","max-video-preview":"max-video-preview:-1"},"canonical":"https:\/\/infoecos.com.ar\/index.php\/fuertes-vientos-en-bahia-blanca-con-mucha-caida-de-arboles\/","og_locale":"es_ES","og_type":"article","og_title":"Fuertes vientos en Bah\u00eda Blanca con mucha ca\u00edda de \u00e1rboles - Infoecos","og_description":"El lugar de la ciudad que m\u00e1s sinti\u00f3 los efectos del temporal, en cuanto a ca\u00edda de \u00e1rboles y ramas, fue la zona Noroeste","og_url":"https:\/\/infoecos.com.ar\/index.php\/fuertes-vientos-en-bahia-blanca-con-mucha-caida-de-arboles\/","og_site_name":"Infoecos","article_publisher":"https:\/\/www.facebook.com\/profile.php?id=100063200290284","article_published_time":"2023-01-10T22:53:15+00:00","article_modified_time":"2023-01-11T04:47:17+00:00","og_image":[{"width":1156,"height":867,"url":"https:\/\/infoecos.com.ar\/wp-content\/uploads\/2023\/01\/image-40.png","type":"image\/png"}],"author":"Jorge Matheus","twitter_card":"summary_large_image","twitter_creator":"@infoecos","twitter_site":"@infoecos","twitter_misc":{"Escrito por":"Jorge Matheus","Tiempo de lectura":"1 minuto"},"schema":{"@context":"https:\/\/schema.org","@graph":[{"@type":"Article","@id":"https:\/\/infoecos.com.ar\/index.php\/fuertes-vientos-en-bahia-blanca-con-mucha-caida-de-arboles\/#article","isPartOf":{"@id":"https:\/\/infoecos.com.ar\/index.php\/fuertes-vientos-en-bahia-blanca-con-mucha-caida-de-arboles\/"},"author":{"name":"Jorge Matheus","@id":"https:\/\/infoecos.com.ar\/#\/schema\/person\/8f5ace5ce73b4b4aac4b7245aee6f191"},"headline":"Fuertes vientos en Bah\u00eda Blanca con mucha ca\u00edda de \u00e1rboles","datePublished":"2023-01-10T22:53:15+00:00","dateModified":"2023-01-11T04:47:17+00:00","mainEntityOfPage":{"@id":"https:\/\/infoecos.com.ar\/index.php\/fuertes-vientos-en-bahia-blanca-con-mucha-caida-de-arboles\/"},"wordCount":135,"publisher":{"@id":"https:\/\/infoecos.com.ar\/#organization"},"image":{"@id":"https:\/\/infoecos.com.ar\/index.php\/fuertes-vientos-en-bahia-blanca-con-mucha-caida-de-arboles\/#primaryimage"},"thumbnailUrl":"https:\/\/infoecos.com.ar\/wp-content\/uploads\/2023\/01\/image-40.png","keywords":["EN LA TARDE DE ESTE MARTES"],"articleSection":["C3 N4"],"inLanguage":"es"},{"@type":"WebPage","@id":"https:\/\/infoecos.com.ar\/index.php\/fuertes-vientos-en-bahia-blanca-con-mucha-caida-de-arboles\/","url":"https:\/\/infoecos.com.ar\/index.php\/fuertes-vientos-en-bahia-blanca-con-mucha-caida-de-arboles\/","name":"Fuertes vientos en Bah\u00eda Blanca con mucha ca\u00edda de \u00e1rboles - Infoecos","isPartOf":{"@id":"https:\/\/infoecos.com.ar\/#website"},"primaryImageOfPage":{"@id":"https:\/\/infoecos.com.ar\/index.php\/fuertes-vientos-en-bahia-blanca-con-mucha-caida-de-arboles\/#primaryimage"},"image":{"@id":"https:\/\/infoecos.com.ar\/index.php\/fuertes-vientos-en-bahia-blanca-con-mucha-caida-de-arboles\/#primaryimage"},"thumbnailUrl":"https:\/\/infoecos.com.ar\/wp-content\/uploads\/2023\/01\/image-40.png","datePublished":"2023-01-10T22:53:15+00:00","dateModified":"2023-01-11T04:47:17+00:00","breadcrumb":{"@id":"https:\/\/infoecos.com.ar\/index.php\/fuertes-vientos-en-bahia-blanca-con-mucha-caida-de-arboles\/#breadcrumb"},"inLanguage":"es","potentialAction":[{"@type":"ReadAction","target":["https:\/\/infoecos.com.ar\/index.php\/fuertes-vientos-en-bahia-blanca-con-mucha-caida-de-arboles\/"]}]},{"@type":"ImageObject","inLanguage":"es","@id":"https:\/\/infoecos.com.ar\/index.php\/fuertes-vientos-en-bahia-blanca-con-mucha-caida-de-arboles\/#primaryimage","url":"https:\/\/infoecos.com.ar\/wp-content\/uploads\/2023\/01\/image-40.png","contentUrl":"https:\/\/infoecos.com.ar\/wp-content\/uploads\/2023\/01\/image-40.png","width":1156,"height":867},{"@type":"BreadcrumbList","@id":"https:\/\/infoecos.com.ar\/index.php\/fuertes-vientos-en-bahia-blanca-con-mucha-caida-de-arboles\/#breadcrumb","itemListElement":[{"@type":"ListItem","position":1,"name":"Portada","item":"https:\/\/infoecos.com.ar\/"},{"@type":"ListItem","position":2,"name":"Fuertes vientos en Bah\u00eda Blanca con mucha ca\u00edda de \u00e1rboles"}]},{"@type":"WebSite","@id":"https:\/\/infoecos.com.ar\/#website","url":"https:\/\/infoecos.com.ar\/","name":"Infoecos","description":"Noticias de trenque lauquen y la zona","publisher":{"@id":"https:\/\/infoecos.com.ar\/#organization"},"alternateName":"Noticias","potentialAction":[{"@type":"SearchAction","target":{"@type":"EntryPoint","urlTemplate":"https:\/\/infoecos.com.ar\/?s={search_term_string}"},"query-input":{"@type":"PropertyValueSpecification","valueRequired":true,"valueName":"search_term_string"}}],"inLanguage":"es"},{"@type":"Organization","@id":"https:\/\/infoecos.com.ar\/#organization","name":"Infoecos","alternateName":"Noticias","url":"https:\/\/infoecos.com.ar\/","logo":{"@type":"ImageObject","inLanguage":"es","@id":"https:\/\/infoecos.com.ar\/#\/schema\/logo\/image\/","url":"https:\/\/infoecos.com.ar\/wp-content\/uploads\/2024\/03\/cropped-logo.png","contentUrl":"https:\/\/infoecos.com.ar\/wp-content\/uploads\/2024\/03\/cropped-logo.png","width":374,"height":90,"caption":"Infoecos"},"image":{"@id":"https:\/\/infoecos.com.ar\/#\/schema\/logo\/image\/"},"sameAs":["https:\/\/www.facebook.com\/profile.php?id=100063200290284","https:\/\/x.com\/infoecos"]},{"@type":"Person","@id":"https:\/\/infoecos.com.ar\/#\/schema\/person\/8f5ace5ce73b4b4aac4b7245aee6f191","name":"Jorge Matheus","url":"https:\/\/infoecos.com.ar\/index.php\/author\/jomatheus\/"}]}},"featured_image_urls":{"full":["https:\/\/infoecos.com.ar\/wp-content\/uploads\/2023\/01\/image-40.png",1156,867,false],"thumbnail":["https:\/\/infoecos.com.ar\/wp-content\/uploads\/2023\/01\/image-40-300x150.png",300,150,true],"medium":["https:\/\/infoecos.com.ar\/wp-content\/uploads\/2023\/01\/image-40-800x600.png",800,600,true],"medium_large":["https:\/\/infoecos.com.ar\/wp-content\/uploads\/2023\/01\/image-40-768x576.png",640,480,true],"large":["https:\/\/infoecos.com.ar\/wp-content\/uploads\/2023\/01\/image-40.png",640,480,false],"1536x1536":["https:\/\/infoecos.com.ar\/wp-content\/uploads\/2023\/01\/image-40.png",1156,867,false],"2048x2048":["https:\/\/infoecos.com.ar\/wp-content\/uploads\/2023\/01\/image-40.png",1156,867,false],"covernews-slider-full":["https:\/\/infoecos.com.ar\/wp-content\/uploads\/2023\/01\/image-40.png",953,715,false],"covernews-slider-center":["https:\/\/infoecos.com.ar\/wp-content\/uploads\/2023\/01\/image-40-936x867.png",540,500,true],"covernews-featured":["https:\/\/infoecos.com.ar\/wp-content\/uploads\/2023\/01\/image-40-1024x768.png",1024,768,true],"covernews-medium":["https:\/\/infoecos.com.ar\/wp-content\/uploads\/2023\/01\/image-40-720x380.png",540,285,true],"covernews-medium-square":["https:\/\/infoecos.com.ar\/wp-content\/uploads\/2023\/01\/image-40-675x450.png",375,250,true]},"author_info":{"info":["Jorge Matheus"]},"category_info":"<a href=\"https:\/\/infoecos.com.ar\/index.php\/category\/c3nota4\/\" rel=\"category tag\">C3 N4<\/a>","tag_info":"C3 N4","comment_count":"0","_links":{"self":[{"href":"https:\/\/infoecos.com.ar\/index.php\/wp-json\/wp\/v2\/posts\/99862"}],"collection":[{"href":"https:\/\/infoecos.com.ar\/index.php\/wp-json\/wp\/v2\/posts"}],"about":[{"href":"https:\/\/infoecos.com.ar\/index.php\/wp-json\/wp\/v2\/types\/post"}],"author":[{"embeddable":true,"href":"https:\/\/infoecos.com.ar\/index.php\/wp-json\/wp\/v2\/users\/2"}],"replies":[{"embeddable":true,"href":"https:\/\/infoecos.com.ar\/index.php\/wp-json\/wp\/v2\/comments?post=99862"}],"version-history":[{"count":1,"href":"https:\/\/infoecos.com.ar\/index.php\/wp-json\/wp\/v2\/posts\/99862\/revisions"}],"predecessor-version":[{"id":99864,"href":"https:\/\/infoecos.com.ar\/index.php\/wp-json\/wp\/v2\/posts\/99862\/revisions\/99864"}],"wp:featuredmedia":[{"embeddable":true,"href":"https:\/\/infoecos.com.ar\/index.php\/wp-json\/wp\/v2\/media\/99863"}],"wp:attachment":[{"href":"https:\/\/infoecos.com.ar\/index.php\/wp-json\/wp\/v2\/media?parent=99862"}],"wp:term":[{"taxonomy":"category","embeddable":true,"href":"https:\/\/infoecos.com.ar\/index.php\/wp-json\/wp\/v2\/categories?post=99862"},{"taxonomy":"post_tag","embeddable":true,"href":"https:\/\/infoecos.com.ar\/index.php\/wp-json\/wp\/v2\/tags?post=99862"}],"curies":[{"name":"wp","href":"https:\/\/api.w.org\/{rel}","templated":true}]}}