{"id":99867,"date":"2023-01-11T01:00:05","date_gmt":"2023-01-11T04:00:05","guid":{"rendered":"https:\/\/infoecos.com.ar\/?p=99867"},"modified":"2023-01-11T10:45:32","modified_gmt":"2023-01-11T13:45:32","slug":"brutal-agresion-a-un-joven-de-general-villegas-a-la-salida-de-una-fiesta-privada","status":"publish","type":"post","link":"https:\/\/infoecos.com.ar\/index.php\/brutal-agresion-a-un-joven-de-general-villegas-a-la-salida-de-una-fiesta-privada\/","title":{"rendered":"Brutal agresi\u00f3n a un joven de General Villegas a la salida de una fiesta privada"},"content":{"rendered":"\n<p><strong>Fuente textual: diarioactualidad.com (General Villegas)<\/strong><\/p>\n\n\n\n<p>El Jefe de la Polic\u00eda Comunal del Partido de General Villegas, comisario inspector Carlos Ortellado, brind\u00f3 informaci\u00f3n sobre la pelea que se viraliz\u00f3 a trav\u00e9s de un video y que ha trascendido las fronteras de ese distrito, donde un joven es brutalmente agredido al salir de un evento privado que se realiz\u00f3 en la cancha del Club Sportivo.<\/p>\n\n\n\n<figure class=\"wp-block-image aligncenter size-full is-resized\"><img loading=\"lazy\" decoding=\"async\" src=\"https:\/\/infoecos.com.ar\/wp-content\/uploads\/2023\/01\/e167e0d2-pelea-pixelar-web.jpg\" alt=\"\" class=\"wp-image-99868\" width=\"554\" height=\"376\" srcset=\"https:\/\/infoecos.com.ar\/wp-content\/uploads\/2023\/01\/e167e0d2-pelea-pixelar-web.jpg 800w, https:\/\/infoecos.com.ar\/wp-content\/uploads\/2023\/01\/e167e0d2-pelea-pixelar-web-768x521.jpg 768w\" sizes=\"(max-width: 554px) 100vw, 554px\" \/><figcaption class=\"wp-element-caption\">Golpiza a un joven en General Villegas<\/figcaption><\/figure>\n\n\n\n<p>La polic\u00eda inici\u00f3 primero de oficio una causa por Averiguaci\u00f3n Presunto Il\u00edcito, pero en la marcha de la investigaci\u00f3n -a\u00fan sin que se radicara la denuncia- cambi\u00f3 la car\u00e1tula a Lesiones Leves; y horas m\u00e1s tarde, en el transcurso de este martes, se volvi\u00f3 a recaratular como Lesiones Graves.<\/p>\n\n\n\n<p>Seg\u00fan la informaci\u00f3n extraoficial, con el paso de las horas cambi\u00f3 el estado de salud del joven ferozmente agredido. Actualmente se encuentra en terapia intensiva; tendr\u00eda fractura de cr\u00e1neo y un co\u00e1gulo.<\/p>\n\n\n\n<p>Ortellado hab\u00eda explicado en horas de la ma\u00f1ana de ayer que \u00aba ra\u00edz de las im\u00e1genes que registraron las c\u00e1maras de vigilancia del municipio y testimonios que se recabaron, se identific\u00f3 al agresor y al joven que recibi\u00f3 los golpes. La v\u00edctima es mayor de edad y el agresor es menor, por lo que se hicieron todas las diligencias correspondientes, en comunicaci\u00f3n con la Fiscal\u00eda interviniente, la N\u00b0 6 del Departamento Judicial de Trenque Lauquen\u00bb.<\/p>\n\n\n\n<p>El comisario inspector manifest\u00f3 que el joven agredido se present\u00f3 el domingo por la tarde en el Hospital para atenderse; y que \u00abno se hab\u00eda presentado el d\u00eda del hecho a la madrugada, ni tampoco a la ma\u00f1ana\u00bb.<\/p>\n\n\n\n<p>En tanto inform\u00f3 que el agresor, menor de edad, fue notificado de la formaci\u00f3n de la causa con intervenci\u00f3n en este caso del Juzgado de Menores de Trenque Lauquen.<\/p>\n\n\n\n<h3 class=\"wp-block-heading\">\u00abHay que seguir trabajando en la nocturnidad\u00bb<\/h3>\n\n\n\n<p>Ortellado se mostr\u00f3 preocupado por lo ocurrido. Si bien sostuvo que \u00abno es algo aislado, sino que est\u00e1 pasando en distintos lugares\u00bb, teniendo en cuenta que \u00abla sociedad ha cambiado sus formas y las \u00e9pocas no son las mismas\u00bb, asegur\u00f3 que \u00abse trabaja de acuerdo a ello. Hay que seguir trabajando en la nocturnidad y la venta de bebidas alcoh\u00f3licas\u00bb.<\/p>\n\n\n\n<p>\u00abEsto no s\u00f3lo preocupa por la funci\u00f3n que uno desempe\u00f1a, sino porque uno tambi\u00e9n es padre, ya que tengo hijas menores. Por supuesto no vamos a desentendernos del tema, estamos trabajando, diagramando todos los controles. En lo que respecta a la alcoholemia, es un aporte m\u00e1s para que se tome conciencia de que no se puede conducir al ingerir alcohol\u00bb, agreg\u00f3.<\/p>\n\n\n\n<p>El comisario inspector inform\u00f3 que el d\u00eda de la pelea \u00abse realizaron varias infracciones, debido a que se produjeron distintos disturbios, procedi\u00e9ndose a la detenci\u00f3n de tres personas mayores de edad, todos por ebriedad, desorden e incitaci\u00f3n a la pelea\u00bb.<\/p>\n\n\n\n<p>A su vez, el personal tambi\u00e9n intervino \u00aben un hecho en el que una persona intent\u00f3 auto flagelarse, por lo que permanece internado en el \u00e1rea de Salud Mental del Hospital municipal\u00bb.<\/p>\n\n\n\n<p>\u00abFue una noche-madrugada bastante movida, ya que tambi\u00e9n se realizaban los controles de alcoholemia, con interceptaci\u00f3n vehicular. En este marco, dos personas que circulaban en moto (un hombre y una mujer) quisieron evadir el control y chocaron al m\u00f3vil de la Guardia Urbana. El var\u00f3n se fug\u00f3, pero la mujer, propietaria del ciclomotor, no, por lo que se pidi\u00f3 la asistencia de SAME, no presentaba lesiones y se iniciaron las actuaciones correspondientes de tr\u00e1nsito a la Ley 24.449, secuestr\u00e1ndose el rodado. Fue una noche bastante intensa\u00bb, concluy\u00f3.<\/p>\n","protected":false},"excerpt":{"rendered":"<p>El agresor, menor de edad, fue notificado de la formaci\u00f3n de la causa con intervenci\u00f3n en este caso del Juzgado de Menores de Trenque Lauquen<\/p>\n","protected":false},"author":2,"featured_media":99868,"comment_status":"closed","ping_status":"open","sticky":false,"template":"","format":"standard","meta":{"footnotes":""},"categories":[50],"tags":[6219],"class_list":["post-99867","post","type-post","status-publish","format-standard","has-post-thumbnail","hentry","category-c1nota4","tag-diario-actualidad"],"yoast_head":"<!-- This site is optimized with the Yoast SEO plugin v23.4 - https:\/\/yoast.com\/wordpress\/plugins\/seo\/ -->\n<title>Brutal agresi\u00f3n a un joven de General Villegas a la salida de una fiesta privada - Infoecos<\/title>\n<meta name=\"robots\" content=\"index, follow, max-snippet:-1, max-image-preview:large, max-video-preview:-1\" \/>\n<link rel=\"canonical\" href=\"https:\/\/infoecos.com.ar\/index.php\/brutal-agresion-a-un-joven-de-general-villegas-a-la-salida-de-una-fiesta-privada\/\" \/>\n<meta property=\"og:locale\" content=\"es_ES\" \/>\n<meta property=\"og:type\" content=\"article\" \/>\n<meta property=\"og:title\" content=\"Brutal agresi\u00f3n a un joven de General Villegas a la salida de una fiesta privada - Infoecos\" \/>\n<meta property=\"og:description\" content=\"El agresor, menor de edad, fue notificado de la formaci\u00f3n de la causa con intervenci\u00f3n en este caso del Juzgado de Menores de Trenque Lauquen\" \/>\n<meta property=\"og:url\" content=\"https:\/\/infoecos.com.ar\/index.php\/brutal-agresion-a-un-joven-de-general-villegas-a-la-salida-de-una-fiesta-privada\/\" \/>\n<meta property=\"og:site_name\" content=\"Infoecos\" \/>\n<meta property=\"article:publisher\" content=\"https:\/\/www.facebook.com\/profile.php?id=100063200290284\" \/>\n<meta property=\"article:published_time\" content=\"2023-01-11T04:00:05+00:00\" \/>\n<meta property=\"article:modified_time\" content=\"2023-01-11T13:45:32+00:00\" \/>\n<meta property=\"og:image\" content=\"https:\/\/infoecos.com.ar\/wp-content\/uploads\/2023\/01\/e167e0d2-pelea-pixelar-web.jpg\" \/>\n\t<meta property=\"og:image:width\" content=\"800\" \/>\n\t<meta property=\"og:image:height\" content=\"543\" \/>\n\t<meta property=\"og:image:type\" content=\"image\/jpeg\" \/>\n<meta name=\"author\" content=\"Jorge Matheus\" \/>\n<meta name=\"twitter:card\" content=\"summary_large_image\" \/>\n<meta name=\"twitter:creator\" content=\"@infoecos\" \/>\n<meta name=\"twitter:site\" content=\"@infoecos\" \/>\n<meta name=\"twitter:label1\" content=\"Escrito por\" \/>\n\t<meta name=\"twitter:data1\" content=\"Jorge Matheus\" \/>\n\t<meta name=\"twitter:label2\" content=\"Tiempo de lectura\" \/>\n\t<meta name=\"twitter:data2\" content=\"3 minutos\" \/>\n<script type=\"application\/ld+json\" class=\"yoast-schema-graph\">{\"@context\":\"https:\/\/schema.org\",\"@graph\":[{\"@type\":\"Article\",\"@id\":\"https:\/\/infoecos.com.ar\/index.php\/brutal-agresion-a-un-joven-de-general-villegas-a-la-salida-de-una-fiesta-privada\/#article\",\"isPartOf\":{\"@id\":\"https:\/\/infoecos.com.ar\/index.php\/brutal-agresion-a-un-joven-de-general-villegas-a-la-salida-de-una-fiesta-privada\/\"},\"author\":{\"name\":\"Jorge Matheus\",\"@id\":\"https:\/\/infoecos.com.ar\/#\/schema\/person\/8f5ace5ce73b4b4aac4b7245aee6f191\"},\"headline\":\"Brutal agresi\u00f3n a un joven de General Villegas a la salida de una fiesta privada\",\"datePublished\":\"2023-01-11T04:00:05+00:00\",\"dateModified\":\"2023-01-11T13:45:32+00:00\",\"mainEntityOfPage\":{\"@id\":\"https:\/\/infoecos.com.ar\/index.php\/brutal-agresion-a-un-joven-de-general-villegas-a-la-salida-de-una-fiesta-privada\/\"},\"wordCount\":640,\"publisher\":{\"@id\":\"https:\/\/infoecos.com.ar\/#organization\"},\"image\":{\"@id\":\"https:\/\/infoecos.com.ar\/index.php\/brutal-agresion-a-un-joven-de-general-villegas-a-la-salida-de-una-fiesta-privada\/#primaryimage\"},\"thumbnailUrl\":\"https:\/\/infoecos.com.ar\/wp-content\/uploads\/2023\/01\/e167e0d2-pelea-pixelar-web.jpg\",\"keywords\":[\"DIARIO ACTUALIDAD\"],\"articleSection\":[\"C1 N4\"],\"inLanguage\":\"es\"},{\"@type\":\"WebPage\",\"@id\":\"https:\/\/infoecos.com.ar\/index.php\/brutal-agresion-a-un-joven-de-general-villegas-a-la-salida-de-una-fiesta-privada\/\",\"url\":\"https:\/\/infoecos.com.ar\/index.php\/brutal-agresion-a-un-joven-de-general-villegas-a-la-salida-de-una-fiesta-privada\/\",\"name\":\"Brutal agresi\u00f3n a un joven de General Villegas a la salida de una fiesta privada - Infoecos\",\"isPartOf\":{\"@id\":\"https:\/\/infoecos.com.ar\/#website\"},\"primaryImageOfPage\":{\"@id\":\"https:\/\/infoecos.com.ar\/index.php\/brutal-agresion-a-un-joven-de-general-villegas-a-la-salida-de-una-fiesta-privada\/#primaryimage\"},\"image\":{\"@id\":\"https:\/\/infoecos.com.ar\/index.php\/brutal-agresion-a-un-joven-de-general-villegas-a-la-salida-de-una-fiesta-privada\/#primaryimage\"},\"thumbnailUrl\":\"https:\/\/infoecos.com.ar\/wp-content\/uploads\/2023\/01\/e167e0d2-pelea-pixelar-web.jpg\",\"datePublished\":\"2023-01-11T04:00:05+00:00\",\"dateModified\":\"2023-01-11T13:45:32+00:00\",\"breadcrumb\":{\"@id\":\"https:\/\/infoecos.com.ar\/index.php\/brutal-agresion-a-un-joven-de-general-villegas-a-la-salida-de-una-fiesta-privada\/#breadcrumb\"},\"inLanguage\":\"es\",\"potentialAction\":[{\"@type\":\"ReadAction\",\"target\":[\"https:\/\/infoecos.com.ar\/index.php\/brutal-agresion-a-un-joven-de-general-villegas-a-la-salida-de-una-fiesta-privada\/\"]}]},{\"@type\":\"ImageObject\",\"inLanguage\":\"es\",\"@id\":\"https:\/\/infoecos.com.ar\/index.php\/brutal-agresion-a-un-joven-de-general-villegas-a-la-salida-de-una-fiesta-privada\/#primaryimage\",\"url\":\"https:\/\/infoecos.com.ar\/wp-content\/uploads\/2023\/01\/e167e0d2-pelea-pixelar-web.jpg\",\"contentUrl\":\"https:\/\/infoecos.com.ar\/wp-content\/uploads\/2023\/01\/e167e0d2-pelea-pixelar-web.jpg\",\"width\":800,\"height\":543},{\"@type\":\"BreadcrumbList\",\"@id\":\"https:\/\/infoecos.com.ar\/index.php\/brutal-agresion-a-un-joven-de-general-villegas-a-la-salida-de-una-fiesta-privada\/#breadcrumb\",\"itemListElement\":[{\"@type\":\"ListItem\",\"position\":1,\"name\":\"Portada\",\"item\":\"https:\/\/infoecos.com.ar\/\"},{\"@type\":\"ListItem\",\"position\":2,\"name\":\"Brutal agresi\u00f3n a un joven de General Villegas a la salida de una fiesta privada\"}]},{\"@type\":\"WebSite\",\"@id\":\"https:\/\/infoecos.com.ar\/#website\",\"url\":\"https:\/\/infoecos.com.ar\/\",\"name\":\"Infoecos\",\"description\":\"Noticias de trenque lauquen y la zona\",\"publisher\":{\"@id\":\"https:\/\/infoecos.com.ar\/#organization\"},\"alternateName\":\"Noticias\",\"potentialAction\":[{\"@type\":\"SearchAction\",\"target\":{\"@type\":\"EntryPoint\",\"urlTemplate\":\"https:\/\/infoecos.com.ar\/?s={search_term_string}\"},\"query-input\":{\"@type\":\"PropertyValueSpecification\",\"valueRequired\":true,\"valueName\":\"search_term_string\"}}],\"inLanguage\":\"es\"},{\"@type\":\"Organization\",\"@id\":\"https:\/\/infoecos.com.ar\/#organization\",\"name\":\"Infoecos\",\"alternateName\":\"Noticias\",\"url\":\"https:\/\/infoecos.com.ar\/\",\"logo\":{\"@type\":\"ImageObject\",\"inLanguage\":\"es\",\"@id\":\"https:\/\/infoecos.com.ar\/#\/schema\/logo\/image\/\",\"url\":\"https:\/\/infoecos.com.ar\/wp-content\/uploads\/2024\/03\/cropped-logo.png\",\"contentUrl\":\"https:\/\/infoecos.com.ar\/wp-content\/uploads\/2024\/03\/cropped-logo.png\",\"width\":374,\"height\":90,\"caption\":\"Infoecos\"},\"image\":{\"@id\":\"https:\/\/infoecos.com.ar\/#\/schema\/logo\/image\/\"},\"sameAs\":[\"https:\/\/www.facebook.com\/profile.php?id=100063200290284\",\"https:\/\/x.com\/infoecos\"]},{\"@type\":\"Person\",\"@id\":\"https:\/\/infoecos.com.ar\/#\/schema\/person\/8f5ace5ce73b4b4aac4b7245aee6f191\",\"name\":\"Jorge Matheus\",\"url\":\"https:\/\/infoecos.com.ar\/index.php\/author\/jomatheus\/\"}]}<\/script>\n<!-- \/ Yoast SEO plugin. -->","yoast_head_json":{"title":"Brutal agresi\u00f3n a un joven de General Villegas a la salida de una fiesta privada - Infoecos","robots":{"index":"index","follow":"follow","max-snippet":"max-snippet:-1","max-image-preview":"max-image-preview:large","max-video-preview":"max-video-preview:-1"},"canonical":"https:\/\/infoecos.com.ar\/index.php\/brutal-agresion-a-un-joven-de-general-villegas-a-la-salida-de-una-fiesta-privada\/","og_locale":"es_ES","og_type":"article","og_title":"Brutal agresi\u00f3n a un joven de General Villegas a la salida de una fiesta privada - Infoecos","og_description":"El agresor, menor de edad, fue notificado de la formaci\u00f3n de la causa con intervenci\u00f3n en este caso del Juzgado de Menores de Trenque Lauquen","og_url":"https:\/\/infoecos.com.ar\/index.php\/brutal-agresion-a-un-joven-de-general-villegas-a-la-salida-de-una-fiesta-privada\/","og_site_name":"Infoecos","article_publisher":"https:\/\/www.facebook.com\/profile.php?id=100063200290284","article_published_time":"2023-01-11T04:00:05+00:00","article_modified_time":"2023-01-11T13:45:32+00:00","og_image":[{"width":800,"height":543,"url":"https:\/\/infoecos.com.ar\/wp-content\/uploads\/2023\/01\/e167e0d2-pelea-pixelar-web.jpg","type":"image\/jpeg"}],"author":"Jorge Matheus","twitter_card":"summary_large_image","twitter_creator":"@infoecos","twitter_site":"@infoecos","twitter_misc":{"Escrito por":"Jorge Matheus","Tiempo de lectura":"3 minutos"},"schema":{"@context":"https:\/\/schema.org","@graph":[{"@type":"Article","@id":"https:\/\/infoecos.com.ar\/index.php\/brutal-agresion-a-un-joven-de-general-villegas-a-la-salida-de-una-fiesta-privada\/#article","isPartOf":{"@id":"https:\/\/infoecos.com.ar\/index.php\/brutal-agresion-a-un-joven-de-general-villegas-a-la-salida-de-una-fiesta-privada\/"},"author":{"name":"Jorge Matheus","@id":"https:\/\/infoecos.com.ar\/#\/schema\/person\/8f5ace5ce73b4b4aac4b7245aee6f191"},"headline":"Brutal agresi\u00f3n a un joven de General Villegas a la salida de una fiesta privada","datePublished":"2023-01-11T04:00:05+00:00","dateModified":"2023-01-11T13:45:32+00:00","mainEntityOfPage":{"@id":"https:\/\/infoecos.com.ar\/index.php\/brutal-agresion-a-un-joven-de-general-villegas-a-la-salida-de-una-fiesta-privada\/"},"wordCount":640,"publisher":{"@id":"https:\/\/infoecos.com.ar\/#organization"},"image":{"@id":"https:\/\/infoecos.com.ar\/index.php\/brutal-agresion-a-un-joven-de-general-villegas-a-la-salida-de-una-fiesta-privada\/#primaryimage"},"thumbnailUrl":"https:\/\/infoecos.com.ar\/wp-content\/uploads\/2023\/01\/e167e0d2-pelea-pixelar-web.jpg","keywords":["DIARIO ACTUALIDAD"],"articleSection":["C1 N4"],"inLanguage":"es"},{"@type":"WebPage","@id":"https:\/\/infoecos.com.ar\/index.php\/brutal-agresion-a-un-joven-de-general-villegas-a-la-salida-de-una-fiesta-privada\/","url":"https:\/\/infoecos.com.ar\/index.php\/brutal-agresion-a-un-joven-de-general-villegas-a-la-salida-de-una-fiesta-privada\/","name":"Brutal agresi\u00f3n a un joven de General Villegas a la salida de una fiesta privada - Infoecos","isPartOf":{"@id":"https:\/\/infoecos.com.ar\/#website"},"primaryImageOfPage":{"@id":"https:\/\/infoecos.com.ar\/index.php\/brutal-agresion-a-un-joven-de-general-villegas-a-la-salida-de-una-fiesta-privada\/#primaryimage"},"image":{"@id":"https:\/\/infoecos.com.ar\/index.php\/brutal-agresion-a-un-joven-de-general-villegas-a-la-salida-de-una-fiesta-privada\/#primaryimage"},"thumbnailUrl":"https:\/\/infoecos.com.ar\/wp-content\/uploads\/2023\/01\/e167e0d2-pelea-pixelar-web.jpg","datePublished":"2023-01-11T04:00:05+00:00","dateModified":"2023-01-11T13:45:32+00:00","breadcrumb":{"@id":"https:\/\/infoecos.com.ar\/index.php\/brutal-agresion-a-un-joven-de-general-villegas-a-la-salida-de-una-fiesta-privada\/#breadcrumb"},"inLanguage":"es","potentialAction":[{"@type":"ReadAction","target":["https:\/\/infoecos.com.ar\/index.php\/brutal-agresion-a-un-joven-de-general-villegas-a-la-salida-de-una-fiesta-privada\/"]}]},{"@type":"ImageObject","inLanguage":"es","@id":"https:\/\/infoecos.com.ar\/index.php\/brutal-agresion-a-un-joven-de-general-villegas-a-la-salida-de-una-fiesta-privada\/#primaryimage","url":"https:\/\/infoecos.com.ar\/wp-content\/uploads\/2023\/01\/e167e0d2-pelea-pixelar-web.jpg","contentUrl":"https:\/\/infoecos.com.ar\/wp-content\/uploads\/2023\/01\/e167e0d2-pelea-pixelar-web.jpg","width":800,"height":543},{"@type":"BreadcrumbList","@id":"https:\/\/infoecos.com.ar\/index.php\/brutal-agresion-a-un-joven-de-general-villegas-a-la-salida-de-una-fiesta-privada\/#breadcrumb","itemListElement":[{"@type":"ListItem","position":1,"name":"Portada","item":"https:\/\/infoecos.com.ar\/"},{"@type":"ListItem","position":2,"name":"Brutal agresi\u00f3n a un joven de General Villegas a la salida de una fiesta privada"}]},{"@type":"WebSite","@id":"https:\/\/infoecos.com.ar\/#website","url":"https:\/\/infoecos.com.ar\/","name":"Infoecos","description":"Noticias de trenque lauquen y la zona","publisher":{"@id":"https:\/\/infoecos.com.ar\/#organization"},"alternateName":"Noticias","potentialAction":[{"@type":"SearchAction","target":{"@type":"EntryPoint","urlTemplate":"https:\/\/infoecos.com.ar\/?s={search_term_string}"},"query-input":{"@type":"PropertyValueSpecification","valueRequired":true,"valueName":"search_term_string"}}],"inLanguage":"es"},{"@type":"Organization","@id":"https:\/\/infoecos.com.ar\/#organization","name":"Infoecos","alternateName":"Noticias","url":"https:\/\/infoecos.com.ar\/","logo":{"@type":"ImageObject","inLanguage":"es","@id":"https:\/\/infoecos.com.ar\/#\/schema\/logo\/image\/","url":"https:\/\/infoecos.com.ar\/wp-content\/uploads\/2024\/03\/cropped-logo.png","contentUrl":"https:\/\/infoecos.com.ar\/wp-content\/uploads\/2024\/03\/cropped-logo.png","width":374,"height":90,"caption":"Infoecos"},"image":{"@id":"https:\/\/infoecos.com.ar\/#\/schema\/logo\/image\/"},"sameAs":["https:\/\/www.facebook.com\/profile.php?id=100063200290284","https:\/\/x.com\/infoecos"]},{"@type":"Person","@id":"https:\/\/infoecos.com.ar\/#\/schema\/person\/8f5ace5ce73b4b4aac4b7245aee6f191","name":"Jorge Matheus","url":"https:\/\/infoecos.com.ar\/index.php\/author\/jomatheus\/"}]}},"featured_image_urls":{"full":["https:\/\/infoecos.com.ar\/wp-content\/uploads\/2023\/01\/e167e0d2-pelea-pixelar-web.jpg",800,543,false],"thumbnail":["https:\/\/infoecos.com.ar\/wp-content\/uploads\/2023\/01\/e167e0d2-pelea-pixelar-web-300x150.jpg",300,150,true],"medium":["https:\/\/infoecos.com.ar\/wp-content\/uploads\/2023\/01\/e167e0d2-pelea-pixelar-web.jpg",800,543,false],"medium_large":["https:\/\/infoecos.com.ar\/wp-content\/uploads\/2023\/01\/e167e0d2-pelea-pixelar-web-768x521.jpg",640,434,true],"large":["https:\/\/infoecos.com.ar\/wp-content\/uploads\/2023\/01\/e167e0d2-pelea-pixelar-web.jpg",640,434,false],"1536x1536":["https:\/\/infoecos.com.ar\/wp-content\/uploads\/2023\/01\/e167e0d2-pelea-pixelar-web.jpg",800,543,false],"2048x2048":["https:\/\/infoecos.com.ar\/wp-content\/uploads\/2023\/01\/e167e0d2-pelea-pixelar-web.jpg",800,543,false],"covernews-slider-full":["https:\/\/infoecos.com.ar\/wp-content\/uploads\/2023\/01\/e167e0d2-pelea-pixelar-web.jpg",800,543,false],"covernews-slider-center":["https:\/\/infoecos.com.ar\/wp-content\/uploads\/2023\/01\/e167e0d2-pelea-pixelar-web.jpg",737,500,false],"covernews-featured":["https:\/\/infoecos.com.ar\/wp-content\/uploads\/2023\/01\/e167e0d2-pelea-pixelar-web.jpg",800,543,false],"covernews-medium":["https:\/\/infoecos.com.ar\/wp-content\/uploads\/2023\/01\/e167e0d2-pelea-pixelar-web-720x380.jpg",540,285,true],"covernews-medium-square":["https:\/\/infoecos.com.ar\/wp-content\/uploads\/2023\/01\/e167e0d2-pelea-pixelar-web-675x450.jpg",375,250,true]},"author_info":{"info":["Jorge Matheus"]},"category_info":"<a href=\"https:\/\/infoecos.com.ar\/index.php\/category\/c1nota4\/\" rel=\"category tag\">C1 N4<\/a>","tag_info":"C1 N4","comment_count":"0","_links":{"self":[{"href":"https:\/\/infoecos.com.ar\/index.php\/wp-json\/wp\/v2\/posts\/99867"}],"collection":[{"href":"https:\/\/infoecos.com.ar\/index.php\/wp-json\/wp\/v2\/posts"}],"about":[{"href":"https:\/\/infoecos.com.ar\/index.php\/wp-json\/wp\/v2\/types\/post"}],"author":[{"embeddable":true,"href":"https:\/\/infoecos.com.ar\/index.php\/wp-json\/wp\/v2\/users\/2"}],"replies":[{"embeddable":true,"href":"https:\/\/infoecos.com.ar\/index.php\/wp-json\/wp\/v2\/comments?post=99867"}],"version-history":[{"count":1,"href":"https:\/\/infoecos.com.ar\/index.php\/wp-json\/wp\/v2\/posts\/99867\/revisions"}],"predecessor-version":[{"id":99869,"href":"https:\/\/infoecos.com.ar\/index.php\/wp-json\/wp\/v2\/posts\/99867\/revisions\/99869"}],"wp:featuredmedia":[{"embeddable":true,"href":"https:\/\/infoecos.com.ar\/index.php\/wp-json\/wp\/v2\/media\/99868"}],"wp:attachment":[{"href":"https:\/\/infoecos.com.ar\/index.php\/wp-json\/wp\/v2\/media?parent=99867"}],"wp:term":[{"taxonomy":"category","embeddable":true,"href":"https:\/\/infoecos.com.ar\/index.php\/wp-json\/wp\/v2\/categories?post=99867"},{"taxonomy":"post_tag","embeddable":true,"href":"https:\/\/infoecos.com.ar\/index.php\/wp-json\/wp\/v2\/tags?post=99867"}],"curies":[{"name":"wp","href":"https:\/\/api.w.org\/{rel}","templated":true}]}}