{"id":99888,"date":"2023-01-11T10:30:56","date_gmt":"2023-01-11T13:30:56","guid":{"rendered":"https:\/\/infoecos.com.ar\/?p=99888"},"modified":"2023-01-17T01:34:35","modified_gmt":"2023-01-17T04:34:35","slug":"a-partir-de-marzo-nueva-suba-para-el-gas-natural","status":"publish","type":"post","link":"https:\/\/infoecos.com.ar\/index.php\/a-partir-de-marzo-nueva-suba-para-el-gas-natural\/","title":{"rendered":"A partir de marzo nueva suba para el gas natural"},"content":{"rendered":"\n<p>La Secretar\u00eda de Energ\u00eda aprob\u00f3 los precios del&nbsp;gas natural&nbsp;que estar\u00e1n vigentes para 2023, uno de los componentes de las&nbsp;facturas<strong>&nbsp;<\/strong>que deber\u00e1n ser abonadas y trasladadas a los usuarios por las distribuidoras. El aumento determinado para el precio del producto est\u00e1 en torn\u00f3 al 28,3%, y se estima que su incidencia en el precio final que paga el consumidor residencial ser\u00e1 de poco m\u00e1s del 14%. Esta suba se empezar\u00e1 a aplicar a partir de los consumos de marzo.<\/p>\n\n\n\n<p>La normativa estableci\u00f3 que las productoras adjudicatarias del Plan Gas.Ar y Enarsa (Energ\u00eda Argentina) deber\u00e1n facturar las ventas de gas a las distribuidoras con los&nbsp;<strong>nuevos valores&nbsp;<\/strong>en el Punto de Ingreso al Sistema de Transporte (PIST). El precio del gas es uno de los componentes que integran la factura final que reciben los usuarios por parte de cada distribuidora.<\/p>\n\n\n\n<p>Los nuevos precios de gas fueron dispuestos mediante la resoluci\u00f3n 610\/2022 publicada el martes en el Bolet\u00edn Oficial.<\/p>\n","protected":false},"excerpt":{"rendered":"<p>Los nuevos precios de gas fueron dispuestos mediante la resoluci\u00f3n 610\/2022 publicada el martes en el Bolet\u00edn Oficial<\/p>\n","protected":false},"author":2,"featured_media":94393,"comment_status":"closed","ping_status":"open","sticky":false,"template":"","format":"standard","meta":{"footnotes":""},"categories":[201],"tags":[7070],"class_list":["post-99888","post","type-post","status-publish","format-standard","has-post-thumbnail","hentry","category-inferior9","tag-el-gobierno-aprobo-el-aumento"],"yoast_head":"<!-- This site is optimized with the Yoast SEO plugin v23.4 - https:\/\/yoast.com\/wordpress\/plugins\/seo\/ -->\n<title>A partir de marzo nueva suba para el gas natural - Infoecos<\/title>\n<meta name=\"robots\" content=\"index, follow, max-snippet:-1, max-image-preview:large, max-video-preview:-1\" \/>\n<link rel=\"canonical\" href=\"https:\/\/infoecos.com.ar\/index.php\/a-partir-de-marzo-nueva-suba-para-el-gas-natural\/\" \/>\n<meta property=\"og:locale\" content=\"es_ES\" \/>\n<meta property=\"og:type\" content=\"article\" \/>\n<meta property=\"og:title\" content=\"A partir de marzo nueva suba para el gas natural - Infoecos\" \/>\n<meta property=\"og:description\" content=\"Los nuevos precios de gas fueron dispuestos mediante la resoluci\u00f3n 610\/2022 publicada el martes en el Bolet\u00edn Oficial\" \/>\n<meta property=\"og:url\" content=\"https:\/\/infoecos.com.ar\/index.php\/a-partir-de-marzo-nueva-suba-para-el-gas-natural\/\" \/>\n<meta property=\"og:site_name\" content=\"Infoecos\" \/>\n<meta property=\"article:publisher\" content=\"https:\/\/www.facebook.com\/profile.php?id=100063200290284\" \/>\n<meta property=\"article:published_time\" content=\"2023-01-11T13:30:56+00:00\" \/>\n<meta property=\"article:modified_time\" content=\"2023-01-17T04:34:35+00:00\" \/>\n<meta property=\"og:image\" content=\"https:\/\/infoecos.com.ar\/wp-content\/uploads\/2022\/07\/depositphotos_124918192-stock-photo-gas-burner-with-blue-flame.webp\" \/>\n\t<meta property=\"og:image:width\" content=\"600\" \/>\n\t<meta property=\"og:image:height\" content=\"400\" \/>\n\t<meta property=\"og:image:type\" content=\"image\/webp\" \/>\n<meta name=\"author\" content=\"Jorge Matheus\" \/>\n<meta name=\"twitter:card\" content=\"summary_large_image\" \/>\n<meta name=\"twitter:creator\" content=\"@infoecos\" \/>\n<meta name=\"twitter:site\" content=\"@infoecos\" \/>\n<meta name=\"twitter:label1\" content=\"Escrito por\" \/>\n\t<meta name=\"twitter:data1\" content=\"Jorge Matheus\" \/>\n\t<meta name=\"twitter:label2\" content=\"Tiempo de lectura\" \/>\n\t<meta name=\"twitter:data2\" content=\"1 minuto\" \/>\n<script type=\"application\/ld+json\" class=\"yoast-schema-graph\">{\"@context\":\"https:\/\/schema.org\",\"@graph\":[{\"@type\":\"Article\",\"@id\":\"https:\/\/infoecos.com.ar\/index.php\/a-partir-de-marzo-nueva-suba-para-el-gas-natural\/#article\",\"isPartOf\":{\"@id\":\"https:\/\/infoecos.com.ar\/index.php\/a-partir-de-marzo-nueva-suba-para-el-gas-natural\/\"},\"author\":{\"name\":\"Jorge Matheus\",\"@id\":\"https:\/\/infoecos.com.ar\/#\/schema\/person\/8f5ace5ce73b4b4aac4b7245aee6f191\"},\"headline\":\"A partir de marzo nueva suba para el gas natural\",\"datePublished\":\"2023-01-11T13:30:56+00:00\",\"dateModified\":\"2023-01-17T04:34:35+00:00\",\"mainEntityOfPage\":{\"@id\":\"https:\/\/infoecos.com.ar\/index.php\/a-partir-de-marzo-nueva-suba-para-el-gas-natural\/\"},\"wordCount\":181,\"publisher\":{\"@id\":\"https:\/\/infoecos.com.ar\/#organization\"},\"image\":{\"@id\":\"https:\/\/infoecos.com.ar\/index.php\/a-partir-de-marzo-nueva-suba-para-el-gas-natural\/#primaryimage\"},\"thumbnailUrl\":\"https:\/\/infoecos.com.ar\/wp-content\/uploads\/2022\/07\/depositphotos_124918192-stock-photo-gas-burner-with-blue-flame.webp\",\"keywords\":[\"el gobierno aprob\u00f3 el aumento\"],\"articleSection\":[\"Bloque inferior - 9\"],\"inLanguage\":\"es\"},{\"@type\":\"WebPage\",\"@id\":\"https:\/\/infoecos.com.ar\/index.php\/a-partir-de-marzo-nueva-suba-para-el-gas-natural\/\",\"url\":\"https:\/\/infoecos.com.ar\/index.php\/a-partir-de-marzo-nueva-suba-para-el-gas-natural\/\",\"name\":\"A partir de marzo nueva suba para el gas natural - Infoecos\",\"isPartOf\":{\"@id\":\"https:\/\/infoecos.com.ar\/#website\"},\"primaryImageOfPage\":{\"@id\":\"https:\/\/infoecos.com.ar\/index.php\/a-partir-de-marzo-nueva-suba-para-el-gas-natural\/#primaryimage\"},\"image\":{\"@id\":\"https:\/\/infoecos.com.ar\/index.php\/a-partir-de-marzo-nueva-suba-para-el-gas-natural\/#primaryimage\"},\"thumbnailUrl\":\"https:\/\/infoecos.com.ar\/wp-content\/uploads\/2022\/07\/depositphotos_124918192-stock-photo-gas-burner-with-blue-flame.webp\",\"datePublished\":\"2023-01-11T13:30:56+00:00\",\"dateModified\":\"2023-01-17T04:34:35+00:00\",\"breadcrumb\":{\"@id\":\"https:\/\/infoecos.com.ar\/index.php\/a-partir-de-marzo-nueva-suba-para-el-gas-natural\/#breadcrumb\"},\"inLanguage\":\"es\",\"potentialAction\":[{\"@type\":\"ReadAction\",\"target\":[\"https:\/\/infoecos.com.ar\/index.php\/a-partir-de-marzo-nueva-suba-para-el-gas-natural\/\"]}]},{\"@type\":\"ImageObject\",\"inLanguage\":\"es\",\"@id\":\"https:\/\/infoecos.com.ar\/index.php\/a-partir-de-marzo-nueva-suba-para-el-gas-natural\/#primaryimage\",\"url\":\"https:\/\/infoecos.com.ar\/wp-content\/uploads\/2022\/07\/depositphotos_124918192-stock-photo-gas-burner-with-blue-flame.webp\",\"contentUrl\":\"https:\/\/infoecos.com.ar\/wp-content\/uploads\/2022\/07\/depositphotos_124918192-stock-photo-gas-burner-with-blue-flame.webp\",\"width\":600,\"height\":400},{\"@type\":\"BreadcrumbList\",\"@id\":\"https:\/\/infoecos.com.ar\/index.php\/a-partir-de-marzo-nueva-suba-para-el-gas-natural\/#breadcrumb\",\"itemListElement\":[{\"@type\":\"ListItem\",\"position\":1,\"name\":\"Portada\",\"item\":\"https:\/\/infoecos.com.ar\/\"},{\"@type\":\"ListItem\",\"position\":2,\"name\":\"A partir de marzo nueva suba para el gas natural\"}]},{\"@type\":\"WebSite\",\"@id\":\"https:\/\/infoecos.com.ar\/#website\",\"url\":\"https:\/\/infoecos.com.ar\/\",\"name\":\"Infoecos\",\"description\":\"Noticias de trenque lauquen y la zona\",\"publisher\":{\"@id\":\"https:\/\/infoecos.com.ar\/#organization\"},\"alternateName\":\"Noticias\",\"potentialAction\":[{\"@type\":\"SearchAction\",\"target\":{\"@type\":\"EntryPoint\",\"urlTemplate\":\"https:\/\/infoecos.com.ar\/?s={search_term_string}\"},\"query-input\":{\"@type\":\"PropertyValueSpecification\",\"valueRequired\":true,\"valueName\":\"search_term_string\"}}],\"inLanguage\":\"es\"},{\"@type\":\"Organization\",\"@id\":\"https:\/\/infoecos.com.ar\/#organization\",\"name\":\"Infoecos\",\"alternateName\":\"Noticias\",\"url\":\"https:\/\/infoecos.com.ar\/\",\"logo\":{\"@type\":\"ImageObject\",\"inLanguage\":\"es\",\"@id\":\"https:\/\/infoecos.com.ar\/#\/schema\/logo\/image\/\",\"url\":\"https:\/\/infoecos.com.ar\/wp-content\/uploads\/2024\/03\/cropped-logo.png\",\"contentUrl\":\"https:\/\/infoecos.com.ar\/wp-content\/uploads\/2024\/03\/cropped-logo.png\",\"width\":374,\"height\":90,\"caption\":\"Infoecos\"},\"image\":{\"@id\":\"https:\/\/infoecos.com.ar\/#\/schema\/logo\/image\/\"},\"sameAs\":[\"https:\/\/www.facebook.com\/profile.php?id=100063200290284\",\"https:\/\/x.com\/infoecos\"]},{\"@type\":\"Person\",\"@id\":\"https:\/\/infoecos.com.ar\/#\/schema\/person\/8f5ace5ce73b4b4aac4b7245aee6f191\",\"name\":\"Jorge Matheus\",\"url\":\"https:\/\/infoecos.com.ar\/index.php\/author\/jomatheus\/\"}]}<\/script>\n<!-- \/ Yoast SEO plugin. -->","yoast_head_json":{"title":"A partir de marzo nueva suba para el gas natural - Infoecos","robots":{"index":"index","follow":"follow","max-snippet":"max-snippet:-1","max-image-preview":"max-image-preview:large","max-video-preview":"max-video-preview:-1"},"canonical":"https:\/\/infoecos.com.ar\/index.php\/a-partir-de-marzo-nueva-suba-para-el-gas-natural\/","og_locale":"es_ES","og_type":"article","og_title":"A partir de marzo nueva suba para el gas natural - Infoecos","og_description":"Los nuevos precios de gas fueron dispuestos mediante la resoluci\u00f3n 610\/2022 publicada el martes en el Bolet\u00edn Oficial","og_url":"https:\/\/infoecos.com.ar\/index.php\/a-partir-de-marzo-nueva-suba-para-el-gas-natural\/","og_site_name":"Infoecos","article_publisher":"https:\/\/www.facebook.com\/profile.php?id=100063200290284","article_published_time":"2023-01-11T13:30:56+00:00","article_modified_time":"2023-01-17T04:34:35+00:00","og_image":[{"width":600,"height":400,"url":"https:\/\/infoecos.com.ar\/wp-content\/uploads\/2022\/07\/depositphotos_124918192-stock-photo-gas-burner-with-blue-flame.webp","type":"image\/webp"}],"author":"Jorge Matheus","twitter_card":"summary_large_image","twitter_creator":"@infoecos","twitter_site":"@infoecos","twitter_misc":{"Escrito por":"Jorge Matheus","Tiempo de lectura":"1 minuto"},"schema":{"@context":"https:\/\/schema.org","@graph":[{"@type":"Article","@id":"https:\/\/infoecos.com.ar\/index.php\/a-partir-de-marzo-nueva-suba-para-el-gas-natural\/#article","isPartOf":{"@id":"https:\/\/infoecos.com.ar\/index.php\/a-partir-de-marzo-nueva-suba-para-el-gas-natural\/"},"author":{"name":"Jorge Matheus","@id":"https:\/\/infoecos.com.ar\/#\/schema\/person\/8f5ace5ce73b4b4aac4b7245aee6f191"},"headline":"A partir de marzo nueva suba para el gas natural","datePublished":"2023-01-11T13:30:56+00:00","dateModified":"2023-01-17T04:34:35+00:00","mainEntityOfPage":{"@id":"https:\/\/infoecos.com.ar\/index.php\/a-partir-de-marzo-nueva-suba-para-el-gas-natural\/"},"wordCount":181,"publisher":{"@id":"https:\/\/infoecos.com.ar\/#organization"},"image":{"@id":"https:\/\/infoecos.com.ar\/index.php\/a-partir-de-marzo-nueva-suba-para-el-gas-natural\/#primaryimage"},"thumbnailUrl":"https:\/\/infoecos.com.ar\/wp-content\/uploads\/2022\/07\/depositphotos_124918192-stock-photo-gas-burner-with-blue-flame.webp","keywords":["el gobierno aprob\u00f3 el aumento"],"articleSection":["Bloque inferior - 9"],"inLanguage":"es"},{"@type":"WebPage","@id":"https:\/\/infoecos.com.ar\/index.php\/a-partir-de-marzo-nueva-suba-para-el-gas-natural\/","url":"https:\/\/infoecos.com.ar\/index.php\/a-partir-de-marzo-nueva-suba-para-el-gas-natural\/","name":"A partir de marzo nueva suba para el gas natural - Infoecos","isPartOf":{"@id":"https:\/\/infoecos.com.ar\/#website"},"primaryImageOfPage":{"@id":"https:\/\/infoecos.com.ar\/index.php\/a-partir-de-marzo-nueva-suba-para-el-gas-natural\/#primaryimage"},"image":{"@id":"https:\/\/infoecos.com.ar\/index.php\/a-partir-de-marzo-nueva-suba-para-el-gas-natural\/#primaryimage"},"thumbnailUrl":"https:\/\/infoecos.com.ar\/wp-content\/uploads\/2022\/07\/depositphotos_124918192-stock-photo-gas-burner-with-blue-flame.webp","datePublished":"2023-01-11T13:30:56+00:00","dateModified":"2023-01-17T04:34:35+00:00","breadcrumb":{"@id":"https:\/\/infoecos.com.ar\/index.php\/a-partir-de-marzo-nueva-suba-para-el-gas-natural\/#breadcrumb"},"inLanguage":"es","potentialAction":[{"@type":"ReadAction","target":["https:\/\/infoecos.com.ar\/index.php\/a-partir-de-marzo-nueva-suba-para-el-gas-natural\/"]}]},{"@type":"ImageObject","inLanguage":"es","@id":"https:\/\/infoecos.com.ar\/index.php\/a-partir-de-marzo-nueva-suba-para-el-gas-natural\/#primaryimage","url":"https:\/\/infoecos.com.ar\/wp-content\/uploads\/2022\/07\/depositphotos_124918192-stock-photo-gas-burner-with-blue-flame.webp","contentUrl":"https:\/\/infoecos.com.ar\/wp-content\/uploads\/2022\/07\/depositphotos_124918192-stock-photo-gas-burner-with-blue-flame.webp","width":600,"height":400},{"@type":"BreadcrumbList","@id":"https:\/\/infoecos.com.ar\/index.php\/a-partir-de-marzo-nueva-suba-para-el-gas-natural\/#breadcrumb","itemListElement":[{"@type":"ListItem","position":1,"name":"Portada","item":"https:\/\/infoecos.com.ar\/"},{"@type":"ListItem","position":2,"name":"A partir de marzo nueva suba para el gas natural"}]},{"@type":"WebSite","@id":"https:\/\/infoecos.com.ar\/#website","url":"https:\/\/infoecos.com.ar\/","name":"Infoecos","description":"Noticias de trenque lauquen y la zona","publisher":{"@id":"https:\/\/infoecos.com.ar\/#organization"},"alternateName":"Noticias","potentialAction":[{"@type":"SearchAction","target":{"@type":"EntryPoint","urlTemplate":"https:\/\/infoecos.com.ar\/?s={search_term_string}"},"query-input":{"@type":"PropertyValueSpecification","valueRequired":true,"valueName":"search_term_string"}}],"inLanguage":"es"},{"@type":"Organization","@id":"https:\/\/infoecos.com.ar\/#organization","name":"Infoecos","alternateName":"Noticias","url":"https:\/\/infoecos.com.ar\/","logo":{"@type":"ImageObject","inLanguage":"es","@id":"https:\/\/infoecos.com.ar\/#\/schema\/logo\/image\/","url":"https:\/\/infoecos.com.ar\/wp-content\/uploads\/2024\/03\/cropped-logo.png","contentUrl":"https:\/\/infoecos.com.ar\/wp-content\/uploads\/2024\/03\/cropped-logo.png","width":374,"height":90,"caption":"Infoecos"},"image":{"@id":"https:\/\/infoecos.com.ar\/#\/schema\/logo\/image\/"},"sameAs":["https:\/\/www.facebook.com\/profile.php?id=100063200290284","https:\/\/x.com\/infoecos"]},{"@type":"Person","@id":"https:\/\/infoecos.com.ar\/#\/schema\/person\/8f5ace5ce73b4b4aac4b7245aee6f191","name":"Jorge Matheus","url":"https:\/\/infoecos.com.ar\/index.php\/author\/jomatheus\/"}]}},"featured_image_urls":{"full":["https:\/\/infoecos.com.ar\/wp-content\/uploads\/2022\/07\/depositphotos_124918192-stock-photo-gas-burner-with-blue-flame.webp",600,400,false],"thumbnail":["https:\/\/infoecos.com.ar\/wp-content\/uploads\/2022\/07\/depositphotos_124918192-stock-photo-gas-burner-with-blue-flame-150x150.webp",150,150,true],"medium":["https:\/\/infoecos.com.ar\/wp-content\/uploads\/2022\/07\/depositphotos_124918192-stock-photo-gas-burner-with-blue-flame-460x307.webp",460,307,true],"medium_large":["https:\/\/infoecos.com.ar\/wp-content\/uploads\/2022\/07\/depositphotos_124918192-stock-photo-gas-burner-with-blue-flame.webp",600,400,false],"large":["https:\/\/infoecos.com.ar\/wp-content\/uploads\/2022\/07\/depositphotos_124918192-stock-photo-gas-burner-with-blue-flame.webp",600,400,false],"1536x1536":["https:\/\/infoecos.com.ar\/wp-content\/uploads\/2022\/07\/depositphotos_124918192-stock-photo-gas-burner-with-blue-flame.webp",600,400,false],"2048x2048":["https:\/\/infoecos.com.ar\/wp-content\/uploads\/2022\/07\/depositphotos_124918192-stock-photo-gas-burner-with-blue-flame.webp",600,400,false],"covernews-slider-full":["https:\/\/infoecos.com.ar\/wp-content\/uploads\/2022\/07\/depositphotos_124918192-stock-photo-gas-burner-with-blue-flame.webp",600,400,false],"covernews-slider-center":["https:\/\/infoecos.com.ar\/wp-content\/uploads\/2022\/07\/depositphotos_124918192-stock-photo-gas-burner-with-blue-flame.webp",600,400,false],"covernews-featured":["https:\/\/infoecos.com.ar\/wp-content\/uploads\/2022\/07\/depositphotos_124918192-stock-photo-gas-burner-with-blue-flame.webp",600,400,false],"covernews-medium":["https:\/\/infoecos.com.ar\/wp-content\/uploads\/2022\/07\/depositphotos_124918192-stock-photo-gas-burner-with-blue-flame-600x380.webp",537,340,true],"covernews-medium-square":["https:\/\/infoecos.com.ar\/wp-content\/uploads\/2022\/07\/depositphotos_124918192-stock-photo-gas-burner-with-blue-flame.webp",375,250,false]},"author_info":{"info":["Jorge Matheus"]},"category_info":"<a href=\"https:\/\/infoecos.com.ar\/index.php\/category\/inferior9\/\" rel=\"category tag\">Bloque inferior - 9<\/a>","tag_info":"Bloque inferior - 9","comment_count":"0","_links":{"self":[{"href":"https:\/\/infoecos.com.ar\/index.php\/wp-json\/wp\/v2\/posts\/99888"}],"collection":[{"href":"https:\/\/infoecos.com.ar\/index.php\/wp-json\/wp\/v2\/posts"}],"about":[{"href":"https:\/\/infoecos.com.ar\/index.php\/wp-json\/wp\/v2\/types\/post"}],"author":[{"embeddable":true,"href":"https:\/\/infoecos.com.ar\/index.php\/wp-json\/wp\/v2\/users\/2"}],"replies":[{"embeddable":true,"href":"https:\/\/infoecos.com.ar\/index.php\/wp-json\/wp\/v2\/comments?post=99888"}],"version-history":[{"count":2,"href":"https:\/\/infoecos.com.ar\/index.php\/wp-json\/wp\/v2\/posts\/99888\/revisions"}],"predecessor-version":[{"id":99919,"href":"https:\/\/infoecos.com.ar\/index.php\/wp-json\/wp\/v2\/posts\/99888\/revisions\/99919"}],"wp:featuredmedia":[{"embeddable":true,"href":"https:\/\/infoecos.com.ar\/index.php\/wp-json\/wp\/v2\/media\/94393"}],"wp:attachment":[{"href":"https:\/\/infoecos.com.ar\/index.php\/wp-json\/wp\/v2\/media?parent=99888"}],"wp:term":[{"taxonomy":"category","embeddable":true,"href":"https:\/\/infoecos.com.ar\/index.php\/wp-json\/wp\/v2\/categories?post=99888"},{"taxonomy":"post_tag","embeddable":true,"href":"https:\/\/infoecos.com.ar\/index.php\/wp-json\/wp\/v2\/tags?post=99888"}],"curies":[{"name":"wp","href":"https:\/\/api.w.org\/{rel}","templated":true}]}}