{"id":99895,"date":"2023-01-12T01:50:24","date_gmt":"2023-01-12T04:50:24","guid":{"rendered":"https:\/\/infoecos.com.ar\/?p=99895"},"modified":"2023-01-13T01:29:53","modified_gmt":"2023-01-13T04:29:53","slug":"muestra-de-madurez-politica-en-el-distrito-de-trenque-lauquen-se-entrego-el-minibus-a-beruti","status":"publish","type":"post","link":"https:\/\/infoecos.com.ar\/index.php\/muestra-de-madurez-politica-en-el-distrito-de-trenque-lauquen-se-entrego-el-minibus-a-beruti\/","title":{"rendered":"Muestra de madurez pol\u00edtica en el distrito de Trenque Lauquen: se entreg\u00f3 el minibus a Beruti"},"content":{"rendered":"\n<p>El Intendente municipal de Trenque Lauquen, Miguel Fern\u00e1ndez, y la concejala Leticia Badino, en representaci\u00f3n del ministerio del Interior de la Naci\u00f3n, entregaron al delegado municipal, Fabio Villarreal, el minib\u00fas adquirido a trav\u00e9s del programa Municipios de Pie.  Permitir\u00e1 brindar el servicio de transporte entre la mencionada localidad y la ciudad de Trenque Lauquen.<\/p>\n\n\n\n<figure class=\"wp-block-image aligncenter size-large is-resized\"><img loading=\"lazy\" decoding=\"async\" src=\"https:\/\/infoecos.com.ar\/wp-content\/uploads\/2023\/01\/Entrega-del-Minibus-1-1600x900.jpg\" alt=\"\" class=\"wp-image-99896\" width=\"582\" height=\"327\" srcset=\"https:\/\/infoecos.com.ar\/wp-content\/uploads\/2023\/01\/Entrega-del-Minibus-1-1600x900.jpg 1600w, https:\/\/infoecos.com.ar\/wp-content\/uploads\/2023\/01\/Entrega-del-Minibus-1-800x450.jpg 800w, https:\/\/infoecos.com.ar\/wp-content\/uploads\/2023\/01\/Entrega-del-Minibus-1-768x432.jpg 768w, https:\/\/infoecos.com.ar\/wp-content\/uploads\/2023\/01\/Entrega-del-Minibus-1-1536x864.jpg 1536w, https:\/\/infoecos.com.ar\/wp-content\/uploads\/2023\/01\/Entrega-del-Minibus-1-1024x576.jpg 1024w, https:\/\/infoecos.com.ar\/wp-content\/uploads\/2023\/01\/Entrega-del-Minibus-1.jpg 1920w\" sizes=\"(max-width: 582px) 100vw, 582px\" \/><figcaption class=\"wp-element-caption\">Badino, Fern\u00e1ndez y Villarreal<\/figcaption><\/figure>\n\n\n\n<p>Concejales, representantes de instituciones intermedias de la localidad y vecinos\/as, destacaron la importancia de este logro que viene a dar respuesta a una necesidad de la comunidad.<\/p>\n\n\n\n<p>\u201cEs un d\u00eda hist\u00f3rico para Beruti. Hay que agradecer a todos lo que hicieron posible que esto pase: en primer lugar, al Gobierno nacional, a trav\u00e9s del ministro del Interior, Wado de Pedro, y el secretario de Asuntos Municipales, Dr. Avelino Zurro, a trav\u00e9s del programa Municipios de Pie\u201d.<\/p>\n\n\n\n<p>Tambi\u00e9n agradeci\u00f3 a todos los concejales que aprobaron la iniciativa y en especial a la concejala Leticia Badino y a todo su bloque \u201cpor haber facilitado las gestiones en conjunto para firmar el convenio y luego iniciar este proceso hasta lograr hoy esta concreci\u00f3n\u201d.<\/p>\n\n\n\n<p>En virtud que esta unidad permitir\u00e1 cubrir el trayecto entre la localidad y la ciudad cabecera, a ra\u00edz de la decisi\u00f3n de la empresa La Primavera de dejar la prestaci\u00f3n de ese servicio de pasajeros, Fern\u00e1ndez se\u00f1al\u00f3 \u00abque tengo buenos recuerdos de La Primavera y todos los vecinos\/as de Beruti tambi\u00e9n, de una empresa que dio un servicio durante mucho tiempo\u201d.<\/p>\n\n\n\n<figure class=\"wp-block-image aligncenter size-large is-resized\"><img loading=\"lazy\" decoding=\"async\" src=\"https:\/\/infoecos.com.ar\/wp-content\/uploads\/2023\/01\/Entrega-del-Minibus-5-1600x900.jpg\" alt=\"\" class=\"wp-image-99897\" width=\"523\" height=\"294\" srcset=\"https:\/\/infoecos.com.ar\/wp-content\/uploads\/2023\/01\/Entrega-del-Minibus-5-1600x900.jpg 1600w, https:\/\/infoecos.com.ar\/wp-content\/uploads\/2023\/01\/Entrega-del-Minibus-5-800x450.jpg 800w, https:\/\/infoecos.com.ar\/wp-content\/uploads\/2023\/01\/Entrega-del-Minibus-5-768x432.jpg 768w, https:\/\/infoecos.com.ar\/wp-content\/uploads\/2023\/01\/Entrega-del-Minibus-5-1536x864.jpg 1536w, https:\/\/infoecos.com.ar\/wp-content\/uploads\/2023\/01\/Entrega-del-Minibus-5-1024x576.jpg 1024w, https:\/\/infoecos.com.ar\/wp-content\/uploads\/2023\/01\/Entrega-del-Minibus-5.jpg 1920w\" sizes=\"(max-width: 523px) 100vw, 523px\" \/><\/figure>\n\n\n\n<p>Fern\u00e1ndez anunci\u00f3 que \u201cel micro municipal comenzar\u00e1 a funcionar por la ma\u00f1ana, como lo ven\u00eda haciendo La Primavera; la encuesta nos ha servido con algunos detalles, hay una frecuencia muy intensa a la ma\u00f1ana y algo a la tarde, probablemente muchos estudiantes en horario nocturno, a \u00faltima hora, que ahora en verano no lo vamos a poder ver tan claramente\u201d. <\/p>\n\n\n\n<p>El intendente habl\u00f3 de las tarifas para el servicio se\u00f1alando que se tratar\u00e1 en conjunto con el Concejo Deliberante y en principio ser\u00e1 gratis.<\/p>\n\n\n\n<figure class=\"wp-block-audio\"><audio controls src=\"https:\/\/infoecos.com.ar\/wp-content\/uploads\/2023\/01\/11-01-2023-FABIO-VILLARREAL-LETICIA-BADINO-y-MIGUEL-FERNANDEZ.mp3\"><\/audio><\/figure>\n","protected":false},"excerpt":{"rendered":"<p>Concejales, representantes de instituciones intermedias de la localidad y vecinos\/as, destacaron la importancia de este logro que viene a dar respuesta a una necesidad de la comunidad<\/p>\n","protected":false},"author":2,"featured_media":99896,"comment_status":"closed","ping_status":"open","sticky":false,"template":"","format":"standard","meta":{"footnotes":""},"categories":[50],"tags":[7072],"class_list":["post-99895","post","type-post","status-publish","format-standard","has-post-thumbnail","hentry","category-c1nota4","tag-municipios-de-pie-audio"],"yoast_head":"<!-- This site is optimized with the Yoast SEO plugin v23.4 - https:\/\/yoast.com\/wordpress\/plugins\/seo\/ -->\n<title>Muestra de madurez pol\u00edtica en el distrito de Trenque Lauquen: se entreg\u00f3 el minibus a Beruti - Infoecos<\/title>\n<meta name=\"robots\" content=\"index, follow, max-snippet:-1, max-image-preview:large, max-video-preview:-1\" \/>\n<link rel=\"canonical\" href=\"https:\/\/infoecos.com.ar\/index.php\/muestra-de-madurez-politica-en-el-distrito-de-trenque-lauquen-se-entrego-el-minibus-a-beruti\/\" \/>\n<meta property=\"og:locale\" content=\"es_ES\" \/>\n<meta property=\"og:type\" content=\"article\" \/>\n<meta property=\"og:title\" content=\"Muestra de madurez pol\u00edtica en el distrito de Trenque Lauquen: se entreg\u00f3 el minibus a Beruti - Infoecos\" \/>\n<meta property=\"og:description\" content=\"Concejales, representantes de instituciones intermedias de la localidad y vecinos\/as, destacaron la importancia de este logro que viene a dar respuesta a una necesidad de la comunidad\" \/>\n<meta property=\"og:url\" content=\"https:\/\/infoecos.com.ar\/index.php\/muestra-de-madurez-politica-en-el-distrito-de-trenque-lauquen-se-entrego-el-minibus-a-beruti\/\" \/>\n<meta property=\"og:site_name\" content=\"Infoecos\" \/>\n<meta property=\"article:publisher\" content=\"https:\/\/www.facebook.com\/profile.php?id=100063200290284\" \/>\n<meta property=\"article:published_time\" content=\"2023-01-12T04:50:24+00:00\" \/>\n<meta property=\"article:modified_time\" content=\"2023-01-13T04:29:53+00:00\" \/>\n<meta property=\"og:image\" content=\"https:\/\/infoecos.com.ar\/wp-content\/uploads\/2023\/01\/Entrega-del-Minibus-1.jpg\" \/>\n\t<meta property=\"og:image:width\" content=\"1920\" \/>\n\t<meta property=\"og:image:height\" content=\"1080\" \/>\n\t<meta property=\"og:image:type\" content=\"image\/jpeg\" \/>\n<meta name=\"author\" content=\"Jorge Matheus\" \/>\n<meta name=\"twitter:card\" content=\"summary_large_image\" \/>\n<meta name=\"twitter:creator\" content=\"@infoecos\" \/>\n<meta name=\"twitter:site\" content=\"@infoecos\" \/>\n<meta name=\"twitter:label1\" content=\"Escrito por\" \/>\n\t<meta name=\"twitter:data1\" content=\"Jorge Matheus\" \/>\n\t<meta name=\"twitter:label2\" content=\"Tiempo de lectura\" \/>\n\t<meta name=\"twitter:data2\" content=\"2 minutos\" \/>\n<script type=\"application\/ld+json\" class=\"yoast-schema-graph\">{\"@context\":\"https:\/\/schema.org\",\"@graph\":[{\"@type\":\"Article\",\"@id\":\"https:\/\/infoecos.com.ar\/index.php\/muestra-de-madurez-politica-en-el-distrito-de-trenque-lauquen-se-entrego-el-minibus-a-beruti\/#article\",\"isPartOf\":{\"@id\":\"https:\/\/infoecos.com.ar\/index.php\/muestra-de-madurez-politica-en-el-distrito-de-trenque-lauquen-se-entrego-el-minibus-a-beruti\/\"},\"author\":{\"name\":\"Jorge Matheus\",\"@id\":\"https:\/\/infoecos.com.ar\/#\/schema\/person\/8f5ace5ce73b4b4aac4b7245aee6f191\"},\"headline\":\"Muestra de madurez pol\u00edtica en el distrito de Trenque Lauquen: se entreg\u00f3 el minibus a Beruti\",\"datePublished\":\"2023-01-12T04:50:24+00:00\",\"dateModified\":\"2023-01-13T04:29:53+00:00\",\"mainEntityOfPage\":{\"@id\":\"https:\/\/infoecos.com.ar\/index.php\/muestra-de-madurez-politica-en-el-distrito-de-trenque-lauquen-se-entrego-el-minibus-a-beruti\/\"},\"wordCount\":365,\"publisher\":{\"@id\":\"https:\/\/infoecos.com.ar\/#organization\"},\"image\":{\"@id\":\"https:\/\/infoecos.com.ar\/index.php\/muestra-de-madurez-politica-en-el-distrito-de-trenque-lauquen-se-entrego-el-minibus-a-beruti\/#primaryimage\"},\"thumbnailUrl\":\"https:\/\/infoecos.com.ar\/wp-content\/uploads\/2023\/01\/Entrega-del-Minibus-1.jpg\",\"keywords\":[\"municipios de pie (audio)\"],\"articleSection\":[\"C1 N4\"],\"inLanguage\":\"es\"},{\"@type\":\"WebPage\",\"@id\":\"https:\/\/infoecos.com.ar\/index.php\/muestra-de-madurez-politica-en-el-distrito-de-trenque-lauquen-se-entrego-el-minibus-a-beruti\/\",\"url\":\"https:\/\/infoecos.com.ar\/index.php\/muestra-de-madurez-politica-en-el-distrito-de-trenque-lauquen-se-entrego-el-minibus-a-beruti\/\",\"name\":\"Muestra de madurez pol\u00edtica en el distrito de Trenque Lauquen: se entreg\u00f3 el minibus a Beruti - Infoecos\",\"isPartOf\":{\"@id\":\"https:\/\/infoecos.com.ar\/#website\"},\"primaryImageOfPage\":{\"@id\":\"https:\/\/infoecos.com.ar\/index.php\/muestra-de-madurez-politica-en-el-distrito-de-trenque-lauquen-se-entrego-el-minibus-a-beruti\/#primaryimage\"},\"image\":{\"@id\":\"https:\/\/infoecos.com.ar\/index.php\/muestra-de-madurez-politica-en-el-distrito-de-trenque-lauquen-se-entrego-el-minibus-a-beruti\/#primaryimage\"},\"thumbnailUrl\":\"https:\/\/infoecos.com.ar\/wp-content\/uploads\/2023\/01\/Entrega-del-Minibus-1.jpg\",\"datePublished\":\"2023-01-12T04:50:24+00:00\",\"dateModified\":\"2023-01-13T04:29:53+00:00\",\"breadcrumb\":{\"@id\":\"https:\/\/infoecos.com.ar\/index.php\/muestra-de-madurez-politica-en-el-distrito-de-trenque-lauquen-se-entrego-el-minibus-a-beruti\/#breadcrumb\"},\"inLanguage\":\"es\",\"potentialAction\":[{\"@type\":\"ReadAction\",\"target\":[\"https:\/\/infoecos.com.ar\/index.php\/muestra-de-madurez-politica-en-el-distrito-de-trenque-lauquen-se-entrego-el-minibus-a-beruti\/\"]}]},{\"@type\":\"ImageObject\",\"inLanguage\":\"es\",\"@id\":\"https:\/\/infoecos.com.ar\/index.php\/muestra-de-madurez-politica-en-el-distrito-de-trenque-lauquen-se-entrego-el-minibus-a-beruti\/#primaryimage\",\"url\":\"https:\/\/infoecos.com.ar\/wp-content\/uploads\/2023\/01\/Entrega-del-Minibus-1.jpg\",\"contentUrl\":\"https:\/\/infoecos.com.ar\/wp-content\/uploads\/2023\/01\/Entrega-del-Minibus-1.jpg\",\"width\":1920,\"height\":1080},{\"@type\":\"BreadcrumbList\",\"@id\":\"https:\/\/infoecos.com.ar\/index.php\/muestra-de-madurez-politica-en-el-distrito-de-trenque-lauquen-se-entrego-el-minibus-a-beruti\/#breadcrumb\",\"itemListElement\":[{\"@type\":\"ListItem\",\"position\":1,\"name\":\"Portada\",\"item\":\"https:\/\/infoecos.com.ar\/\"},{\"@type\":\"ListItem\",\"position\":2,\"name\":\"Muestra de madurez pol\u00edtica en el distrito de Trenque Lauquen: se entreg\u00f3 el minibus a Beruti\"}]},{\"@type\":\"WebSite\",\"@id\":\"https:\/\/infoecos.com.ar\/#website\",\"url\":\"https:\/\/infoecos.com.ar\/\",\"name\":\"Infoecos\",\"description\":\"Noticias de trenque lauquen y la zona\",\"publisher\":{\"@id\":\"https:\/\/infoecos.com.ar\/#organization\"},\"alternateName\":\"Noticias\",\"potentialAction\":[{\"@type\":\"SearchAction\",\"target\":{\"@type\":\"EntryPoint\",\"urlTemplate\":\"https:\/\/infoecos.com.ar\/?s={search_term_string}\"},\"query-input\":{\"@type\":\"PropertyValueSpecification\",\"valueRequired\":true,\"valueName\":\"search_term_string\"}}],\"inLanguage\":\"es\"},{\"@type\":\"Organization\",\"@id\":\"https:\/\/infoecos.com.ar\/#organization\",\"name\":\"Infoecos\",\"alternateName\":\"Noticias\",\"url\":\"https:\/\/infoecos.com.ar\/\",\"logo\":{\"@type\":\"ImageObject\",\"inLanguage\":\"es\",\"@id\":\"https:\/\/infoecos.com.ar\/#\/schema\/logo\/image\/\",\"url\":\"https:\/\/infoecos.com.ar\/wp-content\/uploads\/2024\/03\/cropped-logo.png\",\"contentUrl\":\"https:\/\/infoecos.com.ar\/wp-content\/uploads\/2024\/03\/cropped-logo.png\",\"width\":374,\"height\":90,\"caption\":\"Infoecos\"},\"image\":{\"@id\":\"https:\/\/infoecos.com.ar\/#\/schema\/logo\/image\/\"},\"sameAs\":[\"https:\/\/www.facebook.com\/profile.php?id=100063200290284\",\"https:\/\/x.com\/infoecos\"]},{\"@type\":\"Person\",\"@id\":\"https:\/\/infoecos.com.ar\/#\/schema\/person\/8f5ace5ce73b4b4aac4b7245aee6f191\",\"name\":\"Jorge Matheus\",\"url\":\"https:\/\/infoecos.com.ar\/index.php\/author\/jomatheus\/\"}]}<\/script>\n<!-- \/ Yoast SEO plugin. -->","yoast_head_json":{"title":"Muestra de madurez pol\u00edtica en el distrito de Trenque Lauquen: se entreg\u00f3 el minibus a Beruti - Infoecos","robots":{"index":"index","follow":"follow","max-snippet":"max-snippet:-1","max-image-preview":"max-image-preview:large","max-video-preview":"max-video-preview:-1"},"canonical":"https:\/\/infoecos.com.ar\/index.php\/muestra-de-madurez-politica-en-el-distrito-de-trenque-lauquen-se-entrego-el-minibus-a-beruti\/","og_locale":"es_ES","og_type":"article","og_title":"Muestra de madurez pol\u00edtica en el distrito de Trenque Lauquen: se entreg\u00f3 el minibus a Beruti - Infoecos","og_description":"Concejales, representantes de instituciones intermedias de la localidad y vecinos\/as, destacaron la importancia de este logro que viene a dar respuesta a una necesidad de la comunidad","og_url":"https:\/\/infoecos.com.ar\/index.php\/muestra-de-madurez-politica-en-el-distrito-de-trenque-lauquen-se-entrego-el-minibus-a-beruti\/","og_site_name":"Infoecos","article_publisher":"https:\/\/www.facebook.com\/profile.php?id=100063200290284","article_published_time":"2023-01-12T04:50:24+00:00","article_modified_time":"2023-01-13T04:29:53+00:00","og_image":[{"width":1920,"height":1080,"url":"https:\/\/infoecos.com.ar\/wp-content\/uploads\/2023\/01\/Entrega-del-Minibus-1.jpg","type":"image\/jpeg"}],"author":"Jorge Matheus","twitter_card":"summary_large_image","twitter_creator":"@infoecos","twitter_site":"@infoecos","twitter_misc":{"Escrito por":"Jorge Matheus","Tiempo de lectura":"2 minutos"},"schema":{"@context":"https:\/\/schema.org","@graph":[{"@type":"Article","@id":"https:\/\/infoecos.com.ar\/index.php\/muestra-de-madurez-politica-en-el-distrito-de-trenque-lauquen-se-entrego-el-minibus-a-beruti\/#article","isPartOf":{"@id":"https:\/\/infoecos.com.ar\/index.php\/muestra-de-madurez-politica-en-el-distrito-de-trenque-lauquen-se-entrego-el-minibus-a-beruti\/"},"author":{"name":"Jorge Matheus","@id":"https:\/\/infoecos.com.ar\/#\/schema\/person\/8f5ace5ce73b4b4aac4b7245aee6f191"},"headline":"Muestra de madurez pol\u00edtica en el distrito de Trenque Lauquen: se entreg\u00f3 el minibus a Beruti","datePublished":"2023-01-12T04:50:24+00:00","dateModified":"2023-01-13T04:29:53+00:00","mainEntityOfPage":{"@id":"https:\/\/infoecos.com.ar\/index.php\/muestra-de-madurez-politica-en-el-distrito-de-trenque-lauquen-se-entrego-el-minibus-a-beruti\/"},"wordCount":365,"publisher":{"@id":"https:\/\/infoecos.com.ar\/#organization"},"image":{"@id":"https:\/\/infoecos.com.ar\/index.php\/muestra-de-madurez-politica-en-el-distrito-de-trenque-lauquen-se-entrego-el-minibus-a-beruti\/#primaryimage"},"thumbnailUrl":"https:\/\/infoecos.com.ar\/wp-content\/uploads\/2023\/01\/Entrega-del-Minibus-1.jpg","keywords":["municipios de pie (audio)"],"articleSection":["C1 N4"],"inLanguage":"es"},{"@type":"WebPage","@id":"https:\/\/infoecos.com.ar\/index.php\/muestra-de-madurez-politica-en-el-distrito-de-trenque-lauquen-se-entrego-el-minibus-a-beruti\/","url":"https:\/\/infoecos.com.ar\/index.php\/muestra-de-madurez-politica-en-el-distrito-de-trenque-lauquen-se-entrego-el-minibus-a-beruti\/","name":"Muestra de madurez pol\u00edtica en el distrito de Trenque Lauquen: se entreg\u00f3 el minibus a Beruti - Infoecos","isPartOf":{"@id":"https:\/\/infoecos.com.ar\/#website"},"primaryImageOfPage":{"@id":"https:\/\/infoecos.com.ar\/index.php\/muestra-de-madurez-politica-en-el-distrito-de-trenque-lauquen-se-entrego-el-minibus-a-beruti\/#primaryimage"},"image":{"@id":"https:\/\/infoecos.com.ar\/index.php\/muestra-de-madurez-politica-en-el-distrito-de-trenque-lauquen-se-entrego-el-minibus-a-beruti\/#primaryimage"},"thumbnailUrl":"https:\/\/infoecos.com.ar\/wp-content\/uploads\/2023\/01\/Entrega-del-Minibus-1.jpg","datePublished":"2023-01-12T04:50:24+00:00","dateModified":"2023-01-13T04:29:53+00:00","breadcrumb":{"@id":"https:\/\/infoecos.com.ar\/index.php\/muestra-de-madurez-politica-en-el-distrito-de-trenque-lauquen-se-entrego-el-minibus-a-beruti\/#breadcrumb"},"inLanguage":"es","potentialAction":[{"@type":"ReadAction","target":["https:\/\/infoecos.com.ar\/index.php\/muestra-de-madurez-politica-en-el-distrito-de-trenque-lauquen-se-entrego-el-minibus-a-beruti\/"]}]},{"@type":"ImageObject","inLanguage":"es","@id":"https:\/\/infoecos.com.ar\/index.php\/muestra-de-madurez-politica-en-el-distrito-de-trenque-lauquen-se-entrego-el-minibus-a-beruti\/#primaryimage","url":"https:\/\/infoecos.com.ar\/wp-content\/uploads\/2023\/01\/Entrega-del-Minibus-1.jpg","contentUrl":"https:\/\/infoecos.com.ar\/wp-content\/uploads\/2023\/01\/Entrega-del-Minibus-1.jpg","width":1920,"height":1080},{"@type":"BreadcrumbList","@id":"https:\/\/infoecos.com.ar\/index.php\/muestra-de-madurez-politica-en-el-distrito-de-trenque-lauquen-se-entrego-el-minibus-a-beruti\/#breadcrumb","itemListElement":[{"@type":"ListItem","position":1,"name":"Portada","item":"https:\/\/infoecos.com.ar\/"},{"@type":"ListItem","position":2,"name":"Muestra de madurez pol\u00edtica en el distrito de Trenque Lauquen: se entreg\u00f3 el minibus a Beruti"}]},{"@type":"WebSite","@id":"https:\/\/infoecos.com.ar\/#website","url":"https:\/\/infoecos.com.ar\/","name":"Infoecos","description":"Noticias de trenque lauquen y la zona","publisher":{"@id":"https:\/\/infoecos.com.ar\/#organization"},"alternateName":"Noticias","potentialAction":[{"@type":"SearchAction","target":{"@type":"EntryPoint","urlTemplate":"https:\/\/infoecos.com.ar\/?s={search_term_string}"},"query-input":{"@type":"PropertyValueSpecification","valueRequired":true,"valueName":"search_term_string"}}],"inLanguage":"es"},{"@type":"Organization","@id":"https:\/\/infoecos.com.ar\/#organization","name":"Infoecos","alternateName":"Noticias","url":"https:\/\/infoecos.com.ar\/","logo":{"@type":"ImageObject","inLanguage":"es","@id":"https:\/\/infoecos.com.ar\/#\/schema\/logo\/image\/","url":"https:\/\/infoecos.com.ar\/wp-content\/uploads\/2024\/03\/cropped-logo.png","contentUrl":"https:\/\/infoecos.com.ar\/wp-content\/uploads\/2024\/03\/cropped-logo.png","width":374,"height":90,"caption":"Infoecos"},"image":{"@id":"https:\/\/infoecos.com.ar\/#\/schema\/logo\/image\/"},"sameAs":["https:\/\/www.facebook.com\/profile.php?id=100063200290284","https:\/\/x.com\/infoecos"]},{"@type":"Person","@id":"https:\/\/infoecos.com.ar\/#\/schema\/person\/8f5ace5ce73b4b4aac4b7245aee6f191","name":"Jorge Matheus","url":"https:\/\/infoecos.com.ar\/index.php\/author\/jomatheus\/"}]}},"featured_image_urls":{"full":["https:\/\/infoecos.com.ar\/wp-content\/uploads\/2023\/01\/Entrega-del-Minibus-1.jpg",1920,1080,false],"thumbnail":["https:\/\/infoecos.com.ar\/wp-content\/uploads\/2023\/01\/Entrega-del-Minibus-1-300x150.jpg",300,150,true],"medium":["https:\/\/infoecos.com.ar\/wp-content\/uploads\/2023\/01\/Entrega-del-Minibus-1-800x450.jpg",800,450,true],"medium_large":["https:\/\/infoecos.com.ar\/wp-content\/uploads\/2023\/01\/Entrega-del-Minibus-1-768x432.jpg",640,360,true],"large":["https:\/\/infoecos.com.ar\/wp-content\/uploads\/2023\/01\/Entrega-del-Minibus-1-1600x900.jpg",640,360,true],"1536x1536":["https:\/\/infoecos.com.ar\/wp-content\/uploads\/2023\/01\/Entrega-del-Minibus-1-1536x864.jpg",1536,864,true],"2048x2048":["https:\/\/infoecos.com.ar\/wp-content\/uploads\/2023\/01\/Entrega-del-Minibus-1.jpg",1920,1080,false],"covernews-slider-full":["https:\/\/infoecos.com.ar\/wp-content\/uploads\/2023\/01\/Entrega-del-Minibus-1-1536x1020.jpg",1077,715,true],"covernews-slider-center":["https:\/\/infoecos.com.ar\/wp-content\/uploads\/2023\/01\/Entrega-del-Minibus-1-936x897.jpg",522,500,true],"covernews-featured":["https:\/\/infoecos.com.ar\/wp-content\/uploads\/2023\/01\/Entrega-del-Minibus-1-1024x576.jpg",1024,576,true],"covernews-medium":["https:\/\/infoecos.com.ar\/wp-content\/uploads\/2023\/01\/Entrega-del-Minibus-1-720x380.jpg",540,285,true],"covernews-medium-square":["https:\/\/infoecos.com.ar\/wp-content\/uploads\/2023\/01\/Entrega-del-Minibus-1-675x450.jpg",375,250,true]},"author_info":{"info":["Jorge Matheus"]},"category_info":"<a href=\"https:\/\/infoecos.com.ar\/index.php\/category\/c1nota4\/\" rel=\"category tag\">C1 N4<\/a>","tag_info":"C1 N4","comment_count":"0","_links":{"self":[{"href":"https:\/\/infoecos.com.ar\/index.php\/wp-json\/wp\/v2\/posts\/99895"}],"collection":[{"href":"https:\/\/infoecos.com.ar\/index.php\/wp-json\/wp\/v2\/posts"}],"about":[{"href":"https:\/\/infoecos.com.ar\/index.php\/wp-json\/wp\/v2\/types\/post"}],"author":[{"embeddable":true,"href":"https:\/\/infoecos.com.ar\/index.php\/wp-json\/wp\/v2\/users\/2"}],"replies":[{"embeddable":true,"href":"https:\/\/infoecos.com.ar\/index.php\/wp-json\/wp\/v2\/comments?post=99895"}],"version-history":[{"count":2,"href":"https:\/\/infoecos.com.ar\/index.php\/wp-json\/wp\/v2\/posts\/99895\/revisions"}],"predecessor-version":[{"id":99901,"href":"https:\/\/infoecos.com.ar\/index.php\/wp-json\/wp\/v2\/posts\/99895\/revisions\/99901"}],"wp:featuredmedia":[{"embeddable":true,"href":"https:\/\/infoecos.com.ar\/index.php\/wp-json\/wp\/v2\/media\/99896"}],"wp:attachment":[{"href":"https:\/\/infoecos.com.ar\/index.php\/wp-json\/wp\/v2\/media?parent=99895"}],"wp:term":[{"taxonomy":"category","embeddable":true,"href":"https:\/\/infoecos.com.ar\/index.php\/wp-json\/wp\/v2\/categories?post=99895"},{"taxonomy":"post_tag","embeddable":true,"href":"https:\/\/infoecos.com.ar\/index.php\/wp-json\/wp\/v2\/tags?post=99895"}],"curies":[{"name":"wp","href":"https:\/\/api.w.org\/{rel}","templated":true}]}}