{"id":99902,"date":"2023-01-12T09:05:32","date_gmt":"2023-01-12T12:05:32","guid":{"rendered":"https:\/\/infoecos.com.ar\/?p=99902"},"modified":"2023-01-17T01:27:26","modified_gmt":"2023-01-17T04:27:26","slug":"leticia-badino-concejal-del-fdt-el-minibus-para-beruti-era-una-necesidad-importante","status":"publish","type":"post","link":"https:\/\/infoecos.com.ar\/index.php\/leticia-badino-concejal-del-fdt-el-minibus-para-beruti-era-una-necesidad-importante\/","title":{"rendered":"Leticia Badino, concejal del FDT: \u00abel minibus para Beruti era una necesidad importante\u00bb"},"content":{"rendered":"\n<p>La concejala Leticia Badino que gestion\u00f3 conjuntamente con las autoridades municipales recursos para Trenque Lauquen en el marco del Programa Municipios de Pi\u00e9, manifest\u00f3 este mi\u00e9rcoles en Beruti la \u201cenorme alegr\u00eda que nos da a nosotros la culminaci\u00f3n del proceso que signific\u00f3 llevar adelante este proyecto, porque sabemos que el minib\u00fas para Beruti era una necesidad importante y nosotros entendemos que nuestra funci\u00f3n tiene que ver con escuchar las demandas de nuestros vecinos\/as y tratar de hacer lo que sea necesario para alcanzar el mejor resultado para cubrirlas\u201d.<\/p>\n\n\n\n<figure class=\"wp-block-image aligncenter size-large is-resized\"><img loading=\"lazy\" decoding=\"async\" src=\"https:\/\/infoecos.com.ar\/wp-content\/uploads\/2023\/01\/Entrega-del-Minibus-4-1600x900.jpg\" alt=\"\" class=\"wp-image-99903\" width=\"427\" height=\"239\" srcset=\"https:\/\/infoecos.com.ar\/wp-content\/uploads\/2023\/01\/Entrega-del-Minibus-4-1600x900.jpg 1600w, https:\/\/infoecos.com.ar\/wp-content\/uploads\/2023\/01\/Entrega-del-Minibus-4-800x450.jpg 800w, https:\/\/infoecos.com.ar\/wp-content\/uploads\/2023\/01\/Entrega-del-Minibus-4-768x432.jpg 768w, https:\/\/infoecos.com.ar\/wp-content\/uploads\/2023\/01\/Entrega-del-Minibus-4-1536x864.jpg 1536w, https:\/\/infoecos.com.ar\/wp-content\/uploads\/2023\/01\/Entrega-del-Minibus-4-1024x576.jpg 1024w, https:\/\/infoecos.com.ar\/wp-content\/uploads\/2023\/01\/Entrega-del-Minibus-4.jpg 1920w\" sizes=\"(max-width: 427px) 100vw, 427px\" \/><figcaption class=\"wp-element-caption\">Trenque Lauquen &#8211; Badino, Leticia <\/figcaption><\/figure>\n\n\n\n<p>Explic\u00f3 que \u201cen esta oportunidad tuvimos la posibilidad de ser parte de la elaboraci\u00f3n del proyecto y pudimos enriquecerlo con los compa\u00f1eros\/as del Frente de Todos, para lograr sumar al proyecto inicial el minib\u00fas para Beruti y la unidad de traslado para 30 de Agosto, que nos parec\u00eda que eran necesidades muy importantes para ambas localidades\u201d.<\/p>\n\n\n\n<p>Badino asegur\u00f3 que \u201cel minib\u00fas va a empezar con una frecuencia y despu\u00e9s vamos a trabajar todos juntos para poder alcanzar la mejor forma, la mayor cantidad de viajes, el precio aceptado y lo que est\u00e9 m\u00e1s cerca de la necesidad de los vecinos\/as\u201d.<\/p>\n","protected":false},"excerpt":{"rendered":"<p>Badino asegur\u00f3 que \u201cel minib\u00fas va a empezar con una frecuencia y despu\u00e9s vamos a trabajar todos juntos para poder alcanzar la mejor forma, la mayor cantidad de viajes, el precio aceptado y lo que est\u00e9 m\u00e1s cerca de la necesidad de los vecinos\/as\u201d<\/p>\n","protected":false},"author":2,"featured_media":99903,"comment_status":"closed","ping_status":"open","sticky":false,"template":"","format":"standard","meta":{"footnotes":""},"categories":[1325],"tags":[7073],"class_list":["post-99902","post","type-post","status-publish","format-standard","has-post-thumbnail","hentry","category-c1nota6","tag-municipios-de-pie"],"yoast_head":"<!-- This site is optimized with the Yoast SEO plugin v23.4 - https:\/\/yoast.com\/wordpress\/plugins\/seo\/ -->\n<title>Leticia Badino, concejal del FDT: &quot;el minibus para Beruti era una necesidad importante&quot; - Infoecos<\/title>\n<meta name=\"robots\" content=\"index, follow, max-snippet:-1, max-image-preview:large, max-video-preview:-1\" \/>\n<link rel=\"canonical\" href=\"https:\/\/infoecos.com.ar\/index.php\/leticia-badino-concejal-del-fdt-el-minibus-para-beruti-era-una-necesidad-importante\/\" \/>\n<meta property=\"og:locale\" content=\"es_ES\" \/>\n<meta property=\"og:type\" content=\"article\" \/>\n<meta property=\"og:title\" content=\"Leticia Badino, concejal del FDT: &quot;el minibus para Beruti era una necesidad importante&quot; - Infoecos\" \/>\n<meta property=\"og:description\" content=\"Badino asegur\u00f3 que \u201cel minib\u00fas va a empezar con una frecuencia y despu\u00e9s vamos a trabajar todos juntos para poder alcanzar la mejor forma, la mayor cantidad de viajes, el precio aceptado y lo que est\u00e9 m\u00e1s cerca de la necesidad de los vecinos\/as\u201d\" \/>\n<meta property=\"og:url\" content=\"https:\/\/infoecos.com.ar\/index.php\/leticia-badino-concejal-del-fdt-el-minibus-para-beruti-era-una-necesidad-importante\/\" \/>\n<meta property=\"og:site_name\" content=\"Infoecos\" \/>\n<meta property=\"article:publisher\" content=\"https:\/\/www.facebook.com\/profile.php?id=100063200290284\" \/>\n<meta property=\"article:published_time\" content=\"2023-01-12T12:05:32+00:00\" \/>\n<meta property=\"article:modified_time\" content=\"2023-01-17T04:27:26+00:00\" \/>\n<meta property=\"og:image\" content=\"https:\/\/infoecos.com.ar\/wp-content\/uploads\/2023\/01\/Entrega-del-Minibus-4.jpg\" \/>\n\t<meta property=\"og:image:width\" content=\"1920\" \/>\n\t<meta property=\"og:image:height\" content=\"1080\" \/>\n\t<meta property=\"og:image:type\" content=\"image\/jpeg\" \/>\n<meta name=\"author\" content=\"Jorge Matheus\" \/>\n<meta name=\"twitter:card\" content=\"summary_large_image\" \/>\n<meta name=\"twitter:creator\" content=\"@infoecos\" \/>\n<meta name=\"twitter:site\" content=\"@infoecos\" \/>\n<meta name=\"twitter:label1\" content=\"Escrito por\" \/>\n\t<meta name=\"twitter:data1\" content=\"Jorge Matheus\" \/>\n\t<meta name=\"twitter:label2\" content=\"Tiempo de lectura\" \/>\n\t<meta name=\"twitter:data2\" content=\"2 minutos\" \/>\n<script type=\"application\/ld+json\" class=\"yoast-schema-graph\">{\"@context\":\"https:\/\/schema.org\",\"@graph\":[{\"@type\":\"Article\",\"@id\":\"https:\/\/infoecos.com.ar\/index.php\/leticia-badino-concejal-del-fdt-el-minibus-para-beruti-era-una-necesidad-importante\/#article\",\"isPartOf\":{\"@id\":\"https:\/\/infoecos.com.ar\/index.php\/leticia-badino-concejal-del-fdt-el-minibus-para-beruti-era-una-necesidad-importante\/\"},\"author\":{\"name\":\"Jorge Matheus\",\"@id\":\"https:\/\/infoecos.com.ar\/#\/schema\/person\/8f5ace5ce73b4b4aac4b7245aee6f191\"},\"headline\":\"Leticia Badino, concejal del FDT: \u00abel minibus para Beruti era una necesidad importante\u00bb\",\"datePublished\":\"2023-01-12T12:05:32+00:00\",\"dateModified\":\"2023-01-17T04:27:26+00:00\",\"mainEntityOfPage\":{\"@id\":\"https:\/\/infoecos.com.ar\/index.php\/leticia-badino-concejal-del-fdt-el-minibus-para-beruti-era-una-necesidad-importante\/\"},\"wordCount\":220,\"publisher\":{\"@id\":\"https:\/\/infoecos.com.ar\/#organization\"},\"image\":{\"@id\":\"https:\/\/infoecos.com.ar\/index.php\/leticia-badino-concejal-del-fdt-el-minibus-para-beruti-era-una-necesidad-importante\/#primaryimage\"},\"thumbnailUrl\":\"https:\/\/infoecos.com.ar\/wp-content\/uploads\/2023\/01\/Entrega-del-Minibus-4.jpg\",\"keywords\":[\"municipios de pie\"],\"articleSection\":[\"C1 nota 6\"],\"inLanguage\":\"es\"},{\"@type\":\"WebPage\",\"@id\":\"https:\/\/infoecos.com.ar\/index.php\/leticia-badino-concejal-del-fdt-el-minibus-para-beruti-era-una-necesidad-importante\/\",\"url\":\"https:\/\/infoecos.com.ar\/index.php\/leticia-badino-concejal-del-fdt-el-minibus-para-beruti-era-una-necesidad-importante\/\",\"name\":\"Leticia Badino, concejal del FDT: \\\"el minibus para Beruti era una necesidad importante\\\" - Infoecos\",\"isPartOf\":{\"@id\":\"https:\/\/infoecos.com.ar\/#website\"},\"primaryImageOfPage\":{\"@id\":\"https:\/\/infoecos.com.ar\/index.php\/leticia-badino-concejal-del-fdt-el-minibus-para-beruti-era-una-necesidad-importante\/#primaryimage\"},\"image\":{\"@id\":\"https:\/\/infoecos.com.ar\/index.php\/leticia-badino-concejal-del-fdt-el-minibus-para-beruti-era-una-necesidad-importante\/#primaryimage\"},\"thumbnailUrl\":\"https:\/\/infoecos.com.ar\/wp-content\/uploads\/2023\/01\/Entrega-del-Minibus-4.jpg\",\"datePublished\":\"2023-01-12T12:05:32+00:00\",\"dateModified\":\"2023-01-17T04:27:26+00:00\",\"breadcrumb\":{\"@id\":\"https:\/\/infoecos.com.ar\/index.php\/leticia-badino-concejal-del-fdt-el-minibus-para-beruti-era-una-necesidad-importante\/#breadcrumb\"},\"inLanguage\":\"es\",\"potentialAction\":[{\"@type\":\"ReadAction\",\"target\":[\"https:\/\/infoecos.com.ar\/index.php\/leticia-badino-concejal-del-fdt-el-minibus-para-beruti-era-una-necesidad-importante\/\"]}]},{\"@type\":\"ImageObject\",\"inLanguage\":\"es\",\"@id\":\"https:\/\/infoecos.com.ar\/index.php\/leticia-badino-concejal-del-fdt-el-minibus-para-beruti-era-una-necesidad-importante\/#primaryimage\",\"url\":\"https:\/\/infoecos.com.ar\/wp-content\/uploads\/2023\/01\/Entrega-del-Minibus-4.jpg\",\"contentUrl\":\"https:\/\/infoecos.com.ar\/wp-content\/uploads\/2023\/01\/Entrega-del-Minibus-4.jpg\",\"width\":1920,\"height\":1080},{\"@type\":\"BreadcrumbList\",\"@id\":\"https:\/\/infoecos.com.ar\/index.php\/leticia-badino-concejal-del-fdt-el-minibus-para-beruti-era-una-necesidad-importante\/#breadcrumb\",\"itemListElement\":[{\"@type\":\"ListItem\",\"position\":1,\"name\":\"Portada\",\"item\":\"https:\/\/infoecos.com.ar\/\"},{\"@type\":\"ListItem\",\"position\":2,\"name\":\"Leticia Badino, concejal del FDT: \u00abel minibus para Beruti era una necesidad importante\u00bb\"}]},{\"@type\":\"WebSite\",\"@id\":\"https:\/\/infoecos.com.ar\/#website\",\"url\":\"https:\/\/infoecos.com.ar\/\",\"name\":\"Infoecos\",\"description\":\"Noticias de trenque lauquen y la zona\",\"publisher\":{\"@id\":\"https:\/\/infoecos.com.ar\/#organization\"},\"alternateName\":\"Noticias\",\"potentialAction\":[{\"@type\":\"SearchAction\",\"target\":{\"@type\":\"EntryPoint\",\"urlTemplate\":\"https:\/\/infoecos.com.ar\/?s={search_term_string}\"},\"query-input\":{\"@type\":\"PropertyValueSpecification\",\"valueRequired\":true,\"valueName\":\"search_term_string\"}}],\"inLanguage\":\"es\"},{\"@type\":\"Organization\",\"@id\":\"https:\/\/infoecos.com.ar\/#organization\",\"name\":\"Infoecos\",\"alternateName\":\"Noticias\",\"url\":\"https:\/\/infoecos.com.ar\/\",\"logo\":{\"@type\":\"ImageObject\",\"inLanguage\":\"es\",\"@id\":\"https:\/\/infoecos.com.ar\/#\/schema\/logo\/image\/\",\"url\":\"https:\/\/infoecos.com.ar\/wp-content\/uploads\/2024\/03\/cropped-logo.png\",\"contentUrl\":\"https:\/\/infoecos.com.ar\/wp-content\/uploads\/2024\/03\/cropped-logo.png\",\"width\":374,\"height\":90,\"caption\":\"Infoecos\"},\"image\":{\"@id\":\"https:\/\/infoecos.com.ar\/#\/schema\/logo\/image\/\"},\"sameAs\":[\"https:\/\/www.facebook.com\/profile.php?id=100063200290284\",\"https:\/\/x.com\/infoecos\"]},{\"@type\":\"Person\",\"@id\":\"https:\/\/infoecos.com.ar\/#\/schema\/person\/8f5ace5ce73b4b4aac4b7245aee6f191\",\"name\":\"Jorge Matheus\",\"url\":\"https:\/\/infoecos.com.ar\/index.php\/author\/jomatheus\/\"}]}<\/script>\n<!-- \/ Yoast SEO plugin. -->","yoast_head_json":{"title":"Leticia Badino, concejal del FDT: \"el minibus para Beruti era una necesidad importante\" - Infoecos","robots":{"index":"index","follow":"follow","max-snippet":"max-snippet:-1","max-image-preview":"max-image-preview:large","max-video-preview":"max-video-preview:-1"},"canonical":"https:\/\/infoecos.com.ar\/index.php\/leticia-badino-concejal-del-fdt-el-minibus-para-beruti-era-una-necesidad-importante\/","og_locale":"es_ES","og_type":"article","og_title":"Leticia Badino, concejal del FDT: \"el minibus para Beruti era una necesidad importante\" - Infoecos","og_description":"Badino asegur\u00f3 que \u201cel minib\u00fas va a empezar con una frecuencia y despu\u00e9s vamos a trabajar todos juntos para poder alcanzar la mejor forma, la mayor cantidad de viajes, el precio aceptado y lo que est\u00e9 m\u00e1s cerca de la necesidad de los vecinos\/as\u201d","og_url":"https:\/\/infoecos.com.ar\/index.php\/leticia-badino-concejal-del-fdt-el-minibus-para-beruti-era-una-necesidad-importante\/","og_site_name":"Infoecos","article_publisher":"https:\/\/www.facebook.com\/profile.php?id=100063200290284","article_published_time":"2023-01-12T12:05:32+00:00","article_modified_time":"2023-01-17T04:27:26+00:00","og_image":[{"width":1920,"height":1080,"url":"https:\/\/infoecos.com.ar\/wp-content\/uploads\/2023\/01\/Entrega-del-Minibus-4.jpg","type":"image\/jpeg"}],"author":"Jorge Matheus","twitter_card":"summary_large_image","twitter_creator":"@infoecos","twitter_site":"@infoecos","twitter_misc":{"Escrito por":"Jorge Matheus","Tiempo de lectura":"2 minutos"},"schema":{"@context":"https:\/\/schema.org","@graph":[{"@type":"Article","@id":"https:\/\/infoecos.com.ar\/index.php\/leticia-badino-concejal-del-fdt-el-minibus-para-beruti-era-una-necesidad-importante\/#article","isPartOf":{"@id":"https:\/\/infoecos.com.ar\/index.php\/leticia-badino-concejal-del-fdt-el-minibus-para-beruti-era-una-necesidad-importante\/"},"author":{"name":"Jorge Matheus","@id":"https:\/\/infoecos.com.ar\/#\/schema\/person\/8f5ace5ce73b4b4aac4b7245aee6f191"},"headline":"Leticia Badino, concejal del FDT: \u00abel minibus para Beruti era una necesidad importante\u00bb","datePublished":"2023-01-12T12:05:32+00:00","dateModified":"2023-01-17T04:27:26+00:00","mainEntityOfPage":{"@id":"https:\/\/infoecos.com.ar\/index.php\/leticia-badino-concejal-del-fdt-el-minibus-para-beruti-era-una-necesidad-importante\/"},"wordCount":220,"publisher":{"@id":"https:\/\/infoecos.com.ar\/#organization"},"image":{"@id":"https:\/\/infoecos.com.ar\/index.php\/leticia-badino-concejal-del-fdt-el-minibus-para-beruti-era-una-necesidad-importante\/#primaryimage"},"thumbnailUrl":"https:\/\/infoecos.com.ar\/wp-content\/uploads\/2023\/01\/Entrega-del-Minibus-4.jpg","keywords":["municipios de pie"],"articleSection":["C1 nota 6"],"inLanguage":"es"},{"@type":"WebPage","@id":"https:\/\/infoecos.com.ar\/index.php\/leticia-badino-concejal-del-fdt-el-minibus-para-beruti-era-una-necesidad-importante\/","url":"https:\/\/infoecos.com.ar\/index.php\/leticia-badino-concejal-del-fdt-el-minibus-para-beruti-era-una-necesidad-importante\/","name":"Leticia Badino, concejal del FDT: \"el minibus para Beruti era una necesidad importante\" - Infoecos","isPartOf":{"@id":"https:\/\/infoecos.com.ar\/#website"},"primaryImageOfPage":{"@id":"https:\/\/infoecos.com.ar\/index.php\/leticia-badino-concejal-del-fdt-el-minibus-para-beruti-era-una-necesidad-importante\/#primaryimage"},"image":{"@id":"https:\/\/infoecos.com.ar\/index.php\/leticia-badino-concejal-del-fdt-el-minibus-para-beruti-era-una-necesidad-importante\/#primaryimage"},"thumbnailUrl":"https:\/\/infoecos.com.ar\/wp-content\/uploads\/2023\/01\/Entrega-del-Minibus-4.jpg","datePublished":"2023-01-12T12:05:32+00:00","dateModified":"2023-01-17T04:27:26+00:00","breadcrumb":{"@id":"https:\/\/infoecos.com.ar\/index.php\/leticia-badino-concejal-del-fdt-el-minibus-para-beruti-era-una-necesidad-importante\/#breadcrumb"},"inLanguage":"es","potentialAction":[{"@type":"ReadAction","target":["https:\/\/infoecos.com.ar\/index.php\/leticia-badino-concejal-del-fdt-el-minibus-para-beruti-era-una-necesidad-importante\/"]}]},{"@type":"ImageObject","inLanguage":"es","@id":"https:\/\/infoecos.com.ar\/index.php\/leticia-badino-concejal-del-fdt-el-minibus-para-beruti-era-una-necesidad-importante\/#primaryimage","url":"https:\/\/infoecos.com.ar\/wp-content\/uploads\/2023\/01\/Entrega-del-Minibus-4.jpg","contentUrl":"https:\/\/infoecos.com.ar\/wp-content\/uploads\/2023\/01\/Entrega-del-Minibus-4.jpg","width":1920,"height":1080},{"@type":"BreadcrumbList","@id":"https:\/\/infoecos.com.ar\/index.php\/leticia-badino-concejal-del-fdt-el-minibus-para-beruti-era-una-necesidad-importante\/#breadcrumb","itemListElement":[{"@type":"ListItem","position":1,"name":"Portada","item":"https:\/\/infoecos.com.ar\/"},{"@type":"ListItem","position":2,"name":"Leticia Badino, concejal del FDT: \u00abel minibus para Beruti era una necesidad importante\u00bb"}]},{"@type":"WebSite","@id":"https:\/\/infoecos.com.ar\/#website","url":"https:\/\/infoecos.com.ar\/","name":"Infoecos","description":"Noticias de trenque lauquen y la zona","publisher":{"@id":"https:\/\/infoecos.com.ar\/#organization"},"alternateName":"Noticias","potentialAction":[{"@type":"SearchAction","target":{"@type":"EntryPoint","urlTemplate":"https:\/\/infoecos.com.ar\/?s={search_term_string}"},"query-input":{"@type":"PropertyValueSpecification","valueRequired":true,"valueName":"search_term_string"}}],"inLanguage":"es"},{"@type":"Organization","@id":"https:\/\/infoecos.com.ar\/#organization","name":"Infoecos","alternateName":"Noticias","url":"https:\/\/infoecos.com.ar\/","logo":{"@type":"ImageObject","inLanguage":"es","@id":"https:\/\/infoecos.com.ar\/#\/schema\/logo\/image\/","url":"https:\/\/infoecos.com.ar\/wp-content\/uploads\/2024\/03\/cropped-logo.png","contentUrl":"https:\/\/infoecos.com.ar\/wp-content\/uploads\/2024\/03\/cropped-logo.png","width":374,"height":90,"caption":"Infoecos"},"image":{"@id":"https:\/\/infoecos.com.ar\/#\/schema\/logo\/image\/"},"sameAs":["https:\/\/www.facebook.com\/profile.php?id=100063200290284","https:\/\/x.com\/infoecos"]},{"@type":"Person","@id":"https:\/\/infoecos.com.ar\/#\/schema\/person\/8f5ace5ce73b4b4aac4b7245aee6f191","name":"Jorge Matheus","url":"https:\/\/infoecos.com.ar\/index.php\/author\/jomatheus\/"}]}},"featured_image_urls":{"full":["https:\/\/infoecos.com.ar\/wp-content\/uploads\/2023\/01\/Entrega-del-Minibus-4.jpg",1920,1080,false],"thumbnail":["https:\/\/infoecos.com.ar\/wp-content\/uploads\/2023\/01\/Entrega-del-Minibus-4-300x150.jpg",300,150,true],"medium":["https:\/\/infoecos.com.ar\/wp-content\/uploads\/2023\/01\/Entrega-del-Minibus-4-800x450.jpg",800,450,true],"medium_large":["https:\/\/infoecos.com.ar\/wp-content\/uploads\/2023\/01\/Entrega-del-Minibus-4-768x432.jpg",640,360,true],"large":["https:\/\/infoecos.com.ar\/wp-content\/uploads\/2023\/01\/Entrega-del-Minibus-4-1600x900.jpg",640,360,true],"1536x1536":["https:\/\/infoecos.com.ar\/wp-content\/uploads\/2023\/01\/Entrega-del-Minibus-4-1536x864.jpg",1536,864,true],"2048x2048":["https:\/\/infoecos.com.ar\/wp-content\/uploads\/2023\/01\/Entrega-del-Minibus-4.jpg",1920,1080,false],"covernews-slider-full":["https:\/\/infoecos.com.ar\/wp-content\/uploads\/2023\/01\/Entrega-del-Minibus-4-1536x1020.jpg",1077,715,true],"covernews-slider-center":["https:\/\/infoecos.com.ar\/wp-content\/uploads\/2023\/01\/Entrega-del-Minibus-4-936x897.jpg",522,500,true],"covernews-featured":["https:\/\/infoecos.com.ar\/wp-content\/uploads\/2023\/01\/Entrega-del-Minibus-4-1024x576.jpg",1024,576,true],"covernews-medium":["https:\/\/infoecos.com.ar\/wp-content\/uploads\/2023\/01\/Entrega-del-Minibus-4-720x380.jpg",540,285,true],"covernews-medium-square":["https:\/\/infoecos.com.ar\/wp-content\/uploads\/2023\/01\/Entrega-del-Minibus-4-675x450.jpg",375,250,true]},"author_info":{"info":["Jorge Matheus"]},"category_info":"<a href=\"https:\/\/infoecos.com.ar\/index.php\/category\/c1nota6\/\" rel=\"category tag\">C1 nota 6<\/a>","tag_info":"C1 nota 6","comment_count":"0","_links":{"self":[{"href":"https:\/\/infoecos.com.ar\/index.php\/wp-json\/wp\/v2\/posts\/99902"}],"collection":[{"href":"https:\/\/infoecos.com.ar\/index.php\/wp-json\/wp\/v2\/posts"}],"about":[{"href":"https:\/\/infoecos.com.ar\/index.php\/wp-json\/wp\/v2\/types\/post"}],"author":[{"embeddable":true,"href":"https:\/\/infoecos.com.ar\/index.php\/wp-json\/wp\/v2\/users\/2"}],"replies":[{"embeddable":true,"href":"https:\/\/infoecos.com.ar\/index.php\/wp-json\/wp\/v2\/comments?post=99902"}],"version-history":[{"count":1,"href":"https:\/\/infoecos.com.ar\/index.php\/wp-json\/wp\/v2\/posts\/99902\/revisions"}],"predecessor-version":[{"id":99904,"href":"https:\/\/infoecos.com.ar\/index.php\/wp-json\/wp\/v2\/posts\/99902\/revisions\/99904"}],"wp:featuredmedia":[{"embeddable":true,"href":"https:\/\/infoecos.com.ar\/index.php\/wp-json\/wp\/v2\/media\/99903"}],"wp:attachment":[{"href":"https:\/\/infoecos.com.ar\/index.php\/wp-json\/wp\/v2\/media?parent=99902"}],"wp:term":[{"taxonomy":"category","embeddable":true,"href":"https:\/\/infoecos.com.ar\/index.php\/wp-json\/wp\/v2\/categories?post=99902"},{"taxonomy":"post_tag","embeddable":true,"href":"https:\/\/infoecos.com.ar\/index.php\/wp-json\/wp\/v2\/tags?post=99902"}],"curies":[{"name":"wp","href":"https:\/\/api.w.org\/{rel}","templated":true}]}}