{"id":99916,"date":"2023-01-12T09:45:01","date_gmt":"2023-01-12T12:45:01","guid":{"rendered":"https:\/\/infoecos.com.ar\/?p=99916"},"modified":"2023-01-12T09:45:02","modified_gmt":"2023-01-12T12:45:02","slug":"clima-se-espera-una-maxima-de-29-y-en-el-pronostico-se-descartan-tormentas","status":"publish","type":"post","link":"https:\/\/infoecos.com.ar\/index.php\/clima-se-espera-una-maxima-de-29-y-en-el-pronostico-se-descartan-tormentas\/","title":{"rendered":"Clima: se espera una m\u00e1xima de 29\u00b0 y en el pron\u00f3stico se descartan tormentas"},"content":{"rendered":"\n<p>Se modific\u00f3 el pron\u00f3stico del tiempo para esta zona de la provincia de Buenos Aires. Para la tarde se anticipaban tormentas aisladas. Podr\u00eda estar nublado, pero con buen tiempo, esper\u00e1ndose una temperatura m\u00e1xima de 29 grados.<\/p>\n\n\n\n<figure class=\"wp-block-image aligncenter size-full\"><img loading=\"lazy\" decoding=\"async\" width=\"718\" height=\"787\" src=\"https:\/\/infoecos.com.ar\/wp-content\/uploads\/2023\/01\/PRONOSTICOJUEVES.jpg\" alt=\"\" class=\"wp-image-99917\"\/><\/figure>\n","protected":false},"excerpt":{"rendered":"<p>Se modific\u00f3 el pron\u00f3stico del tiempo para esta zona de la provincia de Buenos Aires<\/p>\n","protected":false},"author":2,"featured_media":98619,"comment_status":"closed","ping_status":"open","sticky":false,"template":"","format":"standard","meta":{"footnotes":""},"categories":[28],"tags":[4991],"class_list":["post-99916","post","type-post","status-publish","format-standard","has-post-thumbnail","hentry","category-c1nota1","tag-servicio-meteorologico-nacional"],"yoast_head":"<!-- This site is optimized with the Yoast SEO plugin v23.4 - https:\/\/yoast.com\/wordpress\/plugins\/seo\/ -->\n<title>Clima: se espera una m\u00e1xima de 29\u00b0 y en el pron\u00f3stico se descartan tormentas - Infoecos<\/title>\n<meta name=\"robots\" content=\"index, follow, max-snippet:-1, max-image-preview:large, max-video-preview:-1\" \/>\n<link rel=\"canonical\" href=\"https:\/\/infoecos.com.ar\/index.php\/clima-se-espera-una-maxima-de-29-y-en-el-pronostico-se-descartan-tormentas\/\" \/>\n<meta property=\"og:locale\" content=\"es_ES\" \/>\n<meta property=\"og:type\" content=\"article\" \/>\n<meta property=\"og:title\" content=\"Clima: se espera una m\u00e1xima de 29\u00b0 y en el pron\u00f3stico se descartan tormentas - Infoecos\" \/>\n<meta property=\"og:description\" content=\"Se modific\u00f3 el pron\u00f3stico del tiempo para esta zona de la provincia de Buenos Aires\" \/>\n<meta property=\"og:url\" content=\"https:\/\/infoecos.com.ar\/index.php\/clima-se-espera-una-maxima-de-29-y-en-el-pronostico-se-descartan-tormentas\/\" \/>\n<meta property=\"og:site_name\" content=\"Infoecos\" \/>\n<meta property=\"article:publisher\" content=\"https:\/\/www.facebook.com\/profile.php?id=100063200290284\" \/>\n<meta property=\"article:published_time\" content=\"2023-01-12T12:45:01+00:00\" \/>\n<meta property=\"article:modified_time\" content=\"2023-01-12T12:45:02+00:00\" \/>\n<meta property=\"og:image\" content=\"https:\/\/infoecos.com.ar\/wp-content\/uploads\/2022\/10\/image-20.png\" \/>\n\t<meta property=\"og:image:width\" content=\"257\" \/>\n\t<meta property=\"og:image:height\" content=\"256\" \/>\n\t<meta property=\"og:image:type\" content=\"image\/png\" \/>\n<meta name=\"author\" content=\"Jorge Matheus\" \/>\n<meta name=\"twitter:card\" content=\"summary_large_image\" \/>\n<meta name=\"twitter:creator\" content=\"@infoecos\" \/>\n<meta name=\"twitter:site\" content=\"@infoecos\" \/>\n<meta name=\"twitter:label1\" content=\"Escrito por\" \/>\n\t<meta name=\"twitter:data1\" content=\"Jorge Matheus\" \/>\n\t<meta name=\"twitter:label2\" content=\"Tiempo de lectura\" \/>\n\t<meta name=\"twitter:data2\" content=\"1 minuto\" \/>\n<script type=\"application\/ld+json\" class=\"yoast-schema-graph\">{\"@context\":\"https:\/\/schema.org\",\"@graph\":[{\"@type\":\"Article\",\"@id\":\"https:\/\/infoecos.com.ar\/index.php\/clima-se-espera-una-maxima-de-29-y-en-el-pronostico-se-descartan-tormentas\/#article\",\"isPartOf\":{\"@id\":\"https:\/\/infoecos.com.ar\/index.php\/clima-se-espera-una-maxima-de-29-y-en-el-pronostico-se-descartan-tormentas\/\"},\"author\":{\"name\":\"Jorge Matheus\",\"@id\":\"https:\/\/infoecos.com.ar\/#\/schema\/person\/8f5ace5ce73b4b4aac4b7245aee6f191\"},\"headline\":\"Clima: se espera una m\u00e1xima de 29\u00b0 y en el pron\u00f3stico se descartan tormentas\",\"datePublished\":\"2023-01-12T12:45:01+00:00\",\"dateModified\":\"2023-01-12T12:45:02+00:00\",\"mainEntityOfPage\":{\"@id\":\"https:\/\/infoecos.com.ar\/index.php\/clima-se-espera-una-maxima-de-29-y-en-el-pronostico-se-descartan-tormentas\/\"},\"wordCount\":54,\"publisher\":{\"@id\":\"https:\/\/infoecos.com.ar\/#organization\"},\"image\":{\"@id\":\"https:\/\/infoecos.com.ar\/index.php\/clima-se-espera-una-maxima-de-29-y-en-el-pronostico-se-descartan-tormentas\/#primaryimage\"},\"thumbnailUrl\":\"https:\/\/infoecos.com.ar\/wp-content\/uploads\/2022\/10\/image-20.png\",\"keywords\":[\"SERVICIO METEOROL\u00d3GICO nACIONAL\"],\"articleSection\":[\"C1 N1\"],\"inLanguage\":\"es\"},{\"@type\":\"WebPage\",\"@id\":\"https:\/\/infoecos.com.ar\/index.php\/clima-se-espera-una-maxima-de-29-y-en-el-pronostico-se-descartan-tormentas\/\",\"url\":\"https:\/\/infoecos.com.ar\/index.php\/clima-se-espera-una-maxima-de-29-y-en-el-pronostico-se-descartan-tormentas\/\",\"name\":\"Clima: se espera una m\u00e1xima de 29\u00b0 y en el pron\u00f3stico se descartan tormentas - Infoecos\",\"isPartOf\":{\"@id\":\"https:\/\/infoecos.com.ar\/#website\"},\"primaryImageOfPage\":{\"@id\":\"https:\/\/infoecos.com.ar\/index.php\/clima-se-espera-una-maxima-de-29-y-en-el-pronostico-se-descartan-tormentas\/#primaryimage\"},\"image\":{\"@id\":\"https:\/\/infoecos.com.ar\/index.php\/clima-se-espera-una-maxima-de-29-y-en-el-pronostico-se-descartan-tormentas\/#primaryimage\"},\"thumbnailUrl\":\"https:\/\/infoecos.com.ar\/wp-content\/uploads\/2022\/10\/image-20.png\",\"datePublished\":\"2023-01-12T12:45:01+00:00\",\"dateModified\":\"2023-01-12T12:45:02+00:00\",\"breadcrumb\":{\"@id\":\"https:\/\/infoecos.com.ar\/index.php\/clima-se-espera-una-maxima-de-29-y-en-el-pronostico-se-descartan-tormentas\/#breadcrumb\"},\"inLanguage\":\"es\",\"potentialAction\":[{\"@type\":\"ReadAction\",\"target\":[\"https:\/\/infoecos.com.ar\/index.php\/clima-se-espera-una-maxima-de-29-y-en-el-pronostico-se-descartan-tormentas\/\"]}]},{\"@type\":\"ImageObject\",\"inLanguage\":\"es\",\"@id\":\"https:\/\/infoecos.com.ar\/index.php\/clima-se-espera-una-maxima-de-29-y-en-el-pronostico-se-descartan-tormentas\/#primaryimage\",\"url\":\"https:\/\/infoecos.com.ar\/wp-content\/uploads\/2022\/10\/image-20.png\",\"contentUrl\":\"https:\/\/infoecos.com.ar\/wp-content\/uploads\/2022\/10\/image-20.png\",\"width\":257,\"height\":256},{\"@type\":\"BreadcrumbList\",\"@id\":\"https:\/\/infoecos.com.ar\/index.php\/clima-se-espera-una-maxima-de-29-y-en-el-pronostico-se-descartan-tormentas\/#breadcrumb\",\"itemListElement\":[{\"@type\":\"ListItem\",\"position\":1,\"name\":\"Portada\",\"item\":\"https:\/\/infoecos.com.ar\/\"},{\"@type\":\"ListItem\",\"position\":2,\"name\":\"Clima: se espera una m\u00e1xima de 29\u00b0 y en el pron\u00f3stico se descartan tormentas\"}]},{\"@type\":\"WebSite\",\"@id\":\"https:\/\/infoecos.com.ar\/#website\",\"url\":\"https:\/\/infoecos.com.ar\/\",\"name\":\"Infoecos\",\"description\":\"Noticias de trenque lauquen y la zona\",\"publisher\":{\"@id\":\"https:\/\/infoecos.com.ar\/#organization\"},\"alternateName\":\"Noticias\",\"potentialAction\":[{\"@type\":\"SearchAction\",\"target\":{\"@type\":\"EntryPoint\",\"urlTemplate\":\"https:\/\/infoecos.com.ar\/?s={search_term_string}\"},\"query-input\":{\"@type\":\"PropertyValueSpecification\",\"valueRequired\":true,\"valueName\":\"search_term_string\"}}],\"inLanguage\":\"es\"},{\"@type\":\"Organization\",\"@id\":\"https:\/\/infoecos.com.ar\/#organization\",\"name\":\"Infoecos\",\"alternateName\":\"Noticias\",\"url\":\"https:\/\/infoecos.com.ar\/\",\"logo\":{\"@type\":\"ImageObject\",\"inLanguage\":\"es\",\"@id\":\"https:\/\/infoecos.com.ar\/#\/schema\/logo\/image\/\",\"url\":\"https:\/\/infoecos.com.ar\/wp-content\/uploads\/2024\/03\/cropped-logo.png\",\"contentUrl\":\"https:\/\/infoecos.com.ar\/wp-content\/uploads\/2024\/03\/cropped-logo.png\",\"width\":374,\"height\":90,\"caption\":\"Infoecos\"},\"image\":{\"@id\":\"https:\/\/infoecos.com.ar\/#\/schema\/logo\/image\/\"},\"sameAs\":[\"https:\/\/www.facebook.com\/profile.php?id=100063200290284\",\"https:\/\/x.com\/infoecos\"]},{\"@type\":\"Person\",\"@id\":\"https:\/\/infoecos.com.ar\/#\/schema\/person\/8f5ace5ce73b4b4aac4b7245aee6f191\",\"name\":\"Jorge Matheus\",\"url\":\"https:\/\/infoecos.com.ar\/index.php\/author\/jomatheus\/\"}]}<\/script>\n<!-- \/ Yoast SEO plugin. -->","yoast_head_json":{"title":"Clima: se espera una m\u00e1xima de 29\u00b0 y en el pron\u00f3stico se descartan tormentas - Infoecos","robots":{"index":"index","follow":"follow","max-snippet":"max-snippet:-1","max-image-preview":"max-image-preview:large","max-video-preview":"max-video-preview:-1"},"canonical":"https:\/\/infoecos.com.ar\/index.php\/clima-se-espera-una-maxima-de-29-y-en-el-pronostico-se-descartan-tormentas\/","og_locale":"es_ES","og_type":"article","og_title":"Clima: se espera una m\u00e1xima de 29\u00b0 y en el pron\u00f3stico se descartan tormentas - Infoecos","og_description":"Se modific\u00f3 el pron\u00f3stico del tiempo para esta zona de la provincia de Buenos Aires","og_url":"https:\/\/infoecos.com.ar\/index.php\/clima-se-espera-una-maxima-de-29-y-en-el-pronostico-se-descartan-tormentas\/","og_site_name":"Infoecos","article_publisher":"https:\/\/www.facebook.com\/profile.php?id=100063200290284","article_published_time":"2023-01-12T12:45:01+00:00","article_modified_time":"2023-01-12T12:45:02+00:00","og_image":[{"width":257,"height":256,"url":"https:\/\/infoecos.com.ar\/wp-content\/uploads\/2022\/10\/image-20.png","type":"image\/png"}],"author":"Jorge Matheus","twitter_card":"summary_large_image","twitter_creator":"@infoecos","twitter_site":"@infoecos","twitter_misc":{"Escrito por":"Jorge Matheus","Tiempo de lectura":"1 minuto"},"schema":{"@context":"https:\/\/schema.org","@graph":[{"@type":"Article","@id":"https:\/\/infoecos.com.ar\/index.php\/clima-se-espera-una-maxima-de-29-y-en-el-pronostico-se-descartan-tormentas\/#article","isPartOf":{"@id":"https:\/\/infoecos.com.ar\/index.php\/clima-se-espera-una-maxima-de-29-y-en-el-pronostico-se-descartan-tormentas\/"},"author":{"name":"Jorge Matheus","@id":"https:\/\/infoecos.com.ar\/#\/schema\/person\/8f5ace5ce73b4b4aac4b7245aee6f191"},"headline":"Clima: se espera una m\u00e1xima de 29\u00b0 y en el pron\u00f3stico se descartan tormentas","datePublished":"2023-01-12T12:45:01+00:00","dateModified":"2023-01-12T12:45:02+00:00","mainEntityOfPage":{"@id":"https:\/\/infoecos.com.ar\/index.php\/clima-se-espera-una-maxima-de-29-y-en-el-pronostico-se-descartan-tormentas\/"},"wordCount":54,"publisher":{"@id":"https:\/\/infoecos.com.ar\/#organization"},"image":{"@id":"https:\/\/infoecos.com.ar\/index.php\/clima-se-espera-una-maxima-de-29-y-en-el-pronostico-se-descartan-tormentas\/#primaryimage"},"thumbnailUrl":"https:\/\/infoecos.com.ar\/wp-content\/uploads\/2022\/10\/image-20.png","keywords":["SERVICIO METEOROL\u00d3GICO nACIONAL"],"articleSection":["C1 N1"],"inLanguage":"es"},{"@type":"WebPage","@id":"https:\/\/infoecos.com.ar\/index.php\/clima-se-espera-una-maxima-de-29-y-en-el-pronostico-se-descartan-tormentas\/","url":"https:\/\/infoecos.com.ar\/index.php\/clima-se-espera-una-maxima-de-29-y-en-el-pronostico-se-descartan-tormentas\/","name":"Clima: se espera una m\u00e1xima de 29\u00b0 y en el pron\u00f3stico se descartan tormentas - Infoecos","isPartOf":{"@id":"https:\/\/infoecos.com.ar\/#website"},"primaryImageOfPage":{"@id":"https:\/\/infoecos.com.ar\/index.php\/clima-se-espera-una-maxima-de-29-y-en-el-pronostico-se-descartan-tormentas\/#primaryimage"},"image":{"@id":"https:\/\/infoecos.com.ar\/index.php\/clima-se-espera-una-maxima-de-29-y-en-el-pronostico-se-descartan-tormentas\/#primaryimage"},"thumbnailUrl":"https:\/\/infoecos.com.ar\/wp-content\/uploads\/2022\/10\/image-20.png","datePublished":"2023-01-12T12:45:01+00:00","dateModified":"2023-01-12T12:45:02+00:00","breadcrumb":{"@id":"https:\/\/infoecos.com.ar\/index.php\/clima-se-espera-una-maxima-de-29-y-en-el-pronostico-se-descartan-tormentas\/#breadcrumb"},"inLanguage":"es","potentialAction":[{"@type":"ReadAction","target":["https:\/\/infoecos.com.ar\/index.php\/clima-se-espera-una-maxima-de-29-y-en-el-pronostico-se-descartan-tormentas\/"]}]},{"@type":"ImageObject","inLanguage":"es","@id":"https:\/\/infoecos.com.ar\/index.php\/clima-se-espera-una-maxima-de-29-y-en-el-pronostico-se-descartan-tormentas\/#primaryimage","url":"https:\/\/infoecos.com.ar\/wp-content\/uploads\/2022\/10\/image-20.png","contentUrl":"https:\/\/infoecos.com.ar\/wp-content\/uploads\/2022\/10\/image-20.png","width":257,"height":256},{"@type":"BreadcrumbList","@id":"https:\/\/infoecos.com.ar\/index.php\/clima-se-espera-una-maxima-de-29-y-en-el-pronostico-se-descartan-tormentas\/#breadcrumb","itemListElement":[{"@type":"ListItem","position":1,"name":"Portada","item":"https:\/\/infoecos.com.ar\/"},{"@type":"ListItem","position":2,"name":"Clima: se espera una m\u00e1xima de 29\u00b0 y en el pron\u00f3stico se descartan tormentas"}]},{"@type":"WebSite","@id":"https:\/\/infoecos.com.ar\/#website","url":"https:\/\/infoecos.com.ar\/","name":"Infoecos","description":"Noticias de trenque lauquen y la zona","publisher":{"@id":"https:\/\/infoecos.com.ar\/#organization"},"alternateName":"Noticias","potentialAction":[{"@type":"SearchAction","target":{"@type":"EntryPoint","urlTemplate":"https:\/\/infoecos.com.ar\/?s={search_term_string}"},"query-input":{"@type":"PropertyValueSpecification","valueRequired":true,"valueName":"search_term_string"}}],"inLanguage":"es"},{"@type":"Organization","@id":"https:\/\/infoecos.com.ar\/#organization","name":"Infoecos","alternateName":"Noticias","url":"https:\/\/infoecos.com.ar\/","logo":{"@type":"ImageObject","inLanguage":"es","@id":"https:\/\/infoecos.com.ar\/#\/schema\/logo\/image\/","url":"https:\/\/infoecos.com.ar\/wp-content\/uploads\/2024\/03\/cropped-logo.png","contentUrl":"https:\/\/infoecos.com.ar\/wp-content\/uploads\/2024\/03\/cropped-logo.png","width":374,"height":90,"caption":"Infoecos"},"image":{"@id":"https:\/\/infoecos.com.ar\/#\/schema\/logo\/image\/"},"sameAs":["https:\/\/www.facebook.com\/profile.php?id=100063200290284","https:\/\/x.com\/infoecos"]},{"@type":"Person","@id":"https:\/\/infoecos.com.ar\/#\/schema\/person\/8f5ace5ce73b4b4aac4b7245aee6f191","name":"Jorge Matheus","url":"https:\/\/infoecos.com.ar\/index.php\/author\/jomatheus\/"}]}},"featured_image_urls":{"full":["https:\/\/infoecos.com.ar\/wp-content\/uploads\/2022\/10\/image-20.png",257,256,false],"thumbnail":["https:\/\/infoecos.com.ar\/wp-content\/uploads\/2022\/10\/image-20-150x150.png",150,150,true],"medium":["https:\/\/infoecos.com.ar\/wp-content\/uploads\/2022\/10\/image-20.png",257,256,false],"medium_large":["https:\/\/infoecos.com.ar\/wp-content\/uploads\/2022\/10\/image-20.png",257,256,false],"large":["https:\/\/infoecos.com.ar\/wp-content\/uploads\/2022\/10\/image-20.png",257,256,false],"1536x1536":["https:\/\/infoecos.com.ar\/wp-content\/uploads\/2022\/10\/image-20.png",257,256,false],"2048x2048":["https:\/\/infoecos.com.ar\/wp-content\/uploads\/2022\/10\/image-20.png",257,256,false],"covernews-slider-full":["https:\/\/infoecos.com.ar\/wp-content\/uploads\/2022\/10\/image-20.png",257,256,false],"covernews-slider-center":["https:\/\/infoecos.com.ar\/wp-content\/uploads\/2022\/10\/image-20.png",257,256,false],"covernews-featured":["https:\/\/infoecos.com.ar\/wp-content\/uploads\/2022\/10\/image-20.png",257,256,false],"covernews-medium":["https:\/\/infoecos.com.ar\/wp-content\/uploads\/2022\/10\/image-20.png",257,256,false],"covernews-medium-square":["https:\/\/infoecos.com.ar\/wp-content\/uploads\/2022\/10\/image-20.png",251,250,false]},"author_info":{"info":["Jorge Matheus"]},"category_info":"<a href=\"https:\/\/infoecos.com.ar\/index.php\/category\/c1nota1\/\" rel=\"category tag\">C1 N1<\/a>","tag_info":"C1 N1","comment_count":"0","_links":{"self":[{"href":"https:\/\/infoecos.com.ar\/index.php\/wp-json\/wp\/v2\/posts\/99916"}],"collection":[{"href":"https:\/\/infoecos.com.ar\/index.php\/wp-json\/wp\/v2\/posts"}],"about":[{"href":"https:\/\/infoecos.com.ar\/index.php\/wp-json\/wp\/v2\/types\/post"}],"author":[{"embeddable":true,"href":"https:\/\/infoecos.com.ar\/index.php\/wp-json\/wp\/v2\/users\/2"}],"replies":[{"embeddable":true,"href":"https:\/\/infoecos.com.ar\/index.php\/wp-json\/wp\/v2\/comments?post=99916"}],"version-history":[{"count":1,"href":"https:\/\/infoecos.com.ar\/index.php\/wp-json\/wp\/v2\/posts\/99916\/revisions"}],"predecessor-version":[{"id":99918,"href":"https:\/\/infoecos.com.ar\/index.php\/wp-json\/wp\/v2\/posts\/99916\/revisions\/99918"}],"wp:featuredmedia":[{"embeddable":true,"href":"https:\/\/infoecos.com.ar\/index.php\/wp-json\/wp\/v2\/media\/98619"}],"wp:attachment":[{"href":"https:\/\/infoecos.com.ar\/index.php\/wp-json\/wp\/v2\/media?parent=99916"}],"wp:term":[{"taxonomy":"category","embeddable":true,"href":"https:\/\/infoecos.com.ar\/index.php\/wp-json\/wp\/v2\/categories?post=99916"},{"taxonomy":"post_tag","embeddable":true,"href":"https:\/\/infoecos.com.ar\/index.php\/wp-json\/wp\/v2\/tags?post=99916"}],"curies":[{"name":"wp","href":"https:\/\/api.w.org\/{rel}","templated":true}]}}