{"id":99933,"date":"2023-01-12T10:49:29","date_gmt":"2023-01-12T13:49:29","guid":{"rendered":"https:\/\/infoecos.com.ar\/?p=99933"},"modified":"2023-01-17T01:31:55","modified_gmt":"2023-01-17T04:31:55","slug":"repatriaran-a-rancul-los-bienes-culturales-de-alberto-cortez","status":"publish","type":"post","link":"https:\/\/infoecos.com.ar\/index.php\/repatriaran-a-rancul-los-bienes-culturales-de-alberto-cortez\/","title":{"rendered":"Repatriar\u00e1n a Rancul los bienes culturales de Alberto Cortez"},"content":{"rendered":"\n<p>El gobierno pampeano, a trav\u00e9s de la Secretar\u00eda de Cultura, inform\u00f3 del avance de las gestiones para repatriar los bienes culturales como objetos, libros y discos, del cantautor pampeano&nbsp;<strong>Alberto Cortez<\/strong>. Esos objetos tendr\u00e1n como destino un museo en la localidad de Rancul, donde hab\u00eda nacido en 1940.<\/p>\n\n\n\n<figure class=\"wp-block-image aligncenter size-full\"><img loading=\"lazy\" decoding=\"async\" width=\"449\" height=\"339\" src=\"https:\/\/infoecos.com.ar\/wp-content\/uploads\/2021\/07\/cortezalberto2.png\" alt=\"\" class=\"wp-image-82119\"\/><\/figure>\n\n\n\n<p>Como parte de la gesti\u00f3n, tambi\u00e9n se comunic\u00f3 de la decisi\u00f3n de declarar como&nbsp;<strong>Patrimonio Cultural la obra de Alberto Cortez<\/strong>, lo que fuera un pedido de las sobrinas del cantautor, Mar\u00eda Jimena Garc\u00eda Epifanio y Mar\u00eda Bel\u00e9n Garc\u00eda Epifanio.<\/p>\n\n\n\n<p>En este sentido, como primera medida, ya se estableci\u00f3 al r\u00e9gimen de protecci\u00f3n, previsto en la Ley N\u00ba 2083 (de Conservaci\u00f3n del Patrimonio Cultural) y su decreto reglamentario N\u00ba 1934\/04, los bienes que integran el acervo personal del cantautor&nbsp;<strong>Jos\u00e9 Alberto Garc\u00eda Gallo<\/strong>, y conocido mundialmente como Alberto Cortez.<\/p>\n\n\n\n<p>La Comisi\u00f3n Provincial de Patrimonio Cultural autoriz\u00f3 el traslado desde Espa\u00f1a a La Pampa, de los bienes que integran el acervo personal del artista, entre lo que se hallan libros, discos, poemas, relatos y comentarios que el m\u00fasico pampeano reuni\u00f3 durante toda su carrera art\u00edstica.<\/p>\n\n\n\n<p>Alberto Cortez naci\u00f3 el 11 de marzo de 1940 en Rancul y falleci\u00f3 el 4 de abril de 2019 en Madrid, donde resid\u00eda desde hace muchos a\u00f1os.<\/p>\n\n\n\n<p>Fuente: eldiariodelapampa.com.ar<\/p>\n","protected":false},"excerpt":{"rendered":"<p>El acervo personal del cantautor\u00a0Jos\u00e9 Alberto Garc\u00eda Gallo, y conocido mundialmente como Alberto Cortez<\/p>\n","protected":false},"author":2,"featured_media":82119,"comment_status":"closed","ping_status":"open","sticky":false,"template":"","format":"standard","meta":{"footnotes":""},"categories":[43],"tags":[7078],"class_list":["post-99933","post","type-post","status-publish","format-standard","has-post-thumbnail","hentry","category-inferior4","tag-a-su-pueblo-natal"],"yoast_head":"<!-- This site is optimized with the Yoast SEO plugin v23.4 - https:\/\/yoast.com\/wordpress\/plugins\/seo\/ -->\n<title>Repatriar\u00e1n a Rancul los bienes culturales de Alberto Cortez - Infoecos<\/title>\n<meta name=\"robots\" content=\"index, follow, max-snippet:-1, max-image-preview:large, max-video-preview:-1\" \/>\n<link rel=\"canonical\" href=\"https:\/\/infoecos.com.ar\/index.php\/repatriaran-a-rancul-los-bienes-culturales-de-alberto-cortez\/\" \/>\n<meta property=\"og:locale\" content=\"es_ES\" \/>\n<meta property=\"og:type\" content=\"article\" \/>\n<meta property=\"og:title\" content=\"Repatriar\u00e1n a Rancul los bienes culturales de Alberto Cortez - Infoecos\" \/>\n<meta property=\"og:description\" content=\"El acervo personal del cantautor\u00a0Jos\u00e9 Alberto Garc\u00eda Gallo, y conocido mundialmente como Alberto Cortez\" \/>\n<meta property=\"og:url\" content=\"https:\/\/infoecos.com.ar\/index.php\/repatriaran-a-rancul-los-bienes-culturales-de-alberto-cortez\/\" \/>\n<meta property=\"og:site_name\" content=\"Infoecos\" \/>\n<meta property=\"article:publisher\" content=\"https:\/\/www.facebook.com\/profile.php?id=100063200290284\" \/>\n<meta property=\"article:published_time\" content=\"2023-01-12T13:49:29+00:00\" \/>\n<meta property=\"article:modified_time\" content=\"2023-01-17T04:31:55+00:00\" \/>\n<meta property=\"og:image\" content=\"https:\/\/infoecos.com.ar\/wp-content\/uploads\/2021\/07\/cortezalberto2.png\" \/>\n\t<meta property=\"og:image:width\" content=\"449\" \/>\n\t<meta property=\"og:image:height\" content=\"339\" \/>\n\t<meta property=\"og:image:type\" content=\"image\/png\" \/>\n<meta name=\"author\" content=\"Jorge Matheus\" \/>\n<meta name=\"twitter:card\" content=\"summary_large_image\" \/>\n<meta name=\"twitter:creator\" content=\"@infoecos\" \/>\n<meta name=\"twitter:site\" content=\"@infoecos\" \/>\n<meta name=\"twitter:label1\" content=\"Escrito por\" \/>\n\t<meta name=\"twitter:data1\" content=\"Jorge Matheus\" \/>\n\t<meta name=\"twitter:label2\" content=\"Tiempo de lectura\" \/>\n\t<meta name=\"twitter:data2\" content=\"2 minutos\" \/>\n<script type=\"application\/ld+json\" class=\"yoast-schema-graph\">{\"@context\":\"https:\/\/schema.org\",\"@graph\":[{\"@type\":\"Article\",\"@id\":\"https:\/\/infoecos.com.ar\/index.php\/repatriaran-a-rancul-los-bienes-culturales-de-alberto-cortez\/#article\",\"isPartOf\":{\"@id\":\"https:\/\/infoecos.com.ar\/index.php\/repatriaran-a-rancul-los-bienes-culturales-de-alberto-cortez\/\"},\"author\":{\"name\":\"Jorge Matheus\",\"@id\":\"https:\/\/infoecos.com.ar\/#\/schema\/person\/8f5ace5ce73b4b4aac4b7245aee6f191\"},\"headline\":\"Repatriar\u00e1n a Rancul los bienes culturales de Alberto Cortez\",\"datePublished\":\"2023-01-12T13:49:29+00:00\",\"dateModified\":\"2023-01-17T04:31:55+00:00\",\"mainEntityOfPage\":{\"@id\":\"https:\/\/infoecos.com.ar\/index.php\/repatriaran-a-rancul-los-bienes-culturales-de-alberto-cortez\/\"},\"wordCount\":241,\"publisher\":{\"@id\":\"https:\/\/infoecos.com.ar\/#organization\"},\"image\":{\"@id\":\"https:\/\/infoecos.com.ar\/index.php\/repatriaran-a-rancul-los-bienes-culturales-de-alberto-cortez\/#primaryimage\"},\"thumbnailUrl\":\"https:\/\/infoecos.com.ar\/wp-content\/uploads\/2021\/07\/cortezalberto2.png\",\"keywords\":[\"A SU PUEBLO NATAL\"],\"articleSection\":[\"Bloque inferior - 4\"],\"inLanguage\":\"es\"},{\"@type\":\"WebPage\",\"@id\":\"https:\/\/infoecos.com.ar\/index.php\/repatriaran-a-rancul-los-bienes-culturales-de-alberto-cortez\/\",\"url\":\"https:\/\/infoecos.com.ar\/index.php\/repatriaran-a-rancul-los-bienes-culturales-de-alberto-cortez\/\",\"name\":\"Repatriar\u00e1n a Rancul los bienes culturales de Alberto Cortez - Infoecos\",\"isPartOf\":{\"@id\":\"https:\/\/infoecos.com.ar\/#website\"},\"primaryImageOfPage\":{\"@id\":\"https:\/\/infoecos.com.ar\/index.php\/repatriaran-a-rancul-los-bienes-culturales-de-alberto-cortez\/#primaryimage\"},\"image\":{\"@id\":\"https:\/\/infoecos.com.ar\/index.php\/repatriaran-a-rancul-los-bienes-culturales-de-alberto-cortez\/#primaryimage\"},\"thumbnailUrl\":\"https:\/\/infoecos.com.ar\/wp-content\/uploads\/2021\/07\/cortezalberto2.png\",\"datePublished\":\"2023-01-12T13:49:29+00:00\",\"dateModified\":\"2023-01-17T04:31:55+00:00\",\"breadcrumb\":{\"@id\":\"https:\/\/infoecos.com.ar\/index.php\/repatriaran-a-rancul-los-bienes-culturales-de-alberto-cortez\/#breadcrumb\"},\"inLanguage\":\"es\",\"potentialAction\":[{\"@type\":\"ReadAction\",\"target\":[\"https:\/\/infoecos.com.ar\/index.php\/repatriaran-a-rancul-los-bienes-culturales-de-alberto-cortez\/\"]}]},{\"@type\":\"ImageObject\",\"inLanguage\":\"es\",\"@id\":\"https:\/\/infoecos.com.ar\/index.php\/repatriaran-a-rancul-los-bienes-culturales-de-alberto-cortez\/#primaryimage\",\"url\":\"https:\/\/infoecos.com.ar\/wp-content\/uploads\/2021\/07\/cortezalberto2.png\",\"contentUrl\":\"https:\/\/infoecos.com.ar\/wp-content\/uploads\/2021\/07\/cortezalberto2.png\",\"width\":449,\"height\":339},{\"@type\":\"BreadcrumbList\",\"@id\":\"https:\/\/infoecos.com.ar\/index.php\/repatriaran-a-rancul-los-bienes-culturales-de-alberto-cortez\/#breadcrumb\",\"itemListElement\":[{\"@type\":\"ListItem\",\"position\":1,\"name\":\"Portada\",\"item\":\"https:\/\/infoecos.com.ar\/\"},{\"@type\":\"ListItem\",\"position\":2,\"name\":\"Repatriar\u00e1n a Rancul los bienes culturales de Alberto Cortez\"}]},{\"@type\":\"WebSite\",\"@id\":\"https:\/\/infoecos.com.ar\/#website\",\"url\":\"https:\/\/infoecos.com.ar\/\",\"name\":\"Infoecos\",\"description\":\"Noticias de trenque lauquen y la zona\",\"publisher\":{\"@id\":\"https:\/\/infoecos.com.ar\/#organization\"},\"alternateName\":\"Noticias\",\"potentialAction\":[{\"@type\":\"SearchAction\",\"target\":{\"@type\":\"EntryPoint\",\"urlTemplate\":\"https:\/\/infoecos.com.ar\/?s={search_term_string}\"},\"query-input\":{\"@type\":\"PropertyValueSpecification\",\"valueRequired\":true,\"valueName\":\"search_term_string\"}}],\"inLanguage\":\"es\"},{\"@type\":\"Organization\",\"@id\":\"https:\/\/infoecos.com.ar\/#organization\",\"name\":\"Infoecos\",\"alternateName\":\"Noticias\",\"url\":\"https:\/\/infoecos.com.ar\/\",\"logo\":{\"@type\":\"ImageObject\",\"inLanguage\":\"es\",\"@id\":\"https:\/\/infoecos.com.ar\/#\/schema\/logo\/image\/\",\"url\":\"https:\/\/infoecos.com.ar\/wp-content\/uploads\/2024\/03\/cropped-logo.png\",\"contentUrl\":\"https:\/\/infoecos.com.ar\/wp-content\/uploads\/2024\/03\/cropped-logo.png\",\"width\":374,\"height\":90,\"caption\":\"Infoecos\"},\"image\":{\"@id\":\"https:\/\/infoecos.com.ar\/#\/schema\/logo\/image\/\"},\"sameAs\":[\"https:\/\/www.facebook.com\/profile.php?id=100063200290284\",\"https:\/\/x.com\/infoecos\"]},{\"@type\":\"Person\",\"@id\":\"https:\/\/infoecos.com.ar\/#\/schema\/person\/8f5ace5ce73b4b4aac4b7245aee6f191\",\"name\":\"Jorge Matheus\",\"url\":\"https:\/\/infoecos.com.ar\/index.php\/author\/jomatheus\/\"}]}<\/script>\n<!-- \/ Yoast SEO plugin. -->","yoast_head_json":{"title":"Repatriar\u00e1n a Rancul los bienes culturales de Alberto Cortez - Infoecos","robots":{"index":"index","follow":"follow","max-snippet":"max-snippet:-1","max-image-preview":"max-image-preview:large","max-video-preview":"max-video-preview:-1"},"canonical":"https:\/\/infoecos.com.ar\/index.php\/repatriaran-a-rancul-los-bienes-culturales-de-alberto-cortez\/","og_locale":"es_ES","og_type":"article","og_title":"Repatriar\u00e1n a Rancul los bienes culturales de Alberto Cortez - Infoecos","og_description":"El acervo personal del cantautor\u00a0Jos\u00e9 Alberto Garc\u00eda Gallo, y conocido mundialmente como Alberto Cortez","og_url":"https:\/\/infoecos.com.ar\/index.php\/repatriaran-a-rancul-los-bienes-culturales-de-alberto-cortez\/","og_site_name":"Infoecos","article_publisher":"https:\/\/www.facebook.com\/profile.php?id=100063200290284","article_published_time":"2023-01-12T13:49:29+00:00","article_modified_time":"2023-01-17T04:31:55+00:00","og_image":[{"width":449,"height":339,"url":"https:\/\/infoecos.com.ar\/wp-content\/uploads\/2021\/07\/cortezalberto2.png","type":"image\/png"}],"author":"Jorge Matheus","twitter_card":"summary_large_image","twitter_creator":"@infoecos","twitter_site":"@infoecos","twitter_misc":{"Escrito por":"Jorge Matheus","Tiempo de lectura":"2 minutos"},"schema":{"@context":"https:\/\/schema.org","@graph":[{"@type":"Article","@id":"https:\/\/infoecos.com.ar\/index.php\/repatriaran-a-rancul-los-bienes-culturales-de-alberto-cortez\/#article","isPartOf":{"@id":"https:\/\/infoecos.com.ar\/index.php\/repatriaran-a-rancul-los-bienes-culturales-de-alberto-cortez\/"},"author":{"name":"Jorge Matheus","@id":"https:\/\/infoecos.com.ar\/#\/schema\/person\/8f5ace5ce73b4b4aac4b7245aee6f191"},"headline":"Repatriar\u00e1n a Rancul los bienes culturales de Alberto Cortez","datePublished":"2023-01-12T13:49:29+00:00","dateModified":"2023-01-17T04:31:55+00:00","mainEntityOfPage":{"@id":"https:\/\/infoecos.com.ar\/index.php\/repatriaran-a-rancul-los-bienes-culturales-de-alberto-cortez\/"},"wordCount":241,"publisher":{"@id":"https:\/\/infoecos.com.ar\/#organization"},"image":{"@id":"https:\/\/infoecos.com.ar\/index.php\/repatriaran-a-rancul-los-bienes-culturales-de-alberto-cortez\/#primaryimage"},"thumbnailUrl":"https:\/\/infoecos.com.ar\/wp-content\/uploads\/2021\/07\/cortezalberto2.png","keywords":["A SU PUEBLO NATAL"],"articleSection":["Bloque inferior - 4"],"inLanguage":"es"},{"@type":"WebPage","@id":"https:\/\/infoecos.com.ar\/index.php\/repatriaran-a-rancul-los-bienes-culturales-de-alberto-cortez\/","url":"https:\/\/infoecos.com.ar\/index.php\/repatriaran-a-rancul-los-bienes-culturales-de-alberto-cortez\/","name":"Repatriar\u00e1n a Rancul los bienes culturales de Alberto Cortez - Infoecos","isPartOf":{"@id":"https:\/\/infoecos.com.ar\/#website"},"primaryImageOfPage":{"@id":"https:\/\/infoecos.com.ar\/index.php\/repatriaran-a-rancul-los-bienes-culturales-de-alberto-cortez\/#primaryimage"},"image":{"@id":"https:\/\/infoecos.com.ar\/index.php\/repatriaran-a-rancul-los-bienes-culturales-de-alberto-cortez\/#primaryimage"},"thumbnailUrl":"https:\/\/infoecos.com.ar\/wp-content\/uploads\/2021\/07\/cortezalberto2.png","datePublished":"2023-01-12T13:49:29+00:00","dateModified":"2023-01-17T04:31:55+00:00","breadcrumb":{"@id":"https:\/\/infoecos.com.ar\/index.php\/repatriaran-a-rancul-los-bienes-culturales-de-alberto-cortez\/#breadcrumb"},"inLanguage":"es","potentialAction":[{"@type":"ReadAction","target":["https:\/\/infoecos.com.ar\/index.php\/repatriaran-a-rancul-los-bienes-culturales-de-alberto-cortez\/"]}]},{"@type":"ImageObject","inLanguage":"es","@id":"https:\/\/infoecos.com.ar\/index.php\/repatriaran-a-rancul-los-bienes-culturales-de-alberto-cortez\/#primaryimage","url":"https:\/\/infoecos.com.ar\/wp-content\/uploads\/2021\/07\/cortezalberto2.png","contentUrl":"https:\/\/infoecos.com.ar\/wp-content\/uploads\/2021\/07\/cortezalberto2.png","width":449,"height":339},{"@type":"BreadcrumbList","@id":"https:\/\/infoecos.com.ar\/index.php\/repatriaran-a-rancul-los-bienes-culturales-de-alberto-cortez\/#breadcrumb","itemListElement":[{"@type":"ListItem","position":1,"name":"Portada","item":"https:\/\/infoecos.com.ar\/"},{"@type":"ListItem","position":2,"name":"Repatriar\u00e1n a Rancul los bienes culturales de Alberto Cortez"}]},{"@type":"WebSite","@id":"https:\/\/infoecos.com.ar\/#website","url":"https:\/\/infoecos.com.ar\/","name":"Infoecos","description":"Noticias de trenque lauquen y la zona","publisher":{"@id":"https:\/\/infoecos.com.ar\/#organization"},"alternateName":"Noticias","potentialAction":[{"@type":"SearchAction","target":{"@type":"EntryPoint","urlTemplate":"https:\/\/infoecos.com.ar\/?s={search_term_string}"},"query-input":{"@type":"PropertyValueSpecification","valueRequired":true,"valueName":"search_term_string"}}],"inLanguage":"es"},{"@type":"Organization","@id":"https:\/\/infoecos.com.ar\/#organization","name":"Infoecos","alternateName":"Noticias","url":"https:\/\/infoecos.com.ar\/","logo":{"@type":"ImageObject","inLanguage":"es","@id":"https:\/\/infoecos.com.ar\/#\/schema\/logo\/image\/","url":"https:\/\/infoecos.com.ar\/wp-content\/uploads\/2024\/03\/cropped-logo.png","contentUrl":"https:\/\/infoecos.com.ar\/wp-content\/uploads\/2024\/03\/cropped-logo.png","width":374,"height":90,"caption":"Infoecos"},"image":{"@id":"https:\/\/infoecos.com.ar\/#\/schema\/logo\/image\/"},"sameAs":["https:\/\/www.facebook.com\/profile.php?id=100063200290284","https:\/\/x.com\/infoecos"]},{"@type":"Person","@id":"https:\/\/infoecos.com.ar\/#\/schema\/person\/8f5ace5ce73b4b4aac4b7245aee6f191","name":"Jorge Matheus","url":"https:\/\/infoecos.com.ar\/index.php\/author\/jomatheus\/"}]}},"featured_image_urls":{"full":["https:\/\/infoecos.com.ar\/wp-content\/uploads\/2021\/07\/cortezalberto2.png",449,339,false],"thumbnail":["https:\/\/infoecos.com.ar\/wp-content\/uploads\/2021\/07\/cortezalberto2-150x150.png",150,150,true],"medium":["https:\/\/infoecos.com.ar\/wp-content\/uploads\/2021\/07\/cortezalberto2.png",449,339,false],"medium_large":["https:\/\/infoecos.com.ar\/wp-content\/uploads\/2021\/07\/cortezalberto2.png",449,339,false],"large":["https:\/\/infoecos.com.ar\/wp-content\/uploads\/2021\/07\/cortezalberto2.png",449,339,false],"1536x1536":["https:\/\/infoecos.com.ar\/wp-content\/uploads\/2021\/07\/cortezalberto2.png",449,339,false],"2048x2048":["https:\/\/infoecos.com.ar\/wp-content\/uploads\/2021\/07\/cortezalberto2.png",449,339,false],"covernews-slider-full":["https:\/\/infoecos.com.ar\/wp-content\/uploads\/2021\/07\/cortezalberto2.png",449,339,false],"covernews-slider-center":["https:\/\/infoecos.com.ar\/wp-content\/uploads\/2021\/07\/cortezalberto2.png",449,339,false],"covernews-featured":["https:\/\/infoecos.com.ar\/wp-content\/uploads\/2021\/07\/cortezalberto2.png",449,339,false],"covernews-medium":["https:\/\/infoecos.com.ar\/wp-content\/uploads\/2021\/07\/cortezalberto2.png",449,339,false],"covernews-medium-square":["https:\/\/infoecos.com.ar\/wp-content\/uploads\/2021\/07\/cortezalberto2.png",331,250,false]},"author_info":{"info":["Jorge Matheus"]},"category_info":"<a href=\"https:\/\/infoecos.com.ar\/index.php\/category\/inferior4\/\" rel=\"category tag\">Bloque inferior - 4<\/a>","tag_info":"Bloque inferior - 4","comment_count":"0","_links":{"self":[{"href":"https:\/\/infoecos.com.ar\/index.php\/wp-json\/wp\/v2\/posts\/99933"}],"collection":[{"href":"https:\/\/infoecos.com.ar\/index.php\/wp-json\/wp\/v2\/posts"}],"about":[{"href":"https:\/\/infoecos.com.ar\/index.php\/wp-json\/wp\/v2\/types\/post"}],"author":[{"embeddable":true,"href":"https:\/\/infoecos.com.ar\/index.php\/wp-json\/wp\/v2\/users\/2"}],"replies":[{"embeddable":true,"href":"https:\/\/infoecos.com.ar\/index.php\/wp-json\/wp\/v2\/comments?post=99933"}],"version-history":[{"count":2,"href":"https:\/\/infoecos.com.ar\/index.php\/wp-json\/wp\/v2\/posts\/99933\/revisions"}],"predecessor-version":[{"id":99939,"href":"https:\/\/infoecos.com.ar\/index.php\/wp-json\/wp\/v2\/posts\/99933\/revisions\/99939"}],"wp:featuredmedia":[{"embeddable":true,"href":"https:\/\/infoecos.com.ar\/index.php\/wp-json\/wp\/v2\/media\/82119"}],"wp:attachment":[{"href":"https:\/\/infoecos.com.ar\/index.php\/wp-json\/wp\/v2\/media?parent=99933"}],"wp:term":[{"taxonomy":"category","embeddable":true,"href":"https:\/\/infoecos.com.ar\/index.php\/wp-json\/wp\/v2\/categories?post=99933"},{"taxonomy":"post_tag","embeddable":true,"href":"https:\/\/infoecos.com.ar\/index.php\/wp-json\/wp\/v2\/tags?post=99933"}],"curies":[{"name":"wp","href":"https:\/\/api.w.org\/{rel}","templated":true}]}}