{"id":99941,"date":"2023-01-12T13:48:33","date_gmt":"2023-01-12T16:48:33","guid":{"rendered":"https:\/\/infoecos.com.ar\/?p=99941"},"modified":"2023-01-15T15:31:19","modified_gmt":"2023-01-15T18:31:19","slug":"murio-un-operario-del-municipio-de-coronel-suarez-al-ser-apretado-por-una-prensa-hidraulica","status":"publish","type":"post","link":"https:\/\/infoecos.com.ar\/index.php\/murio-un-operario-del-municipio-de-coronel-suarez-al-ser-apretado-por-una-prensa-hidraulica\/","title":{"rendered":"Muri\u00f3 un operario del municipio de Coronel Su\u00e1rez al ser apretado por una prensa hidr\u00e1ulica"},"content":{"rendered":"\n<p>Un operario del servicio de limpieza urbana, falleci\u00f3 esta ma\u00f1ana en momentos que se dejaban residuos reciclables en la planta de la ciudad de Coronel Su\u00e1rez.<\/p>\n\n\n\n<figure class=\"wp-block-image aligncenter size-full\"><img loading=\"lazy\" decoding=\"async\" width=\"1280\" height=\"853\" src=\"https:\/\/infoecos.com.ar\/wp-content\/uploads\/2023\/01\/CORONELSUAREZMUEREOPERATIO.jpg\" alt=\"\" class=\"wp-image-99942\" srcset=\"https:\/\/infoecos.com.ar\/wp-content\/uploads\/2023\/01\/CORONELSUAREZMUEREOPERATIO.jpg 1280w, https:\/\/infoecos.com.ar\/wp-content\/uploads\/2023\/01\/CORONELSUAREZMUEREOPERATIO-800x533.jpg 800w, https:\/\/infoecos.com.ar\/wp-content\/uploads\/2023\/01\/CORONELSUAREZMUEREOPERATIO-768x512.jpg 768w, https:\/\/infoecos.com.ar\/wp-content\/uploads\/2023\/01\/CORONELSUAREZMUEREOPERATIO-1024x682.jpg 1024w, https:\/\/infoecos.com.ar\/wp-content\/uploads\/2023\/01\/CORONELSUAREZMUEREOPERATIO-675x450.jpg 675w\" sizes=\"(max-width: 1280px) 100vw, 1280px\" \/><\/figure>\n\n\n\n<p>El hecho se produjo al trabarse la prensa del cami\u00f3n recolector, de acuerdo a lo que consigna <strong>lanuevaradiosuarez.com.ar<\/strong>. Dos operarios habr\u00edan querido destrabar el sistema por lo que se subieron al cami\u00f3n. Lograron el cometido. El ch\u00f3fer observ\u00f3 que uno de los operarios estaba abajo. Suponiendo que hab\u00edan bajado los dos, accion\u00f3 el sistema de prensa hidr\u00e1ulica que apret\u00f3 al otro que a\u00fan no hab\u00eda descendido. <\/p>\n\n\n\n<p>El fallecido es Sebasti\u00e1n Marcelo Leonhardt de 41 a\u00f1os de edad.<\/p>\n\n\n\n<p>Act\u00faa Polic\u00eda Cient\u00edfica y la Sub DDI. <\/p>\n\n\n\n<p>El medio colega consigna que reina la consternaci\u00f3n entre los compa\u00f1eros y jefes del operario fallecido.<\/p>\n","protected":false},"excerpt":{"rendered":"<p>El hecho se produjo al trabarse la prensa del cami\u00f3n recolector, de acuerdo a lo que consigna lanuevaradiosuarez.com.ar<\/p>\n","protected":false},"author":2,"featured_media":99942,"comment_status":"closed","ping_status":"open","sticky":false,"template":"","format":"standard","meta":{"footnotes":""},"categories":[1325],"tags":[6095],"class_list":["post-99941","post","type-post","status-publish","format-standard","has-post-thumbnail","hentry","category-c1nota6","tag-el-jueves"],"yoast_head":"<!-- This site is optimized with the Yoast SEO plugin v23.4 - https:\/\/yoast.com\/wordpress\/plugins\/seo\/ -->\n<title>Muri\u00f3 un operario del municipio de Coronel Su\u00e1rez al ser apretado por una prensa hidr\u00e1ulica - Infoecos<\/title>\n<meta name=\"robots\" content=\"index, follow, max-snippet:-1, max-image-preview:large, max-video-preview:-1\" \/>\n<link rel=\"canonical\" href=\"https:\/\/infoecos.com.ar\/index.php\/murio-un-operario-del-municipio-de-coronel-suarez-al-ser-apretado-por-una-prensa-hidraulica\/\" \/>\n<meta property=\"og:locale\" content=\"es_ES\" \/>\n<meta property=\"og:type\" content=\"article\" \/>\n<meta property=\"og:title\" content=\"Muri\u00f3 un operario del municipio de Coronel Su\u00e1rez al ser apretado por una prensa hidr\u00e1ulica - Infoecos\" \/>\n<meta property=\"og:description\" content=\"El hecho se produjo al trabarse la prensa del cami\u00f3n recolector, de acuerdo a lo que consigna lanuevaradiosuarez.com.ar\" \/>\n<meta property=\"og:url\" content=\"https:\/\/infoecos.com.ar\/index.php\/murio-un-operario-del-municipio-de-coronel-suarez-al-ser-apretado-por-una-prensa-hidraulica\/\" \/>\n<meta property=\"og:site_name\" content=\"Infoecos\" \/>\n<meta property=\"article:publisher\" content=\"https:\/\/www.facebook.com\/profile.php?id=100063200290284\" \/>\n<meta property=\"article:published_time\" content=\"2023-01-12T16:48:33+00:00\" \/>\n<meta property=\"article:modified_time\" content=\"2023-01-15T18:31:19+00:00\" \/>\n<meta property=\"og:image\" content=\"https:\/\/infoecos.com.ar\/wp-content\/uploads\/2023\/01\/CORONELSUAREZMUEREOPERATIO.jpg\" \/>\n\t<meta property=\"og:image:width\" content=\"1280\" \/>\n\t<meta property=\"og:image:height\" content=\"853\" \/>\n\t<meta property=\"og:image:type\" content=\"image\/jpeg\" \/>\n<meta name=\"author\" content=\"Jorge Matheus\" \/>\n<meta name=\"twitter:card\" content=\"summary_large_image\" \/>\n<meta name=\"twitter:creator\" content=\"@infoecos\" \/>\n<meta name=\"twitter:site\" content=\"@infoecos\" \/>\n<meta name=\"twitter:label1\" content=\"Escrito por\" \/>\n\t<meta name=\"twitter:data1\" content=\"Jorge Matheus\" \/>\n\t<meta name=\"twitter:label2\" content=\"Tiempo de lectura\" \/>\n\t<meta name=\"twitter:data2\" content=\"1 minuto\" \/>\n<script type=\"application\/ld+json\" class=\"yoast-schema-graph\">{\"@context\":\"https:\/\/schema.org\",\"@graph\":[{\"@type\":\"Article\",\"@id\":\"https:\/\/infoecos.com.ar\/index.php\/murio-un-operario-del-municipio-de-coronel-suarez-al-ser-apretado-por-una-prensa-hidraulica\/#article\",\"isPartOf\":{\"@id\":\"https:\/\/infoecos.com.ar\/index.php\/murio-un-operario-del-municipio-de-coronel-suarez-al-ser-apretado-por-una-prensa-hidraulica\/\"},\"author\":{\"name\":\"Jorge Matheus\",\"@id\":\"https:\/\/infoecos.com.ar\/#\/schema\/person\/8f5ace5ce73b4b4aac4b7245aee6f191\"},\"headline\":\"Muri\u00f3 un operario del municipio de Coronel Su\u00e1rez al ser apretado por una prensa hidr\u00e1ulica\",\"datePublished\":\"2023-01-12T16:48:33+00:00\",\"dateModified\":\"2023-01-15T18:31:19+00:00\",\"mainEntityOfPage\":{\"@id\":\"https:\/\/infoecos.com.ar\/index.php\/murio-un-operario-del-municipio-de-coronel-suarez-al-ser-apretado-por-una-prensa-hidraulica\/\"},\"wordCount\":161,\"publisher\":{\"@id\":\"https:\/\/infoecos.com.ar\/#organization\"},\"image\":{\"@id\":\"https:\/\/infoecos.com.ar\/index.php\/murio-un-operario-del-municipio-de-coronel-suarez-al-ser-apretado-por-una-prensa-hidraulica\/#primaryimage\"},\"thumbnailUrl\":\"https:\/\/infoecos.com.ar\/wp-content\/uploads\/2023\/01\/CORONELSUAREZMUEREOPERATIO.jpg\",\"keywords\":[\"EL JUEVES\"],\"articleSection\":[\"C1 nota 6\"],\"inLanguage\":\"es\"},{\"@type\":\"WebPage\",\"@id\":\"https:\/\/infoecos.com.ar\/index.php\/murio-un-operario-del-municipio-de-coronel-suarez-al-ser-apretado-por-una-prensa-hidraulica\/\",\"url\":\"https:\/\/infoecos.com.ar\/index.php\/murio-un-operario-del-municipio-de-coronel-suarez-al-ser-apretado-por-una-prensa-hidraulica\/\",\"name\":\"Muri\u00f3 un operario del municipio de Coronel Su\u00e1rez al ser apretado por una prensa hidr\u00e1ulica - Infoecos\",\"isPartOf\":{\"@id\":\"https:\/\/infoecos.com.ar\/#website\"},\"primaryImageOfPage\":{\"@id\":\"https:\/\/infoecos.com.ar\/index.php\/murio-un-operario-del-municipio-de-coronel-suarez-al-ser-apretado-por-una-prensa-hidraulica\/#primaryimage\"},\"image\":{\"@id\":\"https:\/\/infoecos.com.ar\/index.php\/murio-un-operario-del-municipio-de-coronel-suarez-al-ser-apretado-por-una-prensa-hidraulica\/#primaryimage\"},\"thumbnailUrl\":\"https:\/\/infoecos.com.ar\/wp-content\/uploads\/2023\/01\/CORONELSUAREZMUEREOPERATIO.jpg\",\"datePublished\":\"2023-01-12T16:48:33+00:00\",\"dateModified\":\"2023-01-15T18:31:19+00:00\",\"breadcrumb\":{\"@id\":\"https:\/\/infoecos.com.ar\/index.php\/murio-un-operario-del-municipio-de-coronel-suarez-al-ser-apretado-por-una-prensa-hidraulica\/#breadcrumb\"},\"inLanguage\":\"es\",\"potentialAction\":[{\"@type\":\"ReadAction\",\"target\":[\"https:\/\/infoecos.com.ar\/index.php\/murio-un-operario-del-municipio-de-coronel-suarez-al-ser-apretado-por-una-prensa-hidraulica\/\"]}]},{\"@type\":\"ImageObject\",\"inLanguage\":\"es\",\"@id\":\"https:\/\/infoecos.com.ar\/index.php\/murio-un-operario-del-municipio-de-coronel-suarez-al-ser-apretado-por-una-prensa-hidraulica\/#primaryimage\",\"url\":\"https:\/\/infoecos.com.ar\/wp-content\/uploads\/2023\/01\/CORONELSUAREZMUEREOPERATIO.jpg\",\"contentUrl\":\"https:\/\/infoecos.com.ar\/wp-content\/uploads\/2023\/01\/CORONELSUAREZMUEREOPERATIO.jpg\",\"width\":1280,\"height\":853},{\"@type\":\"BreadcrumbList\",\"@id\":\"https:\/\/infoecos.com.ar\/index.php\/murio-un-operario-del-municipio-de-coronel-suarez-al-ser-apretado-por-una-prensa-hidraulica\/#breadcrumb\",\"itemListElement\":[{\"@type\":\"ListItem\",\"position\":1,\"name\":\"Portada\",\"item\":\"https:\/\/infoecos.com.ar\/\"},{\"@type\":\"ListItem\",\"position\":2,\"name\":\"Muri\u00f3 un operario del municipio de Coronel Su\u00e1rez al ser apretado por una prensa hidr\u00e1ulica\"}]},{\"@type\":\"WebSite\",\"@id\":\"https:\/\/infoecos.com.ar\/#website\",\"url\":\"https:\/\/infoecos.com.ar\/\",\"name\":\"Infoecos\",\"description\":\"Noticias de trenque lauquen y la zona\",\"publisher\":{\"@id\":\"https:\/\/infoecos.com.ar\/#organization\"},\"alternateName\":\"Noticias\",\"potentialAction\":[{\"@type\":\"SearchAction\",\"target\":{\"@type\":\"EntryPoint\",\"urlTemplate\":\"https:\/\/infoecos.com.ar\/?s={search_term_string}\"},\"query-input\":{\"@type\":\"PropertyValueSpecification\",\"valueRequired\":true,\"valueName\":\"search_term_string\"}}],\"inLanguage\":\"es\"},{\"@type\":\"Organization\",\"@id\":\"https:\/\/infoecos.com.ar\/#organization\",\"name\":\"Infoecos\",\"alternateName\":\"Noticias\",\"url\":\"https:\/\/infoecos.com.ar\/\",\"logo\":{\"@type\":\"ImageObject\",\"inLanguage\":\"es\",\"@id\":\"https:\/\/infoecos.com.ar\/#\/schema\/logo\/image\/\",\"url\":\"https:\/\/infoecos.com.ar\/wp-content\/uploads\/2024\/03\/cropped-logo.png\",\"contentUrl\":\"https:\/\/infoecos.com.ar\/wp-content\/uploads\/2024\/03\/cropped-logo.png\",\"width\":374,\"height\":90,\"caption\":\"Infoecos\"},\"image\":{\"@id\":\"https:\/\/infoecos.com.ar\/#\/schema\/logo\/image\/\"},\"sameAs\":[\"https:\/\/www.facebook.com\/profile.php?id=100063200290284\",\"https:\/\/x.com\/infoecos\"]},{\"@type\":\"Person\",\"@id\":\"https:\/\/infoecos.com.ar\/#\/schema\/person\/8f5ace5ce73b4b4aac4b7245aee6f191\",\"name\":\"Jorge Matheus\",\"url\":\"https:\/\/infoecos.com.ar\/index.php\/author\/jomatheus\/\"}]}<\/script>\n<!-- \/ Yoast SEO plugin. -->","yoast_head_json":{"title":"Muri\u00f3 un operario del municipio de Coronel Su\u00e1rez al ser apretado por una prensa hidr\u00e1ulica - Infoecos","robots":{"index":"index","follow":"follow","max-snippet":"max-snippet:-1","max-image-preview":"max-image-preview:large","max-video-preview":"max-video-preview:-1"},"canonical":"https:\/\/infoecos.com.ar\/index.php\/murio-un-operario-del-municipio-de-coronel-suarez-al-ser-apretado-por-una-prensa-hidraulica\/","og_locale":"es_ES","og_type":"article","og_title":"Muri\u00f3 un operario del municipio de Coronel Su\u00e1rez al ser apretado por una prensa hidr\u00e1ulica - Infoecos","og_description":"El hecho se produjo al trabarse la prensa del cami\u00f3n recolector, de acuerdo a lo que consigna lanuevaradiosuarez.com.ar","og_url":"https:\/\/infoecos.com.ar\/index.php\/murio-un-operario-del-municipio-de-coronel-suarez-al-ser-apretado-por-una-prensa-hidraulica\/","og_site_name":"Infoecos","article_publisher":"https:\/\/www.facebook.com\/profile.php?id=100063200290284","article_published_time":"2023-01-12T16:48:33+00:00","article_modified_time":"2023-01-15T18:31:19+00:00","og_image":[{"width":1280,"height":853,"url":"https:\/\/infoecos.com.ar\/wp-content\/uploads\/2023\/01\/CORONELSUAREZMUEREOPERATIO.jpg","type":"image\/jpeg"}],"author":"Jorge Matheus","twitter_card":"summary_large_image","twitter_creator":"@infoecos","twitter_site":"@infoecos","twitter_misc":{"Escrito por":"Jorge Matheus","Tiempo de lectura":"1 minuto"},"schema":{"@context":"https:\/\/schema.org","@graph":[{"@type":"Article","@id":"https:\/\/infoecos.com.ar\/index.php\/murio-un-operario-del-municipio-de-coronel-suarez-al-ser-apretado-por-una-prensa-hidraulica\/#article","isPartOf":{"@id":"https:\/\/infoecos.com.ar\/index.php\/murio-un-operario-del-municipio-de-coronel-suarez-al-ser-apretado-por-una-prensa-hidraulica\/"},"author":{"name":"Jorge Matheus","@id":"https:\/\/infoecos.com.ar\/#\/schema\/person\/8f5ace5ce73b4b4aac4b7245aee6f191"},"headline":"Muri\u00f3 un operario del municipio de Coronel Su\u00e1rez al ser apretado por una prensa hidr\u00e1ulica","datePublished":"2023-01-12T16:48:33+00:00","dateModified":"2023-01-15T18:31:19+00:00","mainEntityOfPage":{"@id":"https:\/\/infoecos.com.ar\/index.php\/murio-un-operario-del-municipio-de-coronel-suarez-al-ser-apretado-por-una-prensa-hidraulica\/"},"wordCount":161,"publisher":{"@id":"https:\/\/infoecos.com.ar\/#organization"},"image":{"@id":"https:\/\/infoecos.com.ar\/index.php\/murio-un-operario-del-municipio-de-coronel-suarez-al-ser-apretado-por-una-prensa-hidraulica\/#primaryimage"},"thumbnailUrl":"https:\/\/infoecos.com.ar\/wp-content\/uploads\/2023\/01\/CORONELSUAREZMUEREOPERATIO.jpg","keywords":["EL JUEVES"],"articleSection":["C1 nota 6"],"inLanguage":"es"},{"@type":"WebPage","@id":"https:\/\/infoecos.com.ar\/index.php\/murio-un-operario-del-municipio-de-coronel-suarez-al-ser-apretado-por-una-prensa-hidraulica\/","url":"https:\/\/infoecos.com.ar\/index.php\/murio-un-operario-del-municipio-de-coronel-suarez-al-ser-apretado-por-una-prensa-hidraulica\/","name":"Muri\u00f3 un operario del municipio de Coronel Su\u00e1rez al ser apretado por una prensa hidr\u00e1ulica - Infoecos","isPartOf":{"@id":"https:\/\/infoecos.com.ar\/#website"},"primaryImageOfPage":{"@id":"https:\/\/infoecos.com.ar\/index.php\/murio-un-operario-del-municipio-de-coronel-suarez-al-ser-apretado-por-una-prensa-hidraulica\/#primaryimage"},"image":{"@id":"https:\/\/infoecos.com.ar\/index.php\/murio-un-operario-del-municipio-de-coronel-suarez-al-ser-apretado-por-una-prensa-hidraulica\/#primaryimage"},"thumbnailUrl":"https:\/\/infoecos.com.ar\/wp-content\/uploads\/2023\/01\/CORONELSUAREZMUEREOPERATIO.jpg","datePublished":"2023-01-12T16:48:33+00:00","dateModified":"2023-01-15T18:31:19+00:00","breadcrumb":{"@id":"https:\/\/infoecos.com.ar\/index.php\/murio-un-operario-del-municipio-de-coronel-suarez-al-ser-apretado-por-una-prensa-hidraulica\/#breadcrumb"},"inLanguage":"es","potentialAction":[{"@type":"ReadAction","target":["https:\/\/infoecos.com.ar\/index.php\/murio-un-operario-del-municipio-de-coronel-suarez-al-ser-apretado-por-una-prensa-hidraulica\/"]}]},{"@type":"ImageObject","inLanguage":"es","@id":"https:\/\/infoecos.com.ar\/index.php\/murio-un-operario-del-municipio-de-coronel-suarez-al-ser-apretado-por-una-prensa-hidraulica\/#primaryimage","url":"https:\/\/infoecos.com.ar\/wp-content\/uploads\/2023\/01\/CORONELSUAREZMUEREOPERATIO.jpg","contentUrl":"https:\/\/infoecos.com.ar\/wp-content\/uploads\/2023\/01\/CORONELSUAREZMUEREOPERATIO.jpg","width":1280,"height":853},{"@type":"BreadcrumbList","@id":"https:\/\/infoecos.com.ar\/index.php\/murio-un-operario-del-municipio-de-coronel-suarez-al-ser-apretado-por-una-prensa-hidraulica\/#breadcrumb","itemListElement":[{"@type":"ListItem","position":1,"name":"Portada","item":"https:\/\/infoecos.com.ar\/"},{"@type":"ListItem","position":2,"name":"Muri\u00f3 un operario del municipio de Coronel Su\u00e1rez al ser apretado por una prensa hidr\u00e1ulica"}]},{"@type":"WebSite","@id":"https:\/\/infoecos.com.ar\/#website","url":"https:\/\/infoecos.com.ar\/","name":"Infoecos","description":"Noticias de trenque lauquen y la zona","publisher":{"@id":"https:\/\/infoecos.com.ar\/#organization"},"alternateName":"Noticias","potentialAction":[{"@type":"SearchAction","target":{"@type":"EntryPoint","urlTemplate":"https:\/\/infoecos.com.ar\/?s={search_term_string}"},"query-input":{"@type":"PropertyValueSpecification","valueRequired":true,"valueName":"search_term_string"}}],"inLanguage":"es"},{"@type":"Organization","@id":"https:\/\/infoecos.com.ar\/#organization","name":"Infoecos","alternateName":"Noticias","url":"https:\/\/infoecos.com.ar\/","logo":{"@type":"ImageObject","inLanguage":"es","@id":"https:\/\/infoecos.com.ar\/#\/schema\/logo\/image\/","url":"https:\/\/infoecos.com.ar\/wp-content\/uploads\/2024\/03\/cropped-logo.png","contentUrl":"https:\/\/infoecos.com.ar\/wp-content\/uploads\/2024\/03\/cropped-logo.png","width":374,"height":90,"caption":"Infoecos"},"image":{"@id":"https:\/\/infoecos.com.ar\/#\/schema\/logo\/image\/"},"sameAs":["https:\/\/www.facebook.com\/profile.php?id=100063200290284","https:\/\/x.com\/infoecos"]},{"@type":"Person","@id":"https:\/\/infoecos.com.ar\/#\/schema\/person\/8f5ace5ce73b4b4aac4b7245aee6f191","name":"Jorge Matheus","url":"https:\/\/infoecos.com.ar\/index.php\/author\/jomatheus\/"}]}},"featured_image_urls":{"full":["https:\/\/infoecos.com.ar\/wp-content\/uploads\/2023\/01\/CORONELSUAREZMUEREOPERATIO.jpg",1280,853,false],"thumbnail":["https:\/\/infoecos.com.ar\/wp-content\/uploads\/2023\/01\/CORONELSUAREZMUEREOPERATIO-300x150.jpg",300,150,true],"medium":["https:\/\/infoecos.com.ar\/wp-content\/uploads\/2023\/01\/CORONELSUAREZMUEREOPERATIO-800x533.jpg",800,533,true],"medium_large":["https:\/\/infoecos.com.ar\/wp-content\/uploads\/2023\/01\/CORONELSUAREZMUEREOPERATIO-768x512.jpg",640,427,true],"large":["https:\/\/infoecos.com.ar\/wp-content\/uploads\/2023\/01\/CORONELSUAREZMUEREOPERATIO.jpg",640,427,false],"1536x1536":["https:\/\/infoecos.com.ar\/wp-content\/uploads\/2023\/01\/CORONELSUAREZMUEREOPERATIO.jpg",1280,853,false],"2048x2048":["https:\/\/infoecos.com.ar\/wp-content\/uploads\/2023\/01\/CORONELSUAREZMUEREOPERATIO.jpg",1280,853,false],"covernews-slider-full":["https:\/\/infoecos.com.ar\/wp-content\/uploads\/2023\/01\/CORONELSUAREZMUEREOPERATIO.jpg",1073,715,false],"covernews-slider-center":["https:\/\/infoecos.com.ar\/wp-content\/uploads\/2023\/01\/CORONELSUAREZMUEREOPERATIO-936x853.jpg",549,500,true],"covernews-featured":["https:\/\/infoecos.com.ar\/wp-content\/uploads\/2023\/01\/CORONELSUAREZMUEREOPERATIO-1024x682.jpg",1024,682,true],"covernews-medium":["https:\/\/infoecos.com.ar\/wp-content\/uploads\/2023\/01\/CORONELSUAREZMUEREOPERATIO-720x380.jpg",540,285,true],"covernews-medium-square":["https:\/\/infoecos.com.ar\/wp-content\/uploads\/2023\/01\/CORONELSUAREZMUEREOPERATIO-675x450.jpg",375,250,true]},"author_info":{"info":["Jorge Matheus"]},"category_info":"<a href=\"https:\/\/infoecos.com.ar\/index.php\/category\/c1nota6\/\" rel=\"category tag\">C1 nota 6<\/a>","tag_info":"C1 nota 6","comment_count":"0","_links":{"self":[{"href":"https:\/\/infoecos.com.ar\/index.php\/wp-json\/wp\/v2\/posts\/99941"}],"collection":[{"href":"https:\/\/infoecos.com.ar\/index.php\/wp-json\/wp\/v2\/posts"}],"about":[{"href":"https:\/\/infoecos.com.ar\/index.php\/wp-json\/wp\/v2\/types\/post"}],"author":[{"embeddable":true,"href":"https:\/\/infoecos.com.ar\/index.php\/wp-json\/wp\/v2\/users\/2"}],"replies":[{"embeddable":true,"href":"https:\/\/infoecos.com.ar\/index.php\/wp-json\/wp\/v2\/comments?post=99941"}],"version-history":[{"count":1,"href":"https:\/\/infoecos.com.ar\/index.php\/wp-json\/wp\/v2\/posts\/99941\/revisions"}],"predecessor-version":[{"id":99943,"href":"https:\/\/infoecos.com.ar\/index.php\/wp-json\/wp\/v2\/posts\/99941\/revisions\/99943"}],"wp:featuredmedia":[{"embeddable":true,"href":"https:\/\/infoecos.com.ar\/index.php\/wp-json\/wp\/v2\/media\/99942"}],"wp:attachment":[{"href":"https:\/\/infoecos.com.ar\/index.php\/wp-json\/wp\/v2\/media?parent=99941"}],"wp:term":[{"taxonomy":"category","embeddable":true,"href":"https:\/\/infoecos.com.ar\/index.php\/wp-json\/wp\/v2\/categories?post=99941"},{"taxonomy":"post_tag","embeddable":true,"href":"https:\/\/infoecos.com.ar\/index.php\/wp-json\/wp\/v2\/tags?post=99941"}],"curies":[{"name":"wp","href":"https:\/\/api.w.org\/{rel}","templated":true}]}}