{"id":99944,"date":"2023-01-12T14:04:23","date_gmt":"2023-01-12T17:04:23","guid":{"rendered":"https:\/\/infoecos.com.ar\/?p=99944"},"modified":"2023-01-17T01:25:51","modified_gmt":"2023-01-17T04:25:51","slug":"fernandez-y-badino-con-la-misma-sintonia-discursiva-en-30-de-agosto","status":"publish","type":"post","link":"https:\/\/infoecos.com.ar\/index.php\/fernandez-y-badino-con-la-misma-sintonia-discursiva-en-30-de-agosto\/","title":{"rendered":"Fern\u00e1ndez y Badino con la misma sinton\u00eda discursiva en 30 de Agosto"},"content":{"rendered":"\n<p>La concejala Leticia Badino, titular del bloque del Frente de Todos en el distrito de Trenque Lauquen,  agradeci\u00f3 al Dr. Avelino Zurro, alto funcionario del ministerio del Interior de Naci\u00f3n, \u201cpor estar atento, escuchar y ampliar la posibilidad de que todos participemos en la elaboraci\u00f3n del proyecto; si hay apertura y escucha, las cosas, como qued\u00f3 en evidencia, mejoran y se potencian\u201d. Lo hizo al hablar en el marco de la entrega de una unidad de traslado al Hospital Municipal de 30 de Agosto, adquirida a trav\u00e9s del programa Municipios de Pie. Expuso tambi\u00e9n, en consonancia con lo manifestado ayer en Beruti donde se entreg\u00f3 un minibus, que estamos \u201cconvencidos todos de que era una necesidad que hab\u00eda que cubrir y que llega en el mejor momento\u201d.<\/p>\n\n\n\n<figure class=\"wp-block-image aligncenter size-large is-resized\"><img loading=\"lazy\" decoding=\"async\" src=\"https:\/\/infoecos.com.ar\/wp-content\/uploads\/2023\/01\/Unidad-de-traslado-llaves-1600x900.jpg\" alt=\"\" class=\"wp-image-99945\" width=\"618\" height=\"347\" srcset=\"https:\/\/infoecos.com.ar\/wp-content\/uploads\/2023\/01\/Unidad-de-traslado-llaves-1600x900.jpg 1600w, https:\/\/infoecos.com.ar\/wp-content\/uploads\/2023\/01\/Unidad-de-traslado-llaves-800x450.jpg 800w, https:\/\/infoecos.com.ar\/wp-content\/uploads\/2023\/01\/Unidad-de-traslado-llaves-768x432.jpg 768w, https:\/\/infoecos.com.ar\/wp-content\/uploads\/2023\/01\/Unidad-de-traslado-llaves-1536x864.jpg 1536w, https:\/\/infoecos.com.ar\/wp-content\/uploads\/2023\/01\/Unidad-de-traslado-llaves-1024x576.jpg 1024w, https:\/\/infoecos.com.ar\/wp-content\/uploads\/2023\/01\/Unidad-de-traslado-llaves.jpg 1920w\" sizes=\"(max-width: 618px) 100vw, 618px\" \/><figcaption class=\"wp-element-caption\">30 de Agosto &#8211; Unidad de Traslado<\/figcaption><\/figure>\n\n\n\n<p>Badino confi\u00f3 en que 30 de Agosto pueda darle la utilidad a esta Unidad de Traslado, y en este sentido consider\u00f3 que \u201ctodo lo que ayude a mejorar esta conectividad nos parece imprescindible\u201d.<\/p>\n\n\n\n<p>\u201cTodos y todas mis compa\u00f1eras del <em>Frente de Todos<\/em> estamos muy felices de haber sido parte de este proyecto y de poder ayudar a las comunidades que integran el distrito\u201d, se\u00f1al\u00f3.<\/p>\n\n\n\n<figure class=\"wp-block-image aligncenter size-large is-resized\"><img loading=\"lazy\" decoding=\"async\" src=\"https:\/\/infoecos.com.ar\/wp-content\/uploads\/2023\/01\/Unidad-de-traslado-5-1600x900.jpg\" alt=\"\" class=\"wp-image-99946\" width=\"613\" height=\"344\" srcset=\"https:\/\/infoecos.com.ar\/wp-content\/uploads\/2023\/01\/Unidad-de-traslado-5-1600x900.jpg 1600w, https:\/\/infoecos.com.ar\/wp-content\/uploads\/2023\/01\/Unidad-de-traslado-5-800x450.jpg 800w, https:\/\/infoecos.com.ar\/wp-content\/uploads\/2023\/01\/Unidad-de-traslado-5-768x432.jpg 768w, https:\/\/infoecos.com.ar\/wp-content\/uploads\/2023\/01\/Unidad-de-traslado-5-1536x864.jpg 1536w, https:\/\/infoecos.com.ar\/wp-content\/uploads\/2023\/01\/Unidad-de-traslado-5-1024x576.jpg 1024w, https:\/\/infoecos.com.ar\/wp-content\/uploads\/2023\/01\/Unidad-de-traslado-5.jpg 1920w\" sizes=\"(max-width: 613px) 100vw, 613px\" \/><figcaption class=\"wp-element-caption\">30 de Agosto &#8211; Badino Leticia<\/figcaption><\/figure>\n\n\n\n<p>\u201cLos logros cuando los compartimos tienen otro sabor, cuando todos tenemos la posibilidad de aportar y enriquecer los proyectos saben distinto\u201d, se\u00f1al\u00f3 el Intendente Miguel Fern\u00e1ndez, quien agradeci\u00f3 el emotivo mensaje y repaso de la gesti\u00f3n realizado por la directora del Hospital Eguiguren, Dra. Mercedes Biasotti, lamentando su alejamiento de la funci\u00f3n -por razones familiares se muda a La Plata-, aunque dejando las puertas abiertas en caso de que la profesional decida volver a radicarse en la localidad.<\/p>\n\n\n\n<figure class=\"wp-block-image aligncenter size-large is-resized\"><img loading=\"lazy\" decoding=\"async\" src=\"https:\/\/infoecos.com.ar\/wp-content\/uploads\/2023\/01\/Unidad-de-traslado-3-1600x900.jpg\" alt=\"\" class=\"wp-image-99947\" width=\"595\" height=\"334\" srcset=\"https:\/\/infoecos.com.ar\/wp-content\/uploads\/2023\/01\/Unidad-de-traslado-3-1600x900.jpg 1600w, https:\/\/infoecos.com.ar\/wp-content\/uploads\/2023\/01\/Unidad-de-traslado-3-800x450.jpg 800w, https:\/\/infoecos.com.ar\/wp-content\/uploads\/2023\/01\/Unidad-de-traslado-3-768x432.jpg 768w, https:\/\/infoecos.com.ar\/wp-content\/uploads\/2023\/01\/Unidad-de-traslado-3-1536x864.jpg 1536w, https:\/\/infoecos.com.ar\/wp-content\/uploads\/2023\/01\/Unidad-de-traslado-3-1024x576.jpg 1024w, https:\/\/infoecos.com.ar\/wp-content\/uploads\/2023\/01\/Unidad-de-traslado-3.jpg 1920w\" sizes=\"(max-width: 595px) 100vw, 595px\" \/><figcaption class=\"wp-element-caption\">30 de Agosto &#8211; Miguel Fern\u00e1ndez<\/figcaption><\/figure>\n\n\n\n<p>Como hab\u00eda manifestado en la entrega del Minib\u00fas en Beruti, Fern\u00e1ndez record\u00f3 que \u201ccuando nos acercamos al ministerio del Interior, a la secretar\u00eda de Asuntos Municipales para hablar con el Dr. Avelino Zurro, fuimos con la idea del tom\u00f3grafo, que era la necesidad que nosotros ve\u00edamos en Trenque Lauquen y adem\u00e1s cre\u00edamos que no nos iban a dar m\u00e1s que eso\u201d.<\/p>\n\n\n\n<p>\u201cAh\u00ed es donde empieza esta interacci\u00f3n con Leticia (Badino), con los concejales del <em>Frente de Todos<\/em> y despu\u00e9s con todo el Concejo Deliberante que aprobaron el convenio, y Leticia plante\u00f3 la posibilidad de pedir un Minib\u00fas para Beruti y la Unidad de Traslado para 30 de Agosto, y se sum\u00f3 el pedido de dos incubadoras, una para 30 de Agosto y otra para Trenque Lauquen\u201d, record\u00f3 Fern\u00e1ndez.<\/p>\n\n\n\n<figure class=\"wp-block-audio\"><audio controls src=\"https:\/\/infoecos.com.ar\/wp-content\/uploads\/2023\/01\/12-01-2023-MERCEDES-BIASOTTI-LETICIA-BADINO-y-MIGUEL-FERNANDEZ.mp3\"><\/audio><\/figure>\n","protected":false},"excerpt":{"rendered":"<p>Badino confi\u00f3 en que 30 de Agosto pueda darle la utilidad a esta Unidad de Traslado, y en este sentido consider\u00f3 que \u201ctodo lo que ayude a mejorar esta conectividad nos parece imprescindible\u201d. \u201cLos logros cuando los compartimos tienen otro sabor, cuando todos tenemos la posibilidad de aportar y enriquecer los proyectos saben distinto\u201d, se\u00f1al\u00f3 el Intendente<\/p>\n","protected":false},"author":2,"featured_media":99949,"comment_status":"closed","ping_status":"open","sticky":false,"template":"","format":"standard","meta":{"footnotes":""},"categories":[198],"tags":[7080],"class_list":["post-99944","post","type-post","status-publish","format-standard","has-post-thumbnail","hentry","category-c1nota5","tag-entregaron-unidad-de-traslado-audio"],"yoast_head":"<!-- This site is optimized with the Yoast SEO plugin v23.4 - https:\/\/yoast.com\/wordpress\/plugins\/seo\/ -->\n<title>Fern\u00e1ndez y Badino con la misma sinton\u00eda discursiva en 30 de Agosto - Infoecos<\/title>\n<meta name=\"robots\" content=\"index, follow, max-snippet:-1, max-image-preview:large, max-video-preview:-1\" \/>\n<link rel=\"canonical\" href=\"https:\/\/infoecos.com.ar\/index.php\/fernandez-y-badino-con-la-misma-sintonia-discursiva-en-30-de-agosto\/\" \/>\n<meta property=\"og:locale\" content=\"es_ES\" \/>\n<meta property=\"og:type\" content=\"article\" \/>\n<meta property=\"og:title\" content=\"Fern\u00e1ndez y Badino con la misma sinton\u00eda discursiva en 30 de Agosto - Infoecos\" \/>\n<meta property=\"og:description\" content=\"Badino confi\u00f3 en que 30 de Agosto pueda darle la utilidad a esta Unidad de Traslado, y en este sentido consider\u00f3 que \u201ctodo lo que ayude a mejorar esta conectividad nos parece imprescindible\u201d. \u201cLos logros cuando los compartimos tienen otro sabor, cuando todos tenemos la posibilidad de aportar y enriquecer los proyectos saben distinto\u201d, se\u00f1al\u00f3 el Intendente\" \/>\n<meta property=\"og:url\" content=\"https:\/\/infoecos.com.ar\/index.php\/fernandez-y-badino-con-la-misma-sintonia-discursiva-en-30-de-agosto\/\" \/>\n<meta property=\"og:site_name\" content=\"Infoecos\" \/>\n<meta property=\"article:publisher\" content=\"https:\/\/www.facebook.com\/profile.php?id=100063200290284\" \/>\n<meta property=\"article:published_time\" content=\"2023-01-12T17:04:23+00:00\" \/>\n<meta property=\"article:modified_time\" content=\"2023-01-17T04:25:51+00:00\" \/>\n<meta property=\"og:image\" content=\"https:\/\/infoecos.com.ar\/wp-content\/uploads\/2023\/01\/Unidad-de-traslado-2.jpg\" \/>\n\t<meta property=\"og:image:width\" content=\"1920\" \/>\n\t<meta property=\"og:image:height\" content=\"1080\" \/>\n\t<meta property=\"og:image:type\" content=\"image\/jpeg\" \/>\n<meta name=\"author\" content=\"Jorge Matheus\" \/>\n<meta name=\"twitter:card\" content=\"summary_large_image\" \/>\n<meta name=\"twitter:creator\" content=\"@infoecos\" \/>\n<meta name=\"twitter:site\" content=\"@infoecos\" \/>\n<meta name=\"twitter:label1\" content=\"Escrito por\" \/>\n\t<meta name=\"twitter:data1\" content=\"Jorge Matheus\" \/>\n\t<meta name=\"twitter:label2\" content=\"Tiempo de lectura\" \/>\n\t<meta name=\"twitter:data2\" content=\"3 minutos\" \/>\n<script type=\"application\/ld+json\" class=\"yoast-schema-graph\">{\"@context\":\"https:\/\/schema.org\",\"@graph\":[{\"@type\":\"Article\",\"@id\":\"https:\/\/infoecos.com.ar\/index.php\/fernandez-y-badino-con-la-misma-sintonia-discursiva-en-30-de-agosto\/#article\",\"isPartOf\":{\"@id\":\"https:\/\/infoecos.com.ar\/index.php\/fernandez-y-badino-con-la-misma-sintonia-discursiva-en-30-de-agosto\/\"},\"author\":{\"name\":\"Jorge Matheus\",\"@id\":\"https:\/\/infoecos.com.ar\/#\/schema\/person\/8f5ace5ce73b4b4aac4b7245aee6f191\"},\"headline\":\"Fern\u00e1ndez y Badino con la misma sinton\u00eda discursiva en 30 de Agosto\",\"datePublished\":\"2023-01-12T17:04:23+00:00\",\"dateModified\":\"2023-01-17T04:25:51+00:00\",\"mainEntityOfPage\":{\"@id\":\"https:\/\/infoecos.com.ar\/index.php\/fernandez-y-badino-con-la-misma-sintonia-discursiva-en-30-de-agosto\/\"},\"wordCount\":447,\"publisher\":{\"@id\":\"https:\/\/infoecos.com.ar\/#organization\"},\"image\":{\"@id\":\"https:\/\/infoecos.com.ar\/index.php\/fernandez-y-badino-con-la-misma-sintonia-discursiva-en-30-de-agosto\/#primaryimage\"},\"thumbnailUrl\":\"https:\/\/infoecos.com.ar\/wp-content\/uploads\/2023\/01\/Unidad-de-traslado-2.jpg\",\"keywords\":[\"ENTREGARON UNIDAD DE TRASLADO (AUDIO)\"],\"articleSection\":[\"C1 nota 5\"],\"inLanguage\":\"es\"},{\"@type\":\"WebPage\",\"@id\":\"https:\/\/infoecos.com.ar\/index.php\/fernandez-y-badino-con-la-misma-sintonia-discursiva-en-30-de-agosto\/\",\"url\":\"https:\/\/infoecos.com.ar\/index.php\/fernandez-y-badino-con-la-misma-sintonia-discursiva-en-30-de-agosto\/\",\"name\":\"Fern\u00e1ndez y Badino con la misma sinton\u00eda discursiva en 30 de Agosto - Infoecos\",\"isPartOf\":{\"@id\":\"https:\/\/infoecos.com.ar\/#website\"},\"primaryImageOfPage\":{\"@id\":\"https:\/\/infoecos.com.ar\/index.php\/fernandez-y-badino-con-la-misma-sintonia-discursiva-en-30-de-agosto\/#primaryimage\"},\"image\":{\"@id\":\"https:\/\/infoecos.com.ar\/index.php\/fernandez-y-badino-con-la-misma-sintonia-discursiva-en-30-de-agosto\/#primaryimage\"},\"thumbnailUrl\":\"https:\/\/infoecos.com.ar\/wp-content\/uploads\/2023\/01\/Unidad-de-traslado-2.jpg\",\"datePublished\":\"2023-01-12T17:04:23+00:00\",\"dateModified\":\"2023-01-17T04:25:51+00:00\",\"breadcrumb\":{\"@id\":\"https:\/\/infoecos.com.ar\/index.php\/fernandez-y-badino-con-la-misma-sintonia-discursiva-en-30-de-agosto\/#breadcrumb\"},\"inLanguage\":\"es\",\"potentialAction\":[{\"@type\":\"ReadAction\",\"target\":[\"https:\/\/infoecos.com.ar\/index.php\/fernandez-y-badino-con-la-misma-sintonia-discursiva-en-30-de-agosto\/\"]}]},{\"@type\":\"ImageObject\",\"inLanguage\":\"es\",\"@id\":\"https:\/\/infoecos.com.ar\/index.php\/fernandez-y-badino-con-la-misma-sintonia-discursiva-en-30-de-agosto\/#primaryimage\",\"url\":\"https:\/\/infoecos.com.ar\/wp-content\/uploads\/2023\/01\/Unidad-de-traslado-2.jpg\",\"contentUrl\":\"https:\/\/infoecos.com.ar\/wp-content\/uploads\/2023\/01\/Unidad-de-traslado-2.jpg\",\"width\":1920,\"height\":1080},{\"@type\":\"BreadcrumbList\",\"@id\":\"https:\/\/infoecos.com.ar\/index.php\/fernandez-y-badino-con-la-misma-sintonia-discursiva-en-30-de-agosto\/#breadcrumb\",\"itemListElement\":[{\"@type\":\"ListItem\",\"position\":1,\"name\":\"Portada\",\"item\":\"https:\/\/infoecos.com.ar\/\"},{\"@type\":\"ListItem\",\"position\":2,\"name\":\"Fern\u00e1ndez y Badino con la misma sinton\u00eda discursiva en 30 de Agosto\"}]},{\"@type\":\"WebSite\",\"@id\":\"https:\/\/infoecos.com.ar\/#website\",\"url\":\"https:\/\/infoecos.com.ar\/\",\"name\":\"Infoecos\",\"description\":\"Noticias de trenque lauquen y la zona\",\"publisher\":{\"@id\":\"https:\/\/infoecos.com.ar\/#organization\"},\"alternateName\":\"Noticias\",\"potentialAction\":[{\"@type\":\"SearchAction\",\"target\":{\"@type\":\"EntryPoint\",\"urlTemplate\":\"https:\/\/infoecos.com.ar\/?s={search_term_string}\"},\"query-input\":{\"@type\":\"PropertyValueSpecification\",\"valueRequired\":true,\"valueName\":\"search_term_string\"}}],\"inLanguage\":\"es\"},{\"@type\":\"Organization\",\"@id\":\"https:\/\/infoecos.com.ar\/#organization\",\"name\":\"Infoecos\",\"alternateName\":\"Noticias\",\"url\":\"https:\/\/infoecos.com.ar\/\",\"logo\":{\"@type\":\"ImageObject\",\"inLanguage\":\"es\",\"@id\":\"https:\/\/infoecos.com.ar\/#\/schema\/logo\/image\/\",\"url\":\"https:\/\/infoecos.com.ar\/wp-content\/uploads\/2024\/03\/cropped-logo.png\",\"contentUrl\":\"https:\/\/infoecos.com.ar\/wp-content\/uploads\/2024\/03\/cropped-logo.png\",\"width\":374,\"height\":90,\"caption\":\"Infoecos\"},\"image\":{\"@id\":\"https:\/\/infoecos.com.ar\/#\/schema\/logo\/image\/\"},\"sameAs\":[\"https:\/\/www.facebook.com\/profile.php?id=100063200290284\",\"https:\/\/x.com\/infoecos\"]},{\"@type\":\"Person\",\"@id\":\"https:\/\/infoecos.com.ar\/#\/schema\/person\/8f5ace5ce73b4b4aac4b7245aee6f191\",\"name\":\"Jorge Matheus\",\"url\":\"https:\/\/infoecos.com.ar\/index.php\/author\/jomatheus\/\"}]}<\/script>\n<!-- \/ Yoast SEO plugin. -->","yoast_head_json":{"title":"Fern\u00e1ndez y Badino con la misma sinton\u00eda discursiva en 30 de Agosto - Infoecos","robots":{"index":"index","follow":"follow","max-snippet":"max-snippet:-1","max-image-preview":"max-image-preview:large","max-video-preview":"max-video-preview:-1"},"canonical":"https:\/\/infoecos.com.ar\/index.php\/fernandez-y-badino-con-la-misma-sintonia-discursiva-en-30-de-agosto\/","og_locale":"es_ES","og_type":"article","og_title":"Fern\u00e1ndez y Badino con la misma sinton\u00eda discursiva en 30 de Agosto - Infoecos","og_description":"Badino confi\u00f3 en que 30 de Agosto pueda darle la utilidad a esta Unidad de Traslado, y en este sentido consider\u00f3 que \u201ctodo lo que ayude a mejorar esta conectividad nos parece imprescindible\u201d. \u201cLos logros cuando los compartimos tienen otro sabor, cuando todos tenemos la posibilidad de aportar y enriquecer los proyectos saben distinto\u201d, se\u00f1al\u00f3 el Intendente","og_url":"https:\/\/infoecos.com.ar\/index.php\/fernandez-y-badino-con-la-misma-sintonia-discursiva-en-30-de-agosto\/","og_site_name":"Infoecos","article_publisher":"https:\/\/www.facebook.com\/profile.php?id=100063200290284","article_published_time":"2023-01-12T17:04:23+00:00","article_modified_time":"2023-01-17T04:25:51+00:00","og_image":[{"width":1920,"height":1080,"url":"https:\/\/infoecos.com.ar\/wp-content\/uploads\/2023\/01\/Unidad-de-traslado-2.jpg","type":"image\/jpeg"}],"author":"Jorge Matheus","twitter_card":"summary_large_image","twitter_creator":"@infoecos","twitter_site":"@infoecos","twitter_misc":{"Escrito por":"Jorge Matheus","Tiempo de lectura":"3 minutos"},"schema":{"@context":"https:\/\/schema.org","@graph":[{"@type":"Article","@id":"https:\/\/infoecos.com.ar\/index.php\/fernandez-y-badino-con-la-misma-sintonia-discursiva-en-30-de-agosto\/#article","isPartOf":{"@id":"https:\/\/infoecos.com.ar\/index.php\/fernandez-y-badino-con-la-misma-sintonia-discursiva-en-30-de-agosto\/"},"author":{"name":"Jorge Matheus","@id":"https:\/\/infoecos.com.ar\/#\/schema\/person\/8f5ace5ce73b4b4aac4b7245aee6f191"},"headline":"Fern\u00e1ndez y Badino con la misma sinton\u00eda discursiva en 30 de Agosto","datePublished":"2023-01-12T17:04:23+00:00","dateModified":"2023-01-17T04:25:51+00:00","mainEntityOfPage":{"@id":"https:\/\/infoecos.com.ar\/index.php\/fernandez-y-badino-con-la-misma-sintonia-discursiva-en-30-de-agosto\/"},"wordCount":447,"publisher":{"@id":"https:\/\/infoecos.com.ar\/#organization"},"image":{"@id":"https:\/\/infoecos.com.ar\/index.php\/fernandez-y-badino-con-la-misma-sintonia-discursiva-en-30-de-agosto\/#primaryimage"},"thumbnailUrl":"https:\/\/infoecos.com.ar\/wp-content\/uploads\/2023\/01\/Unidad-de-traslado-2.jpg","keywords":["ENTREGARON UNIDAD DE TRASLADO (AUDIO)"],"articleSection":["C1 nota 5"],"inLanguage":"es"},{"@type":"WebPage","@id":"https:\/\/infoecos.com.ar\/index.php\/fernandez-y-badino-con-la-misma-sintonia-discursiva-en-30-de-agosto\/","url":"https:\/\/infoecos.com.ar\/index.php\/fernandez-y-badino-con-la-misma-sintonia-discursiva-en-30-de-agosto\/","name":"Fern\u00e1ndez y Badino con la misma sinton\u00eda discursiva en 30 de Agosto - Infoecos","isPartOf":{"@id":"https:\/\/infoecos.com.ar\/#website"},"primaryImageOfPage":{"@id":"https:\/\/infoecos.com.ar\/index.php\/fernandez-y-badino-con-la-misma-sintonia-discursiva-en-30-de-agosto\/#primaryimage"},"image":{"@id":"https:\/\/infoecos.com.ar\/index.php\/fernandez-y-badino-con-la-misma-sintonia-discursiva-en-30-de-agosto\/#primaryimage"},"thumbnailUrl":"https:\/\/infoecos.com.ar\/wp-content\/uploads\/2023\/01\/Unidad-de-traslado-2.jpg","datePublished":"2023-01-12T17:04:23+00:00","dateModified":"2023-01-17T04:25:51+00:00","breadcrumb":{"@id":"https:\/\/infoecos.com.ar\/index.php\/fernandez-y-badino-con-la-misma-sintonia-discursiva-en-30-de-agosto\/#breadcrumb"},"inLanguage":"es","potentialAction":[{"@type":"ReadAction","target":["https:\/\/infoecos.com.ar\/index.php\/fernandez-y-badino-con-la-misma-sintonia-discursiva-en-30-de-agosto\/"]}]},{"@type":"ImageObject","inLanguage":"es","@id":"https:\/\/infoecos.com.ar\/index.php\/fernandez-y-badino-con-la-misma-sintonia-discursiva-en-30-de-agosto\/#primaryimage","url":"https:\/\/infoecos.com.ar\/wp-content\/uploads\/2023\/01\/Unidad-de-traslado-2.jpg","contentUrl":"https:\/\/infoecos.com.ar\/wp-content\/uploads\/2023\/01\/Unidad-de-traslado-2.jpg","width":1920,"height":1080},{"@type":"BreadcrumbList","@id":"https:\/\/infoecos.com.ar\/index.php\/fernandez-y-badino-con-la-misma-sintonia-discursiva-en-30-de-agosto\/#breadcrumb","itemListElement":[{"@type":"ListItem","position":1,"name":"Portada","item":"https:\/\/infoecos.com.ar\/"},{"@type":"ListItem","position":2,"name":"Fern\u00e1ndez y Badino con la misma sinton\u00eda discursiva en 30 de Agosto"}]},{"@type":"WebSite","@id":"https:\/\/infoecos.com.ar\/#website","url":"https:\/\/infoecos.com.ar\/","name":"Infoecos","description":"Noticias de trenque lauquen y la zona","publisher":{"@id":"https:\/\/infoecos.com.ar\/#organization"},"alternateName":"Noticias","potentialAction":[{"@type":"SearchAction","target":{"@type":"EntryPoint","urlTemplate":"https:\/\/infoecos.com.ar\/?s={search_term_string}"},"query-input":{"@type":"PropertyValueSpecification","valueRequired":true,"valueName":"search_term_string"}}],"inLanguage":"es"},{"@type":"Organization","@id":"https:\/\/infoecos.com.ar\/#organization","name":"Infoecos","alternateName":"Noticias","url":"https:\/\/infoecos.com.ar\/","logo":{"@type":"ImageObject","inLanguage":"es","@id":"https:\/\/infoecos.com.ar\/#\/schema\/logo\/image\/","url":"https:\/\/infoecos.com.ar\/wp-content\/uploads\/2024\/03\/cropped-logo.png","contentUrl":"https:\/\/infoecos.com.ar\/wp-content\/uploads\/2024\/03\/cropped-logo.png","width":374,"height":90,"caption":"Infoecos"},"image":{"@id":"https:\/\/infoecos.com.ar\/#\/schema\/logo\/image\/"},"sameAs":["https:\/\/www.facebook.com\/profile.php?id=100063200290284","https:\/\/x.com\/infoecos"]},{"@type":"Person","@id":"https:\/\/infoecos.com.ar\/#\/schema\/person\/8f5ace5ce73b4b4aac4b7245aee6f191","name":"Jorge Matheus","url":"https:\/\/infoecos.com.ar\/index.php\/author\/jomatheus\/"}]}},"featured_image_urls":{"full":["https:\/\/infoecos.com.ar\/wp-content\/uploads\/2023\/01\/Unidad-de-traslado-2.jpg",1920,1080,false],"thumbnail":["https:\/\/infoecos.com.ar\/wp-content\/uploads\/2023\/01\/Unidad-de-traslado-2-300x150.jpg",300,150,true],"medium":["https:\/\/infoecos.com.ar\/wp-content\/uploads\/2023\/01\/Unidad-de-traslado-2-800x450.jpg",800,450,true],"medium_large":["https:\/\/infoecos.com.ar\/wp-content\/uploads\/2023\/01\/Unidad-de-traslado-2-768x432.jpg",640,360,true],"large":["https:\/\/infoecos.com.ar\/wp-content\/uploads\/2023\/01\/Unidad-de-traslado-2-1600x900.jpg",640,360,true],"1536x1536":["https:\/\/infoecos.com.ar\/wp-content\/uploads\/2023\/01\/Unidad-de-traslado-2-1536x864.jpg",1536,864,true],"2048x2048":["https:\/\/infoecos.com.ar\/wp-content\/uploads\/2023\/01\/Unidad-de-traslado-2.jpg",1920,1080,false],"covernews-slider-full":["https:\/\/infoecos.com.ar\/wp-content\/uploads\/2023\/01\/Unidad-de-traslado-2-1536x1020.jpg",1077,715,true],"covernews-slider-center":["https:\/\/infoecos.com.ar\/wp-content\/uploads\/2023\/01\/Unidad-de-traslado-2-936x897.jpg",522,500,true],"covernews-featured":["https:\/\/infoecos.com.ar\/wp-content\/uploads\/2023\/01\/Unidad-de-traslado-2-1024x576.jpg",1024,576,true],"covernews-medium":["https:\/\/infoecos.com.ar\/wp-content\/uploads\/2023\/01\/Unidad-de-traslado-2-720x380.jpg",540,285,true],"covernews-medium-square":["https:\/\/infoecos.com.ar\/wp-content\/uploads\/2023\/01\/Unidad-de-traslado-2-675x450.jpg",375,250,true]},"author_info":{"info":["Jorge Matheus"]},"category_info":"<a href=\"https:\/\/infoecos.com.ar\/index.php\/category\/c1nota5\/\" rel=\"category tag\">C1 nota 5<\/a>","tag_info":"C1 nota 5","comment_count":"0","_links":{"self":[{"href":"https:\/\/infoecos.com.ar\/index.php\/wp-json\/wp\/v2\/posts\/99944"}],"collection":[{"href":"https:\/\/infoecos.com.ar\/index.php\/wp-json\/wp\/v2\/posts"}],"about":[{"href":"https:\/\/infoecos.com.ar\/index.php\/wp-json\/wp\/v2\/types\/post"}],"author":[{"embeddable":true,"href":"https:\/\/infoecos.com.ar\/index.php\/wp-json\/wp\/v2\/users\/2"}],"replies":[{"embeddable":true,"href":"https:\/\/infoecos.com.ar\/index.php\/wp-json\/wp\/v2\/comments?post=99944"}],"version-history":[{"count":1,"href":"https:\/\/infoecos.com.ar\/index.php\/wp-json\/wp\/v2\/posts\/99944\/revisions"}],"predecessor-version":[{"id":99950,"href":"https:\/\/infoecos.com.ar\/index.php\/wp-json\/wp\/v2\/posts\/99944\/revisions\/99950"}],"wp:featuredmedia":[{"embeddable":true,"href":"https:\/\/infoecos.com.ar\/index.php\/wp-json\/wp\/v2\/media\/99949"}],"wp:attachment":[{"href":"https:\/\/infoecos.com.ar\/index.php\/wp-json\/wp\/v2\/media?parent=99944"}],"wp:term":[{"taxonomy":"category","embeddable":true,"href":"https:\/\/infoecos.com.ar\/index.php\/wp-json\/wp\/v2\/categories?post=99944"},{"taxonomy":"post_tag","embeddable":true,"href":"https:\/\/infoecos.com.ar\/index.php\/wp-json\/wp\/v2\/tags?post=99944"}],"curies":[{"name":"wp","href":"https:\/\/api.w.org\/{rel}","templated":true}]}}