{"id":99951,"date":"2023-01-12T21:33:46","date_gmt":"2023-01-13T00:33:46","guid":{"rendered":"https:\/\/infoecos.com.ar\/?p=99951"},"modified":"2023-01-17T01:31:24","modified_gmt":"2023-01-17T04:31:24","slug":"948-la-inflacion-en-el-2022-la-mas-alta-de-los-ultimos-30-anos","status":"publish","type":"post","link":"https:\/\/infoecos.com.ar\/index.php\/948-la-inflacion-en-el-2022-la-mas-alta-de-los-ultimos-30-anos\/","title":{"rendered":"94,8 % la inflaci\u00f3n en el 2022: la m\u00e1s alta de los \u00faltimos 30 a\u00f1os"},"content":{"rendered":"\n<p>La inflaci\u00f3n de diciembre lleg\u00f3 al 5,1%, respecto del noviembre, y en todo el a\u00f1o pasado alcanz\u00f3 al 94,8%, la variaci\u00f3n m\u00e1s alta de las \u00faltimas tres d\u00e9cadas y por encima de la estimaci\u00f3n del gobierno, seg\u00fan inform\u00f3 el INDEC.<\/p>\n\n\n\n<p>El costo de vida acumulado del a\u00f1o fue el m\u00e1s alto desde 1991 cuando lleg\u00f3 al 84%, a\u00f1o en que se lanz\u00f3 la ley y el Plan de Convertibilidad.<\/p>\n\n\n\n<p>El lanzamiento de la nueva pol\u00edtica econ\u00f3mica de ese a\u00f1o provoc\u00f3 una dr\u00e1stica reducci\u00f3n respecto a la inflaci\u00f3n del 1.343,9% de&nbsp;1990 y del 4.923,5% del a\u00f1o anterior.<\/p>\n\n\n\n<figure class=\"wp-block-embed is-type-rich is-provider-twitter wp-block-embed-twitter\"><div class=\"wp-block-embed__wrapper\">\n<blockquote class=\"twitter-tweet\" data-width=\"550\" data-dnt=\"true\"><p lang=\"es\" dir=\"ltr\"><a href=\"https:\/\/twitter.com\/hashtag\/DatoINDEC?src=hash&amp;ref_src=twsrc%5Etfw\">#DatoINDEC<\/a> <br>Los precios al consumidor (<a href=\"https:\/\/twitter.com\/hashtag\/IPC?src=hash&amp;ref_src=twsrc%5Etfw\">#IPC<\/a>) subieron 5,1% en diciembre de 2022 respecto de noviembre y acumularon un alza de 94,8% en el a\u00f1o <a href=\"https:\/\/t.co\/kuHO0iuh4w\">https:\/\/t.co\/kuHO0iuh4w<\/a> <a href=\"https:\/\/t.co\/fZdwGFm3Gh\">pic.twitter.com\/fZdwGFm3Gh<\/a><\/p>&mdash; INDEC Argentina (@INDECArgentina) <a href=\"https:\/\/twitter.com\/INDECArgentina\/status\/1613611876914429980?ref_src=twsrc%5Etfw\">January 12, 2023<\/a><\/blockquote><script async src=\"https:\/\/platform.twitter.com\/widgets.js\" charset=\"utf-8\"><\/script>\n<\/div><\/figure>\n\n\n\n<p>El indicador de diciembre del Indice de Precios al Consumidor (IPC) estuvo en l\u00ednea con los pron\u00f3stico de las consultoras privadas, pero no con el del gobierno que hab\u00eda estimado un costo de vida \u00abcon el 4 adelante\u00bb para diciembre, seg\u00fan las declaraciones del ministro de Econom\u00eda, Sergio Massa.<\/p>\n\n\n\n<p>La inflaci\u00f3n&nbsp; anual se ubic\u00f3 finalmente 6 puntos porcentuales por debajo de las tres cifras pronosticadas por los estudios econ\u00f3micos que&nbsp;participan del Relevamiento de Expectativas de Mercado (REM) del Banco Central (BCRA).<\/p>\n\n\n\n<p>Impactaron en diciembre los aumentos de la medicina privada, el transporte, combustibles y tarifas de servicios p\u00fablicos.El aumento del 5,1% en el nivel general fue producto del alza del 4,6% en los productos estacionales, del 5,3 en el IPC n\u00facleo y del 5,1 en los regulados.<\/p>\n\n\n\n<p>La divisi\u00f3n de mayor aumento en el mes de diciembre fue el de Restaurantes y hoteles con un 7,2%, seguida por Bebidas alcoh\u00f3licas&nbsp;y tabaco con 7,1%, mientras que el rubro de Alimentos y bebidas no alcoh\u00f3licas registr\u00f3 un alza del 4,7% y fue la que m\u00e1s incidi\u00f3 en la mayor\u00eda de las regiones del pa\u00eds, seg\u00fan inform\u00f3 el organismo.<\/p>\n\n\n\n<p>El precio de los alimentos de la canasta b\u00e1sica volvi\u00f3 a subir despu\u00e9s del 3,1% que hab\u00eda registrado en noviembre, interrumpiendo la desaceleraci\u00f3n que se hab\u00eda iniciado en septiembre con el r\u00e9cord de 7,1% y el 6,7% de octubre.<\/p>\n\n\n\n<p>El sector de Equipamiento y mantenimiento del hogar aument\u00f3 5,9% el de Transporte 5,8% y la divisi\u00f3n de Salud registr\u00f3 un aumento del 5,7% y Bienes y servicios varios 5,7%.<\/p>\n\n\n\n<p>Por debajo del nivel general aumentaron respecto de noviembre pasado, los rubros de Recreaci\u00f3n y cultura un 4,6%, el de Vivienda, agua, electricidad, gas y otros combustibles con 4,2%, Prendas de vestir y calzado un 4,0 y Comunicaci\u00f3n que subi\u00f3 3,4%.<\/p>\n\n\n\n<p>La regi\u00f3n del Gran Buenos Aires, registr\u00f3 el porcentaje de inflaci\u00f3n m\u00e1s alto del pa\u00eds con un 5,3%, mientras que el m\u00e1s bajo fue el la Patagonia con un 4,5%. La regi\u00f3n Pampeana igual\u00f3 el nivel general nacional con un 5,1% y luego le siguieron la de Cuyo con 5,0%, Noreste con 4,8% y la&nbsp;del Noroeste con 4,7%.<\/p>\n\n\n\n<figure class=\"wp-block-image size-full\"><img loading=\"lazy\" decoding=\"async\" width=\"807\" height=\"497\" src=\"https:\/\/infoecos.com.ar\/wp-content\/uploads\/2023\/01\/indec.jpg\" alt=\"\" class=\"wp-image-99952\" srcset=\"https:\/\/infoecos.com.ar\/wp-content\/uploads\/2023\/01\/indec.jpg 807w, https:\/\/infoecos.com.ar\/wp-content\/uploads\/2023\/01\/indec-800x493.jpg 800w, https:\/\/infoecos.com.ar\/wp-content\/uploads\/2023\/01\/indec-768x473.jpg 768w\" sizes=\"(max-width: 807px) 100vw, 807px\" \/><\/figure>\n","protected":false},"excerpt":{"rendered":"<p>El costo de vida acumulado del a\u00f1o fue el m\u00e1s alto desde 1991 cuando lleg\u00f3 al 84%, a\u00f1o en que se lanz\u00f3 la ley y el Plan de Convertibilidad<\/p>\n","protected":false},"author":2,"featured_media":99952,"comment_status":"closed","ping_status":"open","sticky":false,"template":"","format":"standard","meta":{"footnotes":""},"categories":[42],"tags":[1284],"class_list":["post-99951","post","type-post","status-publish","format-standard","has-post-thumbnail","hentry","category-inferior3","tag-economia-y-sociedad"],"yoast_head":"<!-- This site is optimized with the Yoast SEO plugin v23.4 - https:\/\/yoast.com\/wordpress\/plugins\/seo\/ -->\n<title>94,8 % la inflaci\u00f3n en el 2022: la m\u00e1s alta de los \u00faltimos 30 a\u00f1os - Infoecos<\/title>\n<meta name=\"robots\" content=\"index, follow, max-snippet:-1, max-image-preview:large, max-video-preview:-1\" \/>\n<link rel=\"canonical\" href=\"https:\/\/infoecos.com.ar\/index.php\/948-la-inflacion-en-el-2022-la-mas-alta-de-los-ultimos-30-anos\/\" \/>\n<meta property=\"og:locale\" content=\"es_ES\" \/>\n<meta property=\"og:type\" content=\"article\" \/>\n<meta property=\"og:title\" content=\"94,8 % la inflaci\u00f3n en el 2022: la m\u00e1s alta de los \u00faltimos 30 a\u00f1os - Infoecos\" \/>\n<meta property=\"og:description\" content=\"El costo de vida acumulado del a\u00f1o fue el m\u00e1s alto desde 1991 cuando lleg\u00f3 al 84%, a\u00f1o en que se lanz\u00f3 la ley y el Plan de Convertibilidad\" \/>\n<meta property=\"og:url\" content=\"https:\/\/infoecos.com.ar\/index.php\/948-la-inflacion-en-el-2022-la-mas-alta-de-los-ultimos-30-anos\/\" \/>\n<meta property=\"og:site_name\" content=\"Infoecos\" \/>\n<meta property=\"article:publisher\" content=\"https:\/\/www.facebook.com\/profile.php?id=100063200290284\" \/>\n<meta property=\"article:published_time\" content=\"2023-01-13T00:33:46+00:00\" \/>\n<meta property=\"article:modified_time\" content=\"2023-01-17T04:31:24+00:00\" \/>\n<meta property=\"og:image\" content=\"https:\/\/infoecos.com.ar\/wp-content\/uploads\/2023\/01\/indec.jpg\" \/>\n\t<meta property=\"og:image:width\" content=\"807\" \/>\n\t<meta property=\"og:image:height\" content=\"497\" \/>\n\t<meta property=\"og:image:type\" content=\"image\/jpeg\" \/>\n<meta name=\"author\" content=\"Jorge Matheus\" \/>\n<meta name=\"twitter:card\" content=\"summary_large_image\" \/>\n<meta name=\"twitter:creator\" content=\"@infoecos\" \/>\n<meta name=\"twitter:site\" content=\"@infoecos\" \/>\n<meta name=\"twitter:label1\" content=\"Escrito por\" \/>\n\t<meta name=\"twitter:data1\" content=\"Jorge Matheus\" \/>\n\t<meta name=\"twitter:label2\" content=\"Tiempo de lectura\" \/>\n\t<meta name=\"twitter:data2\" content=\"3 minutos\" \/>\n<script type=\"application\/ld+json\" class=\"yoast-schema-graph\">{\"@context\":\"https:\/\/schema.org\",\"@graph\":[{\"@type\":\"Article\",\"@id\":\"https:\/\/infoecos.com.ar\/index.php\/948-la-inflacion-en-el-2022-la-mas-alta-de-los-ultimos-30-anos\/#article\",\"isPartOf\":{\"@id\":\"https:\/\/infoecos.com.ar\/index.php\/948-la-inflacion-en-el-2022-la-mas-alta-de-los-ultimos-30-anos\/\"},\"author\":{\"name\":\"Jorge Matheus\",\"@id\":\"https:\/\/infoecos.com.ar\/#\/schema\/person\/8f5ace5ce73b4b4aac4b7245aee6f191\"},\"headline\":\"94,8 % la inflaci\u00f3n en el 2022: la m\u00e1s alta de los \u00faltimos 30 a\u00f1os\",\"datePublished\":\"2023-01-13T00:33:46+00:00\",\"dateModified\":\"2023-01-17T04:31:24+00:00\",\"mainEntityOfPage\":{\"@id\":\"https:\/\/infoecos.com.ar\/index.php\/948-la-inflacion-en-el-2022-la-mas-alta-de-los-ultimos-30-anos\/\"},\"wordCount\":494,\"publisher\":{\"@id\":\"https:\/\/infoecos.com.ar\/#organization\"},\"image\":{\"@id\":\"https:\/\/infoecos.com.ar\/index.php\/948-la-inflacion-en-el-2022-la-mas-alta-de-los-ultimos-30-anos\/#primaryimage\"},\"thumbnailUrl\":\"https:\/\/infoecos.com.ar\/wp-content\/uploads\/2023\/01\/indec.jpg\",\"keywords\":[\"ECONOM\u00cdA Y SOCIEDAD\"],\"articleSection\":[\"Bloque inferior - 3\"],\"inLanguage\":\"es\"},{\"@type\":\"WebPage\",\"@id\":\"https:\/\/infoecos.com.ar\/index.php\/948-la-inflacion-en-el-2022-la-mas-alta-de-los-ultimos-30-anos\/\",\"url\":\"https:\/\/infoecos.com.ar\/index.php\/948-la-inflacion-en-el-2022-la-mas-alta-de-los-ultimos-30-anos\/\",\"name\":\"94,8 % la inflaci\u00f3n en el 2022: la m\u00e1s alta de los \u00faltimos 30 a\u00f1os - Infoecos\",\"isPartOf\":{\"@id\":\"https:\/\/infoecos.com.ar\/#website\"},\"primaryImageOfPage\":{\"@id\":\"https:\/\/infoecos.com.ar\/index.php\/948-la-inflacion-en-el-2022-la-mas-alta-de-los-ultimos-30-anos\/#primaryimage\"},\"image\":{\"@id\":\"https:\/\/infoecos.com.ar\/index.php\/948-la-inflacion-en-el-2022-la-mas-alta-de-los-ultimos-30-anos\/#primaryimage\"},\"thumbnailUrl\":\"https:\/\/infoecos.com.ar\/wp-content\/uploads\/2023\/01\/indec.jpg\",\"datePublished\":\"2023-01-13T00:33:46+00:00\",\"dateModified\":\"2023-01-17T04:31:24+00:00\",\"breadcrumb\":{\"@id\":\"https:\/\/infoecos.com.ar\/index.php\/948-la-inflacion-en-el-2022-la-mas-alta-de-los-ultimos-30-anos\/#breadcrumb\"},\"inLanguage\":\"es\",\"potentialAction\":[{\"@type\":\"ReadAction\",\"target\":[\"https:\/\/infoecos.com.ar\/index.php\/948-la-inflacion-en-el-2022-la-mas-alta-de-los-ultimos-30-anos\/\"]}]},{\"@type\":\"ImageObject\",\"inLanguage\":\"es\",\"@id\":\"https:\/\/infoecos.com.ar\/index.php\/948-la-inflacion-en-el-2022-la-mas-alta-de-los-ultimos-30-anos\/#primaryimage\",\"url\":\"https:\/\/infoecos.com.ar\/wp-content\/uploads\/2023\/01\/indec.jpg\",\"contentUrl\":\"https:\/\/infoecos.com.ar\/wp-content\/uploads\/2023\/01\/indec.jpg\",\"width\":807,\"height\":497},{\"@type\":\"BreadcrumbList\",\"@id\":\"https:\/\/infoecos.com.ar\/index.php\/948-la-inflacion-en-el-2022-la-mas-alta-de-los-ultimos-30-anos\/#breadcrumb\",\"itemListElement\":[{\"@type\":\"ListItem\",\"position\":1,\"name\":\"Portada\",\"item\":\"https:\/\/infoecos.com.ar\/\"},{\"@type\":\"ListItem\",\"position\":2,\"name\":\"94,8 % la inflaci\u00f3n en el 2022: la m\u00e1s alta de los \u00faltimos 30 a\u00f1os\"}]},{\"@type\":\"WebSite\",\"@id\":\"https:\/\/infoecos.com.ar\/#website\",\"url\":\"https:\/\/infoecos.com.ar\/\",\"name\":\"Infoecos\",\"description\":\"Noticias de trenque lauquen y la zona\",\"publisher\":{\"@id\":\"https:\/\/infoecos.com.ar\/#organization\"},\"alternateName\":\"Noticias\",\"potentialAction\":[{\"@type\":\"SearchAction\",\"target\":{\"@type\":\"EntryPoint\",\"urlTemplate\":\"https:\/\/infoecos.com.ar\/?s={search_term_string}\"},\"query-input\":{\"@type\":\"PropertyValueSpecification\",\"valueRequired\":true,\"valueName\":\"search_term_string\"}}],\"inLanguage\":\"es\"},{\"@type\":\"Organization\",\"@id\":\"https:\/\/infoecos.com.ar\/#organization\",\"name\":\"Infoecos\",\"alternateName\":\"Noticias\",\"url\":\"https:\/\/infoecos.com.ar\/\",\"logo\":{\"@type\":\"ImageObject\",\"inLanguage\":\"es\",\"@id\":\"https:\/\/infoecos.com.ar\/#\/schema\/logo\/image\/\",\"url\":\"https:\/\/infoecos.com.ar\/wp-content\/uploads\/2024\/03\/cropped-logo.png\",\"contentUrl\":\"https:\/\/infoecos.com.ar\/wp-content\/uploads\/2024\/03\/cropped-logo.png\",\"width\":374,\"height\":90,\"caption\":\"Infoecos\"},\"image\":{\"@id\":\"https:\/\/infoecos.com.ar\/#\/schema\/logo\/image\/\"},\"sameAs\":[\"https:\/\/www.facebook.com\/profile.php?id=100063200290284\",\"https:\/\/x.com\/infoecos\"]},{\"@type\":\"Person\",\"@id\":\"https:\/\/infoecos.com.ar\/#\/schema\/person\/8f5ace5ce73b4b4aac4b7245aee6f191\",\"name\":\"Jorge Matheus\",\"url\":\"https:\/\/infoecos.com.ar\/index.php\/author\/jomatheus\/\"}]}<\/script>\n<!-- \/ Yoast SEO plugin. -->","yoast_head_json":{"title":"94,8 % la inflaci\u00f3n en el 2022: la m\u00e1s alta de los \u00faltimos 30 a\u00f1os - Infoecos","robots":{"index":"index","follow":"follow","max-snippet":"max-snippet:-1","max-image-preview":"max-image-preview:large","max-video-preview":"max-video-preview:-1"},"canonical":"https:\/\/infoecos.com.ar\/index.php\/948-la-inflacion-en-el-2022-la-mas-alta-de-los-ultimos-30-anos\/","og_locale":"es_ES","og_type":"article","og_title":"94,8 % la inflaci\u00f3n en el 2022: la m\u00e1s alta de los \u00faltimos 30 a\u00f1os - Infoecos","og_description":"El costo de vida acumulado del a\u00f1o fue el m\u00e1s alto desde 1991 cuando lleg\u00f3 al 84%, a\u00f1o en que se lanz\u00f3 la ley y el Plan de Convertibilidad","og_url":"https:\/\/infoecos.com.ar\/index.php\/948-la-inflacion-en-el-2022-la-mas-alta-de-los-ultimos-30-anos\/","og_site_name":"Infoecos","article_publisher":"https:\/\/www.facebook.com\/profile.php?id=100063200290284","article_published_time":"2023-01-13T00:33:46+00:00","article_modified_time":"2023-01-17T04:31:24+00:00","og_image":[{"width":807,"height":497,"url":"https:\/\/infoecos.com.ar\/wp-content\/uploads\/2023\/01\/indec.jpg","type":"image\/jpeg"}],"author":"Jorge Matheus","twitter_card":"summary_large_image","twitter_creator":"@infoecos","twitter_site":"@infoecos","twitter_misc":{"Escrito por":"Jorge Matheus","Tiempo de lectura":"3 minutos"},"schema":{"@context":"https:\/\/schema.org","@graph":[{"@type":"Article","@id":"https:\/\/infoecos.com.ar\/index.php\/948-la-inflacion-en-el-2022-la-mas-alta-de-los-ultimos-30-anos\/#article","isPartOf":{"@id":"https:\/\/infoecos.com.ar\/index.php\/948-la-inflacion-en-el-2022-la-mas-alta-de-los-ultimos-30-anos\/"},"author":{"name":"Jorge Matheus","@id":"https:\/\/infoecos.com.ar\/#\/schema\/person\/8f5ace5ce73b4b4aac4b7245aee6f191"},"headline":"94,8 % la inflaci\u00f3n en el 2022: la m\u00e1s alta de los \u00faltimos 30 a\u00f1os","datePublished":"2023-01-13T00:33:46+00:00","dateModified":"2023-01-17T04:31:24+00:00","mainEntityOfPage":{"@id":"https:\/\/infoecos.com.ar\/index.php\/948-la-inflacion-en-el-2022-la-mas-alta-de-los-ultimos-30-anos\/"},"wordCount":494,"publisher":{"@id":"https:\/\/infoecos.com.ar\/#organization"},"image":{"@id":"https:\/\/infoecos.com.ar\/index.php\/948-la-inflacion-en-el-2022-la-mas-alta-de-los-ultimos-30-anos\/#primaryimage"},"thumbnailUrl":"https:\/\/infoecos.com.ar\/wp-content\/uploads\/2023\/01\/indec.jpg","keywords":["ECONOM\u00cdA Y SOCIEDAD"],"articleSection":["Bloque inferior - 3"],"inLanguage":"es"},{"@type":"WebPage","@id":"https:\/\/infoecos.com.ar\/index.php\/948-la-inflacion-en-el-2022-la-mas-alta-de-los-ultimos-30-anos\/","url":"https:\/\/infoecos.com.ar\/index.php\/948-la-inflacion-en-el-2022-la-mas-alta-de-los-ultimos-30-anos\/","name":"94,8 % la inflaci\u00f3n en el 2022: la m\u00e1s alta de los \u00faltimos 30 a\u00f1os - Infoecos","isPartOf":{"@id":"https:\/\/infoecos.com.ar\/#website"},"primaryImageOfPage":{"@id":"https:\/\/infoecos.com.ar\/index.php\/948-la-inflacion-en-el-2022-la-mas-alta-de-los-ultimos-30-anos\/#primaryimage"},"image":{"@id":"https:\/\/infoecos.com.ar\/index.php\/948-la-inflacion-en-el-2022-la-mas-alta-de-los-ultimos-30-anos\/#primaryimage"},"thumbnailUrl":"https:\/\/infoecos.com.ar\/wp-content\/uploads\/2023\/01\/indec.jpg","datePublished":"2023-01-13T00:33:46+00:00","dateModified":"2023-01-17T04:31:24+00:00","breadcrumb":{"@id":"https:\/\/infoecos.com.ar\/index.php\/948-la-inflacion-en-el-2022-la-mas-alta-de-los-ultimos-30-anos\/#breadcrumb"},"inLanguage":"es","potentialAction":[{"@type":"ReadAction","target":["https:\/\/infoecos.com.ar\/index.php\/948-la-inflacion-en-el-2022-la-mas-alta-de-los-ultimos-30-anos\/"]}]},{"@type":"ImageObject","inLanguage":"es","@id":"https:\/\/infoecos.com.ar\/index.php\/948-la-inflacion-en-el-2022-la-mas-alta-de-los-ultimos-30-anos\/#primaryimage","url":"https:\/\/infoecos.com.ar\/wp-content\/uploads\/2023\/01\/indec.jpg","contentUrl":"https:\/\/infoecos.com.ar\/wp-content\/uploads\/2023\/01\/indec.jpg","width":807,"height":497},{"@type":"BreadcrumbList","@id":"https:\/\/infoecos.com.ar\/index.php\/948-la-inflacion-en-el-2022-la-mas-alta-de-los-ultimos-30-anos\/#breadcrumb","itemListElement":[{"@type":"ListItem","position":1,"name":"Portada","item":"https:\/\/infoecos.com.ar\/"},{"@type":"ListItem","position":2,"name":"94,8 % la inflaci\u00f3n en el 2022: la m\u00e1s alta de los \u00faltimos 30 a\u00f1os"}]},{"@type":"WebSite","@id":"https:\/\/infoecos.com.ar\/#website","url":"https:\/\/infoecos.com.ar\/","name":"Infoecos","description":"Noticias de trenque lauquen y la zona","publisher":{"@id":"https:\/\/infoecos.com.ar\/#organization"},"alternateName":"Noticias","potentialAction":[{"@type":"SearchAction","target":{"@type":"EntryPoint","urlTemplate":"https:\/\/infoecos.com.ar\/?s={search_term_string}"},"query-input":{"@type":"PropertyValueSpecification","valueRequired":true,"valueName":"search_term_string"}}],"inLanguage":"es"},{"@type":"Organization","@id":"https:\/\/infoecos.com.ar\/#organization","name":"Infoecos","alternateName":"Noticias","url":"https:\/\/infoecos.com.ar\/","logo":{"@type":"ImageObject","inLanguage":"es","@id":"https:\/\/infoecos.com.ar\/#\/schema\/logo\/image\/","url":"https:\/\/infoecos.com.ar\/wp-content\/uploads\/2024\/03\/cropped-logo.png","contentUrl":"https:\/\/infoecos.com.ar\/wp-content\/uploads\/2024\/03\/cropped-logo.png","width":374,"height":90,"caption":"Infoecos"},"image":{"@id":"https:\/\/infoecos.com.ar\/#\/schema\/logo\/image\/"},"sameAs":["https:\/\/www.facebook.com\/profile.php?id=100063200290284","https:\/\/x.com\/infoecos"]},{"@type":"Person","@id":"https:\/\/infoecos.com.ar\/#\/schema\/person\/8f5ace5ce73b4b4aac4b7245aee6f191","name":"Jorge Matheus","url":"https:\/\/infoecos.com.ar\/index.php\/author\/jomatheus\/"}]}},"featured_image_urls":{"full":["https:\/\/infoecos.com.ar\/wp-content\/uploads\/2023\/01\/indec.jpg",807,497,false],"thumbnail":["https:\/\/infoecos.com.ar\/wp-content\/uploads\/2023\/01\/indec-300x150.jpg",300,150,true],"medium":["https:\/\/infoecos.com.ar\/wp-content\/uploads\/2023\/01\/indec-800x493.jpg",800,493,true],"medium_large":["https:\/\/infoecos.com.ar\/wp-content\/uploads\/2023\/01\/indec-768x473.jpg",640,394,true],"large":["https:\/\/infoecos.com.ar\/wp-content\/uploads\/2023\/01\/indec.jpg",640,394,false],"1536x1536":["https:\/\/infoecos.com.ar\/wp-content\/uploads\/2023\/01\/indec.jpg",807,497,false],"2048x2048":["https:\/\/infoecos.com.ar\/wp-content\/uploads\/2023\/01\/indec.jpg",807,497,false],"covernews-slider-full":["https:\/\/infoecos.com.ar\/wp-content\/uploads\/2023\/01\/indec.jpg",807,497,false],"covernews-slider-center":["https:\/\/infoecos.com.ar\/wp-content\/uploads\/2023\/01\/indec.jpg",800,493,false],"covernews-featured":["https:\/\/infoecos.com.ar\/wp-content\/uploads\/2023\/01\/indec.jpg",807,497,false],"covernews-medium":["https:\/\/infoecos.com.ar\/wp-content\/uploads\/2023\/01\/indec-720x380.jpg",540,285,true],"covernews-medium-square":["https:\/\/infoecos.com.ar\/wp-content\/uploads\/2023\/01\/indec-675x450.jpg",375,250,true]},"author_info":{"info":["Jorge Matheus"]},"category_info":"<a href=\"https:\/\/infoecos.com.ar\/index.php\/category\/inferior3\/\" rel=\"category tag\">Bloque inferior - 3<\/a>","tag_info":"Bloque inferior - 3","comment_count":"0","_links":{"self":[{"href":"https:\/\/infoecos.com.ar\/index.php\/wp-json\/wp\/v2\/posts\/99951"}],"collection":[{"href":"https:\/\/infoecos.com.ar\/index.php\/wp-json\/wp\/v2\/posts"}],"about":[{"href":"https:\/\/infoecos.com.ar\/index.php\/wp-json\/wp\/v2\/types\/post"}],"author":[{"embeddable":true,"href":"https:\/\/infoecos.com.ar\/index.php\/wp-json\/wp\/v2\/users\/2"}],"replies":[{"embeddable":true,"href":"https:\/\/infoecos.com.ar\/index.php\/wp-json\/wp\/v2\/comments?post=99951"}],"version-history":[{"count":2,"href":"https:\/\/infoecos.com.ar\/index.php\/wp-json\/wp\/v2\/posts\/99951\/revisions"}],"predecessor-version":[{"id":99994,"href":"https:\/\/infoecos.com.ar\/index.php\/wp-json\/wp\/v2\/posts\/99951\/revisions\/99994"}],"wp:featuredmedia":[{"embeddable":true,"href":"https:\/\/infoecos.com.ar\/index.php\/wp-json\/wp\/v2\/media\/99952"}],"wp:attachment":[{"href":"https:\/\/infoecos.com.ar\/index.php\/wp-json\/wp\/v2\/media?parent=99951"}],"wp:term":[{"taxonomy":"category","embeddable":true,"href":"https:\/\/infoecos.com.ar\/index.php\/wp-json\/wp\/v2\/categories?post=99951"},{"taxonomy":"post_tag","embeddable":true,"href":"https:\/\/infoecos.com.ar\/index.php\/wp-json\/wp\/v2\/tags?post=99951"}],"curies":[{"name":"wp","href":"https:\/\/api.w.org\/{rel}","templated":true}]}}