{"id":99954,"date":"2023-01-13T00:31:04","date_gmt":"2023-01-13T03:31:04","guid":{"rendered":"https:\/\/infoecos.com.ar\/?p=99954"},"modified":"2023-01-17T01:29:36","modified_gmt":"2023-01-17T04:29:36","slug":"mas-talleres-para-hacer-la-vtv-y-coparticiparan-a-los-municipios-bonaerenses","status":"publish","type":"post","link":"https:\/\/infoecos.com.ar\/index.php\/mas-talleres-para-hacer-la-vtv-y-coparticiparan-a-los-municipios-bonaerenses\/","title":{"rendered":"M\u00e1s talleres para hacer la VTV y coparticipar\u00e1n a los municipios bonaerenses"},"content":{"rendered":"\n<p>La provincia de Buenos Aires avanzar\u00e1 este a\u00f1o con la duplicaci\u00f3n de los talleres para hacer la Verificaci\u00f3n T\u00e9cnica Vehicular (VTV), lo que permitir\u00e1 evitar largas demoras, al tiempo que los municipios con plantas tendr\u00e1n una coparticipaci\u00f3n de lo que se cobre por ese control de los autos.<\/p>\n\n\n\n<p>As\u00ed lo confirm\u00f3 el ministro de Transporte bonaerense, Jorge D\u2019Onofrio, quien cont\u00f3 que en el transcurso de 2023, con la nueva licitaci\u00f3n para concesionar el servicio, se duplicar\u00e1n en el territorio los talleres para realizar la VTV.<\/p>\n\n\n\n<p>\u201cVamos a estar no solo duplicando pr\u00e1cticamente la cantidad de talleres y de l\u00edneas de verificaci\u00f3n, sino que tambi\u00e9n para la periferia, para los pueblos m\u00e1s chicos, va a haber un sistema de VTV m\u00f3vil\u201d, dijo el funcionario en declaraciones a LU6 Radio Atl\u00e1ntica. Ese sistema de VTV m\u00f3vil, que se reforzar\u00e1, permitir\u00e1 anticipar en qu\u00e9 fecha se podr\u00e1 realizar la verificaci\u00f3n en cada localidad \u201cpara que la gente pueda planificarla\u201d.<\/p>\n\n\n\n<p>D\u2019Onofrio indic\u00f3 que en el nuevo sistema de VTV, que \u201cest\u00e1 a punto de licitarse\u201d, los municipios \u201cvan a tener una coparticipaci\u00f3n de lo que se recaude\u201d. Adem\u00e1s, dijo que se cruzar\u00e1n las bases de datos para que \u201ccada vez que aparezca la imagen en una c\u00e1mara que detecte patentes, salga (si ese veh\u00edculo) tiene VTV o no\u201d.<\/p>\n","protected":false},"excerpt":{"rendered":"<p>As\u00ed lo confirm\u00f3 el ministro de Transporte bonaerense, Jorge D\u2019Onofrio, quien cont\u00f3 que en el transcurso de 2023, con la nueva licitaci\u00f3n para concesionar el servicio, se duplicar\u00e1n en el territorio los talleres para realizar la VTV<\/p>\n","protected":false},"author":2,"featured_media":78728,"comment_status":"closed","ping_status":"open","sticky":false,"template":"","format":"standard","meta":{"footnotes":""},"categories":[1614],"tags":[7081],"class_list":["post-99954","post","type-post","status-publish","format-standard","has-post-thumbnail","hentry","category-c2nota7","tag-lo-confirmo-donofrio"],"yoast_head":"<!-- This site is optimized with the Yoast SEO plugin v23.4 - https:\/\/yoast.com\/wordpress\/plugins\/seo\/ -->\n<title>M\u00e1s talleres para hacer la VTV y coparticipar\u00e1n a los municipios bonaerenses - Infoecos<\/title>\n<meta name=\"robots\" content=\"index, follow, max-snippet:-1, max-image-preview:large, max-video-preview:-1\" \/>\n<link rel=\"canonical\" href=\"https:\/\/infoecos.com.ar\/index.php\/mas-talleres-para-hacer-la-vtv-y-coparticiparan-a-los-municipios-bonaerenses\/\" \/>\n<meta property=\"og:locale\" content=\"es_ES\" \/>\n<meta property=\"og:type\" content=\"article\" \/>\n<meta property=\"og:title\" content=\"M\u00e1s talleres para hacer la VTV y coparticipar\u00e1n a los municipios bonaerenses - Infoecos\" \/>\n<meta property=\"og:description\" content=\"As\u00ed lo confirm\u00f3 el ministro de Transporte bonaerense, Jorge D\u2019Onofrio, quien cont\u00f3 que en el transcurso de 2023, con la nueva licitaci\u00f3n para concesionar el servicio, se duplicar\u00e1n en el territorio los talleres para realizar la VTV\" \/>\n<meta property=\"og:url\" content=\"https:\/\/infoecos.com.ar\/index.php\/mas-talleres-para-hacer-la-vtv-y-coparticiparan-a-los-municipios-bonaerenses\/\" \/>\n<meta property=\"og:site_name\" content=\"Infoecos\" \/>\n<meta property=\"article:publisher\" content=\"https:\/\/www.facebook.com\/profile.php?id=100063200290284\" \/>\n<meta property=\"article:published_time\" content=\"2023-01-13T03:31:04+00:00\" \/>\n<meta property=\"article:modified_time\" content=\"2023-01-17T04:29:36+00:00\" \/>\n<meta property=\"og:image\" content=\"https:\/\/infoecos.com.ar\/wp-content\/uploads\/2021\/05\/vtvarchivo.jpg\" \/>\n\t<meta property=\"og:image:width\" content=\"810\" \/>\n\t<meta property=\"og:image:height\" content=\"552\" \/>\n\t<meta property=\"og:image:type\" content=\"image\/jpeg\" \/>\n<meta name=\"author\" content=\"Jorge Matheus\" \/>\n<meta name=\"twitter:card\" content=\"summary_large_image\" \/>\n<meta name=\"twitter:creator\" content=\"@infoecos\" \/>\n<meta name=\"twitter:site\" content=\"@infoecos\" \/>\n<meta name=\"twitter:label1\" content=\"Escrito por\" \/>\n\t<meta name=\"twitter:data1\" content=\"Jorge Matheus\" \/>\n\t<meta name=\"twitter:label2\" content=\"Tiempo de lectura\" \/>\n\t<meta name=\"twitter:data2\" content=\"1 minuto\" \/>\n<script type=\"application\/ld+json\" class=\"yoast-schema-graph\">{\"@context\":\"https:\/\/schema.org\",\"@graph\":[{\"@type\":\"Article\",\"@id\":\"https:\/\/infoecos.com.ar\/index.php\/mas-talleres-para-hacer-la-vtv-y-coparticiparan-a-los-municipios-bonaerenses\/#article\",\"isPartOf\":{\"@id\":\"https:\/\/infoecos.com.ar\/index.php\/mas-talleres-para-hacer-la-vtv-y-coparticiparan-a-los-municipios-bonaerenses\/\"},\"author\":{\"name\":\"Jorge Matheus\",\"@id\":\"https:\/\/infoecos.com.ar\/#\/schema\/person\/8f5ace5ce73b4b4aac4b7245aee6f191\"},\"headline\":\"M\u00e1s talleres para hacer la VTV y coparticipar\u00e1n a los municipios bonaerenses\",\"datePublished\":\"2023-01-13T03:31:04+00:00\",\"dateModified\":\"2023-01-17T04:29:36+00:00\",\"mainEntityOfPage\":{\"@id\":\"https:\/\/infoecos.com.ar\/index.php\/mas-talleres-para-hacer-la-vtv-y-coparticiparan-a-los-municipios-bonaerenses\/\"},\"wordCount\":251,\"publisher\":{\"@id\":\"https:\/\/infoecos.com.ar\/#organization\"},\"image\":{\"@id\":\"https:\/\/infoecos.com.ar\/index.php\/mas-talleres-para-hacer-la-vtv-y-coparticiparan-a-los-municipios-bonaerenses\/#primaryimage\"},\"thumbnailUrl\":\"https:\/\/infoecos.com.ar\/wp-content\/uploads\/2021\/05\/vtvarchivo.jpg\",\"keywords\":[\"LO CONFIRM\u00d3 D\u00b4Onofrio\"],\"articleSection\":[\"C2 N7\"],\"inLanguage\":\"es\"},{\"@type\":\"WebPage\",\"@id\":\"https:\/\/infoecos.com.ar\/index.php\/mas-talleres-para-hacer-la-vtv-y-coparticiparan-a-los-municipios-bonaerenses\/\",\"url\":\"https:\/\/infoecos.com.ar\/index.php\/mas-talleres-para-hacer-la-vtv-y-coparticiparan-a-los-municipios-bonaerenses\/\",\"name\":\"M\u00e1s talleres para hacer la VTV y coparticipar\u00e1n a los municipios bonaerenses - Infoecos\",\"isPartOf\":{\"@id\":\"https:\/\/infoecos.com.ar\/#website\"},\"primaryImageOfPage\":{\"@id\":\"https:\/\/infoecos.com.ar\/index.php\/mas-talleres-para-hacer-la-vtv-y-coparticiparan-a-los-municipios-bonaerenses\/#primaryimage\"},\"image\":{\"@id\":\"https:\/\/infoecos.com.ar\/index.php\/mas-talleres-para-hacer-la-vtv-y-coparticiparan-a-los-municipios-bonaerenses\/#primaryimage\"},\"thumbnailUrl\":\"https:\/\/infoecos.com.ar\/wp-content\/uploads\/2021\/05\/vtvarchivo.jpg\",\"datePublished\":\"2023-01-13T03:31:04+00:00\",\"dateModified\":\"2023-01-17T04:29:36+00:00\",\"breadcrumb\":{\"@id\":\"https:\/\/infoecos.com.ar\/index.php\/mas-talleres-para-hacer-la-vtv-y-coparticiparan-a-los-municipios-bonaerenses\/#breadcrumb\"},\"inLanguage\":\"es\",\"potentialAction\":[{\"@type\":\"ReadAction\",\"target\":[\"https:\/\/infoecos.com.ar\/index.php\/mas-talleres-para-hacer-la-vtv-y-coparticiparan-a-los-municipios-bonaerenses\/\"]}]},{\"@type\":\"ImageObject\",\"inLanguage\":\"es\",\"@id\":\"https:\/\/infoecos.com.ar\/index.php\/mas-talleres-para-hacer-la-vtv-y-coparticiparan-a-los-municipios-bonaerenses\/#primaryimage\",\"url\":\"https:\/\/infoecos.com.ar\/wp-content\/uploads\/2021\/05\/vtvarchivo.jpg\",\"contentUrl\":\"https:\/\/infoecos.com.ar\/wp-content\/uploads\/2021\/05\/vtvarchivo.jpg\",\"width\":810,\"height\":552},{\"@type\":\"BreadcrumbList\",\"@id\":\"https:\/\/infoecos.com.ar\/index.php\/mas-talleres-para-hacer-la-vtv-y-coparticiparan-a-los-municipios-bonaerenses\/#breadcrumb\",\"itemListElement\":[{\"@type\":\"ListItem\",\"position\":1,\"name\":\"Portada\",\"item\":\"https:\/\/infoecos.com.ar\/\"},{\"@type\":\"ListItem\",\"position\":2,\"name\":\"M\u00e1s talleres para hacer la VTV y coparticipar\u00e1n a los municipios bonaerenses\"}]},{\"@type\":\"WebSite\",\"@id\":\"https:\/\/infoecos.com.ar\/#website\",\"url\":\"https:\/\/infoecos.com.ar\/\",\"name\":\"Infoecos\",\"description\":\"Noticias de trenque lauquen y la zona\",\"publisher\":{\"@id\":\"https:\/\/infoecos.com.ar\/#organization\"},\"alternateName\":\"Noticias\",\"potentialAction\":[{\"@type\":\"SearchAction\",\"target\":{\"@type\":\"EntryPoint\",\"urlTemplate\":\"https:\/\/infoecos.com.ar\/?s={search_term_string}\"},\"query-input\":{\"@type\":\"PropertyValueSpecification\",\"valueRequired\":true,\"valueName\":\"search_term_string\"}}],\"inLanguage\":\"es\"},{\"@type\":\"Organization\",\"@id\":\"https:\/\/infoecos.com.ar\/#organization\",\"name\":\"Infoecos\",\"alternateName\":\"Noticias\",\"url\":\"https:\/\/infoecos.com.ar\/\",\"logo\":{\"@type\":\"ImageObject\",\"inLanguage\":\"es\",\"@id\":\"https:\/\/infoecos.com.ar\/#\/schema\/logo\/image\/\",\"url\":\"https:\/\/infoecos.com.ar\/wp-content\/uploads\/2024\/03\/cropped-logo.png\",\"contentUrl\":\"https:\/\/infoecos.com.ar\/wp-content\/uploads\/2024\/03\/cropped-logo.png\",\"width\":374,\"height\":90,\"caption\":\"Infoecos\"},\"image\":{\"@id\":\"https:\/\/infoecos.com.ar\/#\/schema\/logo\/image\/\"},\"sameAs\":[\"https:\/\/www.facebook.com\/profile.php?id=100063200290284\",\"https:\/\/x.com\/infoecos\"]},{\"@type\":\"Person\",\"@id\":\"https:\/\/infoecos.com.ar\/#\/schema\/person\/8f5ace5ce73b4b4aac4b7245aee6f191\",\"name\":\"Jorge Matheus\",\"url\":\"https:\/\/infoecos.com.ar\/index.php\/author\/jomatheus\/\"}]}<\/script>\n<!-- \/ Yoast SEO plugin. -->","yoast_head_json":{"title":"M\u00e1s talleres para hacer la VTV y coparticipar\u00e1n a los municipios bonaerenses - Infoecos","robots":{"index":"index","follow":"follow","max-snippet":"max-snippet:-1","max-image-preview":"max-image-preview:large","max-video-preview":"max-video-preview:-1"},"canonical":"https:\/\/infoecos.com.ar\/index.php\/mas-talleres-para-hacer-la-vtv-y-coparticiparan-a-los-municipios-bonaerenses\/","og_locale":"es_ES","og_type":"article","og_title":"M\u00e1s talleres para hacer la VTV y coparticipar\u00e1n a los municipios bonaerenses - Infoecos","og_description":"As\u00ed lo confirm\u00f3 el ministro de Transporte bonaerense, Jorge D\u2019Onofrio, quien cont\u00f3 que en el transcurso de 2023, con la nueva licitaci\u00f3n para concesionar el servicio, se duplicar\u00e1n en el territorio los talleres para realizar la VTV","og_url":"https:\/\/infoecos.com.ar\/index.php\/mas-talleres-para-hacer-la-vtv-y-coparticiparan-a-los-municipios-bonaerenses\/","og_site_name":"Infoecos","article_publisher":"https:\/\/www.facebook.com\/profile.php?id=100063200290284","article_published_time":"2023-01-13T03:31:04+00:00","article_modified_time":"2023-01-17T04:29:36+00:00","og_image":[{"width":810,"height":552,"url":"https:\/\/infoecos.com.ar\/wp-content\/uploads\/2021\/05\/vtvarchivo.jpg","type":"image\/jpeg"}],"author":"Jorge Matheus","twitter_card":"summary_large_image","twitter_creator":"@infoecos","twitter_site":"@infoecos","twitter_misc":{"Escrito por":"Jorge Matheus","Tiempo de lectura":"1 minuto"},"schema":{"@context":"https:\/\/schema.org","@graph":[{"@type":"Article","@id":"https:\/\/infoecos.com.ar\/index.php\/mas-talleres-para-hacer-la-vtv-y-coparticiparan-a-los-municipios-bonaerenses\/#article","isPartOf":{"@id":"https:\/\/infoecos.com.ar\/index.php\/mas-talleres-para-hacer-la-vtv-y-coparticiparan-a-los-municipios-bonaerenses\/"},"author":{"name":"Jorge Matheus","@id":"https:\/\/infoecos.com.ar\/#\/schema\/person\/8f5ace5ce73b4b4aac4b7245aee6f191"},"headline":"M\u00e1s talleres para hacer la VTV y coparticipar\u00e1n a los municipios bonaerenses","datePublished":"2023-01-13T03:31:04+00:00","dateModified":"2023-01-17T04:29:36+00:00","mainEntityOfPage":{"@id":"https:\/\/infoecos.com.ar\/index.php\/mas-talleres-para-hacer-la-vtv-y-coparticiparan-a-los-municipios-bonaerenses\/"},"wordCount":251,"publisher":{"@id":"https:\/\/infoecos.com.ar\/#organization"},"image":{"@id":"https:\/\/infoecos.com.ar\/index.php\/mas-talleres-para-hacer-la-vtv-y-coparticiparan-a-los-municipios-bonaerenses\/#primaryimage"},"thumbnailUrl":"https:\/\/infoecos.com.ar\/wp-content\/uploads\/2021\/05\/vtvarchivo.jpg","keywords":["LO CONFIRM\u00d3 D\u00b4Onofrio"],"articleSection":["C2 N7"],"inLanguage":"es"},{"@type":"WebPage","@id":"https:\/\/infoecos.com.ar\/index.php\/mas-talleres-para-hacer-la-vtv-y-coparticiparan-a-los-municipios-bonaerenses\/","url":"https:\/\/infoecos.com.ar\/index.php\/mas-talleres-para-hacer-la-vtv-y-coparticiparan-a-los-municipios-bonaerenses\/","name":"M\u00e1s talleres para hacer la VTV y coparticipar\u00e1n a los municipios bonaerenses - Infoecos","isPartOf":{"@id":"https:\/\/infoecos.com.ar\/#website"},"primaryImageOfPage":{"@id":"https:\/\/infoecos.com.ar\/index.php\/mas-talleres-para-hacer-la-vtv-y-coparticiparan-a-los-municipios-bonaerenses\/#primaryimage"},"image":{"@id":"https:\/\/infoecos.com.ar\/index.php\/mas-talleres-para-hacer-la-vtv-y-coparticiparan-a-los-municipios-bonaerenses\/#primaryimage"},"thumbnailUrl":"https:\/\/infoecos.com.ar\/wp-content\/uploads\/2021\/05\/vtvarchivo.jpg","datePublished":"2023-01-13T03:31:04+00:00","dateModified":"2023-01-17T04:29:36+00:00","breadcrumb":{"@id":"https:\/\/infoecos.com.ar\/index.php\/mas-talleres-para-hacer-la-vtv-y-coparticiparan-a-los-municipios-bonaerenses\/#breadcrumb"},"inLanguage":"es","potentialAction":[{"@type":"ReadAction","target":["https:\/\/infoecos.com.ar\/index.php\/mas-talleres-para-hacer-la-vtv-y-coparticiparan-a-los-municipios-bonaerenses\/"]}]},{"@type":"ImageObject","inLanguage":"es","@id":"https:\/\/infoecos.com.ar\/index.php\/mas-talleres-para-hacer-la-vtv-y-coparticiparan-a-los-municipios-bonaerenses\/#primaryimage","url":"https:\/\/infoecos.com.ar\/wp-content\/uploads\/2021\/05\/vtvarchivo.jpg","contentUrl":"https:\/\/infoecos.com.ar\/wp-content\/uploads\/2021\/05\/vtvarchivo.jpg","width":810,"height":552},{"@type":"BreadcrumbList","@id":"https:\/\/infoecos.com.ar\/index.php\/mas-talleres-para-hacer-la-vtv-y-coparticiparan-a-los-municipios-bonaerenses\/#breadcrumb","itemListElement":[{"@type":"ListItem","position":1,"name":"Portada","item":"https:\/\/infoecos.com.ar\/"},{"@type":"ListItem","position":2,"name":"M\u00e1s talleres para hacer la VTV y coparticipar\u00e1n a los municipios bonaerenses"}]},{"@type":"WebSite","@id":"https:\/\/infoecos.com.ar\/#website","url":"https:\/\/infoecos.com.ar\/","name":"Infoecos","description":"Noticias de trenque lauquen y la zona","publisher":{"@id":"https:\/\/infoecos.com.ar\/#organization"},"alternateName":"Noticias","potentialAction":[{"@type":"SearchAction","target":{"@type":"EntryPoint","urlTemplate":"https:\/\/infoecos.com.ar\/?s={search_term_string}"},"query-input":{"@type":"PropertyValueSpecification","valueRequired":true,"valueName":"search_term_string"}}],"inLanguage":"es"},{"@type":"Organization","@id":"https:\/\/infoecos.com.ar\/#organization","name":"Infoecos","alternateName":"Noticias","url":"https:\/\/infoecos.com.ar\/","logo":{"@type":"ImageObject","inLanguage":"es","@id":"https:\/\/infoecos.com.ar\/#\/schema\/logo\/image\/","url":"https:\/\/infoecos.com.ar\/wp-content\/uploads\/2024\/03\/cropped-logo.png","contentUrl":"https:\/\/infoecos.com.ar\/wp-content\/uploads\/2024\/03\/cropped-logo.png","width":374,"height":90,"caption":"Infoecos"},"image":{"@id":"https:\/\/infoecos.com.ar\/#\/schema\/logo\/image\/"},"sameAs":["https:\/\/www.facebook.com\/profile.php?id=100063200290284","https:\/\/x.com\/infoecos"]},{"@type":"Person","@id":"https:\/\/infoecos.com.ar\/#\/schema\/person\/8f5ace5ce73b4b4aac4b7245aee6f191","name":"Jorge Matheus","url":"https:\/\/infoecos.com.ar\/index.php\/author\/jomatheus\/"}]}},"featured_image_urls":{"full":["https:\/\/infoecos.com.ar\/wp-content\/uploads\/2021\/05\/vtvarchivo.jpg",810,552,false],"thumbnail":["https:\/\/infoecos.com.ar\/wp-content\/uploads\/2021\/05\/vtvarchivo-150x150.jpg",150,150,true],"medium":["https:\/\/infoecos.com.ar\/wp-content\/uploads\/2021\/05\/vtvarchivo-460x313.jpg",460,313,true],"medium_large":["https:\/\/infoecos.com.ar\/wp-content\/uploads\/2021\/05\/vtvarchivo-768x523.jpg",640,436,true],"large":["https:\/\/infoecos.com.ar\/wp-content\/uploads\/2021\/05\/vtvarchivo.jpg",640,436,false],"1536x1536":["https:\/\/infoecos.com.ar\/wp-content\/uploads\/2021\/05\/vtvarchivo.jpg",810,552,false],"2048x2048":["https:\/\/infoecos.com.ar\/wp-content\/uploads\/2021\/05\/vtvarchivo.jpg",810,552,false],"covernews-slider-full":["https:\/\/infoecos.com.ar\/wp-content\/uploads\/2021\/05\/vtvarchivo.jpg",810,552,false],"covernews-slider-center":["https:\/\/infoecos.com.ar\/wp-content\/uploads\/2021\/05\/vtvarchivo.jpg",734,500,false],"covernews-featured":["https:\/\/infoecos.com.ar\/wp-content\/uploads\/2021\/05\/vtvarchivo.jpg",810,552,false],"covernews-medium":["https:\/\/infoecos.com.ar\/wp-content\/uploads\/2021\/05\/vtvarchivo-720x380.jpg",540,285,true],"covernews-medium-square":["https:\/\/infoecos.com.ar\/wp-content\/uploads\/2021\/05\/vtvarchivo-675x450.jpg",375,250,true]},"author_info":{"info":["Jorge Matheus"]},"category_info":"<a href=\"https:\/\/infoecos.com.ar\/index.php\/category\/c2nota7\/\" rel=\"category tag\">C2 N7<\/a>","tag_info":"C2 N7","comment_count":"0","_links":{"self":[{"href":"https:\/\/infoecos.com.ar\/index.php\/wp-json\/wp\/v2\/posts\/99954"}],"collection":[{"href":"https:\/\/infoecos.com.ar\/index.php\/wp-json\/wp\/v2\/posts"}],"about":[{"href":"https:\/\/infoecos.com.ar\/index.php\/wp-json\/wp\/v2\/types\/post"}],"author":[{"embeddable":true,"href":"https:\/\/infoecos.com.ar\/index.php\/wp-json\/wp\/v2\/users\/2"}],"replies":[{"embeddable":true,"href":"https:\/\/infoecos.com.ar\/index.php\/wp-json\/wp\/v2\/comments?post=99954"}],"version-history":[{"count":1,"href":"https:\/\/infoecos.com.ar\/index.php\/wp-json\/wp\/v2\/posts\/99954\/revisions"}],"predecessor-version":[{"id":99955,"href":"https:\/\/infoecos.com.ar\/index.php\/wp-json\/wp\/v2\/posts\/99954\/revisions\/99955"}],"wp:featuredmedia":[{"embeddable":true,"href":"https:\/\/infoecos.com.ar\/index.php\/wp-json\/wp\/v2\/media\/78728"}],"wp:attachment":[{"href":"https:\/\/infoecos.com.ar\/index.php\/wp-json\/wp\/v2\/media?parent=99954"}],"wp:term":[{"taxonomy":"category","embeddable":true,"href":"https:\/\/infoecos.com.ar\/index.php\/wp-json\/wp\/v2\/categories?post=99954"},{"taxonomy":"post_tag","embeddable":true,"href":"https:\/\/infoecos.com.ar\/index.php\/wp-json\/wp\/v2\/tags?post=99954"}],"curies":[{"name":"wp","href":"https:\/\/api.w.org\/{rel}","templated":true}]}}