{"id":99961,"date":"2023-01-13T01:21:58","date_gmt":"2023-01-13T04:21:58","guid":{"rendered":"https:\/\/infoecos.com.ar\/?p=99961"},"modified":"2023-01-17T01:30:46","modified_gmt":"2023-01-17T04:30:46","slug":"reunion-de-fernandez-y-marchabalo-con-los-adjudicatarios-de-las-56-viviendas","status":"publish","type":"post","link":"https:\/\/infoecos.com.ar\/index.php\/reunion-de-fernandez-y-marchabalo-con-los-adjudicatarios-de-las-56-viviendas\/","title":{"rendered":"Reuni\u00f3n de Fern\u00e1ndez y Marchabalo con los adjudicatarios de las 56 viviendas"},"content":{"rendered":"\n<p>El Intendente municipal de Trenque Lauquen, Miguel Fern\u00e1ndez, acompa\u00f1ado por el secretario de Gobierno, Gustavo Marchabalo, se reuni\u00f3 ayer en el Auditorio del Centro C\u00edvico con los beneficiarios\/as del sorteo de las 56 viviendas del programa Reconstruir para ofrecer detalles vinculados a la entrega de las viviendas y pago de las cuotas, la ubicaci\u00f3n asignada a cada uno\/a de acuerdo al lugar obtenido en el sorteo, y tambi\u00e9n para firmar los boletos de compra\/venta de los respectivos inmuebles.<\/p>\n\n\n\n<figure class=\"wp-block-image aligncenter size-full\"><img loading=\"lazy\" decoding=\"async\" width=\"1280\" height=\"720\" src=\"https:\/\/infoecos.com.ar\/wp-content\/uploads\/2023\/01\/Reunion-56-viviendas-1.jpg\" alt=\"\" class=\"wp-image-99962\" srcset=\"https:\/\/infoecos.com.ar\/wp-content\/uploads\/2023\/01\/Reunion-56-viviendas-1.jpg 1280w, https:\/\/infoecos.com.ar\/wp-content\/uploads\/2023\/01\/Reunion-56-viviendas-1-800x450.jpg 800w, https:\/\/infoecos.com.ar\/wp-content\/uploads\/2023\/01\/Reunion-56-viviendas-1-768x432.jpg 768w, https:\/\/infoecos.com.ar\/wp-content\/uploads\/2023\/01\/Reunion-56-viviendas-1-1024x576.jpg 1024w\" sizes=\"(max-width: 1280px) 100vw, 1280px\" \/><\/figure>\n\n\n\n<p>Del encuentro con los vecinos\/as tambi\u00e9n participaron el subsecretario de Gesti\u00f3n y Planificaci\u00f3n, Mart\u00edn Borraz\u00e1s; la subsecretaria de Desarrollo Humano, Cristina Ferster; la directora de Asuntos Legales, Dra. Ver\u00f3nica Laf\u00f3n, y empleados del \u00e1rea, y los titulares de Asuntos Comunitarios y de la oficina para Personas con Discapacidad, Ignacio Guirao y Ana Etchepare, respectivamente.<\/p>\n\n\n\n<figure class=\"wp-block-image aligncenter size-full\"><img loading=\"lazy\" decoding=\"async\" width=\"1280\" height=\"720\" src=\"https:\/\/infoecos.com.ar\/wp-content\/uploads\/2023\/01\/Reunion-56-viviendas-2.jpg\" alt=\"\" class=\"wp-image-99963\" srcset=\"https:\/\/infoecos.com.ar\/wp-content\/uploads\/2023\/01\/Reunion-56-viviendas-2.jpg 1280w, https:\/\/infoecos.com.ar\/wp-content\/uploads\/2023\/01\/Reunion-56-viviendas-2-800x450.jpg 800w, https:\/\/infoecos.com.ar\/wp-content\/uploads\/2023\/01\/Reunion-56-viviendas-2-768x432.jpg 768w, https:\/\/infoecos.com.ar\/wp-content\/uploads\/2023\/01\/Reunion-56-viviendas-2-1024x576.jpg 1024w\" sizes=\"(max-width: 1280px) 100vw, 1280px\" \/><\/figure>\n\n\n\n<p>El Jefe comunal confirm\u00f3 que la entrega de las 56 viviendas se realizar\u00e1 el mi\u00e9rcoles de la semana pr\u00f3xima (18) a las 19 en un acto a realizarse en la calle Scalabrini Ortiz 1.534 de la Ampliaci\u00f3n Urbana, en el que se espera contar con la presencia de funcionarios de Naci\u00f3n y de Provincia y con el acompa\u00f1amiento de las familias de los beneficiarios\/as.<\/p>\n\n\n\n<figure class=\"wp-block-image aligncenter size-full\"><img loading=\"lazy\" decoding=\"async\" width=\"1280\" height=\"720\" src=\"https:\/\/infoecos.com.ar\/wp-content\/uploads\/2023\/01\/Reunion-56-viviendas-3.jpg\" alt=\"\" class=\"wp-image-99964\" srcset=\"https:\/\/infoecos.com.ar\/wp-content\/uploads\/2023\/01\/Reunion-56-viviendas-3.jpg 1280w, https:\/\/infoecos.com.ar\/wp-content\/uploads\/2023\/01\/Reunion-56-viviendas-3-800x450.jpg 800w, https:\/\/infoecos.com.ar\/wp-content\/uploads\/2023\/01\/Reunion-56-viviendas-3-768x432.jpg 768w, https:\/\/infoecos.com.ar\/wp-content\/uploads\/2023\/01\/Reunion-56-viviendas-3-1024x576.jpg 1024w\" sizes=\"(max-width: 1280px) 100vw, 1280px\" \/><\/figure>\n\n\n\n<p>En la reuni\u00f3n se solicit\u00f3 a los adjudicatarios\/as estar presentes media hora antes del inicio formal del acto (18.30) para poder organizar mejorar la entrega de las casas y la firma de los papeles correspondientes.<br>Por su parte, el secretario de Gobierno, Gustavo Marchabalo, inform\u00f3 que si bien en principio el listado de los adjudicatarios\/as con las ubicaciones correspondientes que ya se dio a conocer ser\u00eda el definitivo, hasta el mi\u00e9rcoles de la semana que viene \u2013fecha de entrega- se seguir\u00e1n evaluando datos vinculados con la consulta realizada al Registro de la Propiedad y con las encuestas sociales que se realizaron desde Desarrollo Humano del Municipio para despejar cualquier duda.<\/p>\n\n\n\n<figure class=\"wp-block-image aligncenter size-full\"><img loading=\"lazy\" decoding=\"async\" width=\"1280\" height=\"720\" src=\"https:\/\/infoecos.com.ar\/wp-content\/uploads\/2023\/01\/Reunion-56-viviendas-4.jpg\" alt=\"\" class=\"wp-image-99965\" srcset=\"https:\/\/infoecos.com.ar\/wp-content\/uploads\/2023\/01\/Reunion-56-viviendas-4.jpg 1280w, https:\/\/infoecos.com.ar\/wp-content\/uploads\/2023\/01\/Reunion-56-viviendas-4-800x450.jpg 800w, https:\/\/infoecos.com.ar\/wp-content\/uploads\/2023\/01\/Reunion-56-viviendas-4-768x432.jpg 768w, https:\/\/infoecos.com.ar\/wp-content\/uploads\/2023\/01\/Reunion-56-viviendas-4-1024x576.jpg 1024w\" sizes=\"(max-width: 1280px) 100vw, 1280px\" \/><\/figure>\n\n\n\n<p>Tambi\u00e9n aclar\u00f3 que el d\u00eda de la toma de posesi\u00f3n de las viviendas es requisito indispensable que est\u00e9n presentes el adjudicatario\/a con su pareja, conviviente o concubino para la entrega de las llaves.<\/p>\n\n\n\n<p>Durante la reuni\u00f3n, el Intendente repas\u00f3 distintas cuestiones vinculadas con el plan de las 56 viviendas, recordando a los adjudicatarios\/as que el pago de la primera cuota ser\u00e1 en el mes de febrero y que el valor de la misma se actualizar\u00e1 a trav\u00e9s del Coeficiente de Variaci\u00f3n Salarial cada seis meses (en julio y enero).<\/p>\n\n\n\n<figure class=\"wp-block-image aligncenter size-full\"><img loading=\"lazy\" decoding=\"async\" width=\"1280\" height=\"720\" src=\"https:\/\/infoecos.com.ar\/wp-content\/uploads\/2023\/01\/Reunion-56-viviendas-5.jpg\" alt=\"\" class=\"wp-image-99966\" srcset=\"https:\/\/infoecos.com.ar\/wp-content\/uploads\/2023\/01\/Reunion-56-viviendas-5.jpg 1280w, https:\/\/infoecos.com.ar\/wp-content\/uploads\/2023\/01\/Reunion-56-viviendas-5-800x450.jpg 800w, https:\/\/infoecos.com.ar\/wp-content\/uploads\/2023\/01\/Reunion-56-viviendas-5-768x432.jpg 768w, https:\/\/infoecos.com.ar\/wp-content\/uploads\/2023\/01\/Reunion-56-viviendas-5-1024x576.jpg 1024w\" sizes=\"(max-width: 1280px) 100vw, 1280px\" \/><\/figure>\n\n\n\n<p>Acerca de la ubicaci\u00f3n del lote\/vivienda, Fern\u00e1ndez aclar\u00f3 que se tuvo en cuenta el lugar obtenido en el sorteo \u201cpara facilitar la confecci\u00f3n de los boletos de compra\/venta porque como cada operaci\u00f3n es distinta ten\u00edamos que asignar el lote para ganar tiempo, de lo contrario la operatoria se nos iba a retrasar bastante\u201d.<\/p>\n\n\n\n<figure class=\"wp-block-image aligncenter size-full\"><img loading=\"lazy\" decoding=\"async\" width=\"1280\" height=\"720\" src=\"https:\/\/infoecos.com.ar\/wp-content\/uploads\/2023\/01\/Reunion-56-viviendas-6.jpg\" alt=\"\" class=\"wp-image-99967\" srcset=\"https:\/\/infoecos.com.ar\/wp-content\/uploads\/2023\/01\/Reunion-56-viviendas-6.jpg 1280w, https:\/\/infoecos.com.ar\/wp-content\/uploads\/2023\/01\/Reunion-56-viviendas-6-800x450.jpg 800w, https:\/\/infoecos.com.ar\/wp-content\/uploads\/2023\/01\/Reunion-56-viviendas-6-768x432.jpg 768w, https:\/\/infoecos.com.ar\/wp-content\/uploads\/2023\/01\/Reunion-56-viviendas-6-1024x576.jpg 1024w\" sizes=\"(max-width: 1280px) 100vw, 1280px\" \/><\/figure>\n\n\n\n<p>\u201cEl lote asignado es el de orden del sorteo original, el lote 1 para el primero, el lote 2 para el segundo (y as\u00ed sucesivamente) con la \u00fanica salvedad de que las personas que estaban en el segmento de discapacidad y que tienen una vivienda particular y espec\u00edfica para ellos\/as, obviamente ya la ten\u00edan asignada\u201d, explic\u00f3 el Intendente.<\/p>\n\n\n\n<p>Adem\u00e1s, record\u00f3 los valores del inmueble: el de la casa es de 7.800.000 pesos (por UBI\/Ministerio); el del terreno, 1.200.000 pesos (precio fijado por el Municipio) y monto total de la propiedad (terreno y casa): 9.000.000 de pesos<\/p>\n\n\n\n<figure class=\"wp-block-image aligncenter size-full\"><img loading=\"lazy\" decoding=\"async\" width=\"1280\" height=\"720\" src=\"https:\/\/infoecos.com.ar\/wp-content\/uploads\/2023\/01\/Reunion-56-viviendas-7.jpg\" alt=\"\" class=\"wp-image-99968\" srcset=\"https:\/\/infoecos.com.ar\/wp-content\/uploads\/2023\/01\/Reunion-56-viviendas-7.jpg 1280w, https:\/\/infoecos.com.ar\/wp-content\/uploads\/2023\/01\/Reunion-56-viviendas-7-800x450.jpg 800w, https:\/\/infoecos.com.ar\/wp-content\/uploads\/2023\/01\/Reunion-56-viviendas-7-768x432.jpg 768w, https:\/\/infoecos.com.ar\/wp-content\/uploads\/2023\/01\/Reunion-56-viviendas-7-1024x576.jpg 1024w\" sizes=\"(max-width: 1280px) 100vw, 1280px\" \/><\/figure>\n\n\n\n<p>A continuaci\u00f3n, detall\u00f3 que el Municipio estableci\u00f3 distintos \u201cEstamentos: A, B, C y D\u201d, de acuerdo al segmento en el que se ubica cada grupo familiar seg\u00fan su nivel de ingresos reiterando que otorgar\u00e1 un subsidio a los segmentos de menor nivel de ingresos, lo que redundar\u00e1 en el valor de las cuotas:<\/p>\n\n\n\n<figure class=\"wp-block-image aligncenter size-full\"><img loading=\"lazy\" decoding=\"async\" width=\"1280\" height=\"720\" src=\"https:\/\/infoecos.com.ar\/wp-content\/uploads\/2023\/01\/Reunion-56-viviendas-8.jpg\" alt=\"\" class=\"wp-image-99969\" srcset=\"https:\/\/infoecos.com.ar\/wp-content\/uploads\/2023\/01\/Reunion-56-viviendas-8.jpg 1280w, https:\/\/infoecos.com.ar\/wp-content\/uploads\/2023\/01\/Reunion-56-viviendas-8-800x450.jpg 800w, https:\/\/infoecos.com.ar\/wp-content\/uploads\/2023\/01\/Reunion-56-viviendas-8-768x432.jpg 768w, https:\/\/infoecos.com.ar\/wp-content\/uploads\/2023\/01\/Reunion-56-viviendas-8-1024x576.jpg 1024w\" sizes=\"(max-width: 1280px) 100vw, 1280px\" \/><\/figure>\n\n\n\n<p>A) Para los que tengan un nivel de ingreso entre 0 y un salario m\u00ednimo vital y m\u00f3vil (en el momento de la confecci\u00f3n del plan era de 61.953 pesos), el Municipio otorgar\u00e1 un subsidio del 40 por ciento del valor total del inmueble (lote + terreno), es decir que van a pagar 5.400.000 pesos, el plazo de pago ser\u00e1 de 360 cuotas (30 a\u00f1os) y la cuota a febrero ser\u00e1 del 24 por ciento de su ingreso: 15.000 pesos.<br>B) Quienes tengan entre uno y dos salarios m\u00ednimos vitales y m\u00f3viles van a acceder a un subsidio de un 10 por ciento; el inmueble va a costar 8.100.000 pesos, se va a abonar en 360 cuotas de 22.500 pesos, lo que representa una afectaci\u00f3n del ingreso familiar del 18 por ciento.<br>C) En el segmento de los que cobran entre dos y tres salarios m\u00ednimos el subsidio ser\u00e1 del 5 por ciento, el valor de la propiedad ser\u00e1 de 8.550.000 pesos, se pagar\u00e1 en 300 cuotas de 28.500 pesos y la afectaci\u00f3n del ingreso ser\u00e1 del 15 por ciento.<br>(D) En el segmento de mayores ingresos (hasta cuatro salarios m\u00ednimos) no hay subsidio y los 9.000.000 de pesos del valor del inmueble se van abonar en 240 cuotas de 37.500 pesos y representa una afectaci\u00f3n promedio del ingreso familiar del 15 por ciento.<br>. Para mantener el subsidio que otorga la municipalidad no se podr\u00e1 modificar la estructura de la casa salvo autorizaci\u00f3n expresa del Municipio.<\/p>\n\n\n\n<p>\u201cEsta es la forma en que nosotros segmentamos en funci\u00f3n de los ingresos para que todos\/as puedan pagar la cuota, que est\u00e1 muy por debajo del valor de un alquiler y que tiene un ajuste que es cada seis meses, por el Coeficiente de Variaci\u00f3n Salarial, que lo publica el Indec y es el promedio de los aumentos de sueldo de todos los convenios colectivos de trabajo\u201d, precis\u00f3 Fern\u00e1ndez.<\/p>\n\n\n\n<p>Y agreg\u00f3: \u201cLa primera cuota la van a pagar en febrero, y ya va a estar actualizada de acuerdo a este \u00edndice; el pr\u00f3ximo ajuste ser\u00e1 en julio de este a\u00f1o, y as\u00ed todos los a\u00f1os en enero y julio se ir\u00e1 actualizando de acuerdo a este \u00edndice que publica el Indec\u201d.<\/p>\n\n\n\n<p>Despu\u00e9s de la explicaci\u00f3n correspondiente, los adjudicatarios\/as firmaron los boletos de Compra\/Venta, aclarando que la firma del acta de entrega se realizar\u00e1 el mismo d\u00eda del acto de entrega, el mi\u00e9rcoles 18.<\/p>\n\n\n\n<p>Las casas se levantan en dos manzanas de 28 unidades habitacionales cada una y fueron construidas en base al prototipo tradicional que utiliza el Municipio: tienen una superficie aproximada de 56 metros cuadrados y cuentan con dos dormitorios.<\/p>\n\n\n\n<p>El listado completo de los favorecidos en el sorteo (titulares y suplentes) puede consultarse ingresando al siguiente Link:&nbsp;<a href=\"https:\/\/www.trenquelauquen.gov.ar\/56viviendas\/\" target=\"_blank\" rel=\"noreferrer noopener\">https:\/\/www.trenquelauquen.gov.ar\/56viviendas\/<\/a><\/p>\n","protected":false},"excerpt":{"rendered":"<p> el d\u00eda de la toma de posesi\u00f3n de las viviendas es requisito indispensable que est\u00e9n presentes el adjudicatario\/a con su pareja, conviviente o concubino para la entrega de las llaves<\/p>\n","protected":false},"author":2,"featured_media":99964,"comment_status":"closed","ping_status":"open","sticky":false,"template":"","format":"standard","meta":{"footnotes":""},"categories":[41],"tags":[7083],"class_list":["post-99961","post","type-post","status-publish","format-standard","has-post-thumbnail","hentry","category-inferior2","tag-se-entregan-el-miercoles-18"],"yoast_head":"<!-- This site is optimized with the Yoast SEO plugin v23.4 - https:\/\/yoast.com\/wordpress\/plugins\/seo\/ -->\n<title>Reuni\u00f3n de Fern\u00e1ndez y Marchabalo con los adjudicatarios de las 56 viviendas - Infoecos<\/title>\n<meta name=\"robots\" content=\"index, follow, max-snippet:-1, max-image-preview:large, max-video-preview:-1\" \/>\n<link rel=\"canonical\" href=\"https:\/\/infoecos.com.ar\/index.php\/reunion-de-fernandez-y-marchabalo-con-los-adjudicatarios-de-las-56-viviendas\/\" \/>\n<meta property=\"og:locale\" content=\"es_ES\" \/>\n<meta property=\"og:type\" content=\"article\" \/>\n<meta property=\"og:title\" content=\"Reuni\u00f3n de Fern\u00e1ndez y Marchabalo con los adjudicatarios de las 56 viviendas - Infoecos\" \/>\n<meta property=\"og:description\" content=\"el d\u00eda de la toma de posesi\u00f3n de las viviendas es requisito indispensable que est\u00e9n presentes el adjudicatario\/a con su pareja, conviviente o concubino para la entrega de las llaves\" \/>\n<meta property=\"og:url\" content=\"https:\/\/infoecos.com.ar\/index.php\/reunion-de-fernandez-y-marchabalo-con-los-adjudicatarios-de-las-56-viviendas\/\" \/>\n<meta property=\"og:site_name\" content=\"Infoecos\" \/>\n<meta property=\"article:publisher\" content=\"https:\/\/www.facebook.com\/profile.php?id=100063200290284\" \/>\n<meta property=\"article:published_time\" content=\"2023-01-13T04:21:58+00:00\" \/>\n<meta property=\"article:modified_time\" content=\"2023-01-17T04:30:46+00:00\" \/>\n<meta property=\"og:image\" content=\"https:\/\/infoecos.com.ar\/wp-content\/uploads\/2023\/01\/Reunion-56-viviendas-3.jpg\" \/>\n\t<meta property=\"og:image:width\" content=\"1280\" \/>\n\t<meta property=\"og:image:height\" content=\"720\" \/>\n\t<meta property=\"og:image:type\" content=\"image\/jpeg\" \/>\n<meta name=\"author\" content=\"Jorge Matheus\" \/>\n<meta name=\"twitter:card\" content=\"summary_large_image\" \/>\n<meta name=\"twitter:creator\" content=\"@infoecos\" \/>\n<meta name=\"twitter:site\" content=\"@infoecos\" \/>\n<meta name=\"twitter:label1\" content=\"Escrito por\" \/>\n\t<meta name=\"twitter:data1\" content=\"Jorge Matheus\" \/>\n\t<meta name=\"twitter:label2\" content=\"Tiempo de lectura\" \/>\n\t<meta name=\"twitter:data2\" content=\"7 minutos\" \/>\n<script type=\"application\/ld+json\" class=\"yoast-schema-graph\">{\"@context\":\"https:\/\/schema.org\",\"@graph\":[{\"@type\":\"Article\",\"@id\":\"https:\/\/infoecos.com.ar\/index.php\/reunion-de-fernandez-y-marchabalo-con-los-adjudicatarios-de-las-56-viviendas\/#article\",\"isPartOf\":{\"@id\":\"https:\/\/infoecos.com.ar\/index.php\/reunion-de-fernandez-y-marchabalo-con-los-adjudicatarios-de-las-56-viviendas\/\"},\"author\":{\"name\":\"Jorge Matheus\",\"@id\":\"https:\/\/infoecos.com.ar\/#\/schema\/person\/8f5ace5ce73b4b4aac4b7245aee6f191\"},\"headline\":\"Reuni\u00f3n de Fern\u00e1ndez y Marchabalo con los adjudicatarios de las 56 viviendas\",\"datePublished\":\"2023-01-13T04:21:58+00:00\",\"dateModified\":\"2023-01-17T04:30:46+00:00\",\"mainEntityOfPage\":{\"@id\":\"https:\/\/infoecos.com.ar\/index.php\/reunion-de-fernandez-y-marchabalo-con-los-adjudicatarios-de-las-56-viviendas\/\"},\"wordCount\":1110,\"publisher\":{\"@id\":\"https:\/\/infoecos.com.ar\/#organization\"},\"image\":{\"@id\":\"https:\/\/infoecos.com.ar\/index.php\/reunion-de-fernandez-y-marchabalo-con-los-adjudicatarios-de-las-56-viviendas\/#primaryimage\"},\"thumbnailUrl\":\"https:\/\/infoecos.com.ar\/wp-content\/uploads\/2023\/01\/Reunion-56-viviendas-3.jpg\",\"keywords\":[\"SE ENTREGAN EL MIERCOLES 18\"],\"articleSection\":[\"Bloque inferior - 2\"],\"inLanguage\":\"es\"},{\"@type\":\"WebPage\",\"@id\":\"https:\/\/infoecos.com.ar\/index.php\/reunion-de-fernandez-y-marchabalo-con-los-adjudicatarios-de-las-56-viviendas\/\",\"url\":\"https:\/\/infoecos.com.ar\/index.php\/reunion-de-fernandez-y-marchabalo-con-los-adjudicatarios-de-las-56-viviendas\/\",\"name\":\"Reuni\u00f3n de Fern\u00e1ndez y Marchabalo con los adjudicatarios de las 56 viviendas - Infoecos\",\"isPartOf\":{\"@id\":\"https:\/\/infoecos.com.ar\/#website\"},\"primaryImageOfPage\":{\"@id\":\"https:\/\/infoecos.com.ar\/index.php\/reunion-de-fernandez-y-marchabalo-con-los-adjudicatarios-de-las-56-viviendas\/#primaryimage\"},\"image\":{\"@id\":\"https:\/\/infoecos.com.ar\/index.php\/reunion-de-fernandez-y-marchabalo-con-los-adjudicatarios-de-las-56-viviendas\/#primaryimage\"},\"thumbnailUrl\":\"https:\/\/infoecos.com.ar\/wp-content\/uploads\/2023\/01\/Reunion-56-viviendas-3.jpg\",\"datePublished\":\"2023-01-13T04:21:58+00:00\",\"dateModified\":\"2023-01-17T04:30:46+00:00\",\"breadcrumb\":{\"@id\":\"https:\/\/infoecos.com.ar\/index.php\/reunion-de-fernandez-y-marchabalo-con-los-adjudicatarios-de-las-56-viviendas\/#breadcrumb\"},\"inLanguage\":\"es\",\"potentialAction\":[{\"@type\":\"ReadAction\",\"target\":[\"https:\/\/infoecos.com.ar\/index.php\/reunion-de-fernandez-y-marchabalo-con-los-adjudicatarios-de-las-56-viviendas\/\"]}]},{\"@type\":\"ImageObject\",\"inLanguage\":\"es\",\"@id\":\"https:\/\/infoecos.com.ar\/index.php\/reunion-de-fernandez-y-marchabalo-con-los-adjudicatarios-de-las-56-viviendas\/#primaryimage\",\"url\":\"https:\/\/infoecos.com.ar\/wp-content\/uploads\/2023\/01\/Reunion-56-viviendas-3.jpg\",\"contentUrl\":\"https:\/\/infoecos.com.ar\/wp-content\/uploads\/2023\/01\/Reunion-56-viviendas-3.jpg\",\"width\":1280,\"height\":720},{\"@type\":\"BreadcrumbList\",\"@id\":\"https:\/\/infoecos.com.ar\/index.php\/reunion-de-fernandez-y-marchabalo-con-los-adjudicatarios-de-las-56-viviendas\/#breadcrumb\",\"itemListElement\":[{\"@type\":\"ListItem\",\"position\":1,\"name\":\"Portada\",\"item\":\"https:\/\/infoecos.com.ar\/\"},{\"@type\":\"ListItem\",\"position\":2,\"name\":\"Reuni\u00f3n de Fern\u00e1ndez y Marchabalo con los adjudicatarios de las 56 viviendas\"}]},{\"@type\":\"WebSite\",\"@id\":\"https:\/\/infoecos.com.ar\/#website\",\"url\":\"https:\/\/infoecos.com.ar\/\",\"name\":\"Infoecos\",\"description\":\"Noticias de trenque lauquen y la zona\",\"publisher\":{\"@id\":\"https:\/\/infoecos.com.ar\/#organization\"},\"alternateName\":\"Noticias\",\"potentialAction\":[{\"@type\":\"SearchAction\",\"target\":{\"@type\":\"EntryPoint\",\"urlTemplate\":\"https:\/\/infoecos.com.ar\/?s={search_term_string}\"},\"query-input\":{\"@type\":\"PropertyValueSpecification\",\"valueRequired\":true,\"valueName\":\"search_term_string\"}}],\"inLanguage\":\"es\"},{\"@type\":\"Organization\",\"@id\":\"https:\/\/infoecos.com.ar\/#organization\",\"name\":\"Infoecos\",\"alternateName\":\"Noticias\",\"url\":\"https:\/\/infoecos.com.ar\/\",\"logo\":{\"@type\":\"ImageObject\",\"inLanguage\":\"es\",\"@id\":\"https:\/\/infoecos.com.ar\/#\/schema\/logo\/image\/\",\"url\":\"https:\/\/infoecos.com.ar\/wp-content\/uploads\/2024\/03\/cropped-logo.png\",\"contentUrl\":\"https:\/\/infoecos.com.ar\/wp-content\/uploads\/2024\/03\/cropped-logo.png\",\"width\":374,\"height\":90,\"caption\":\"Infoecos\"},\"image\":{\"@id\":\"https:\/\/infoecos.com.ar\/#\/schema\/logo\/image\/\"},\"sameAs\":[\"https:\/\/www.facebook.com\/profile.php?id=100063200290284\",\"https:\/\/x.com\/infoecos\"]},{\"@type\":\"Person\",\"@id\":\"https:\/\/infoecos.com.ar\/#\/schema\/person\/8f5ace5ce73b4b4aac4b7245aee6f191\",\"name\":\"Jorge Matheus\",\"url\":\"https:\/\/infoecos.com.ar\/index.php\/author\/jomatheus\/\"}]}<\/script>\n<!-- \/ Yoast SEO plugin. -->","yoast_head_json":{"title":"Reuni\u00f3n de Fern\u00e1ndez y Marchabalo con los adjudicatarios de las 56 viviendas - Infoecos","robots":{"index":"index","follow":"follow","max-snippet":"max-snippet:-1","max-image-preview":"max-image-preview:large","max-video-preview":"max-video-preview:-1"},"canonical":"https:\/\/infoecos.com.ar\/index.php\/reunion-de-fernandez-y-marchabalo-con-los-adjudicatarios-de-las-56-viviendas\/","og_locale":"es_ES","og_type":"article","og_title":"Reuni\u00f3n de Fern\u00e1ndez y Marchabalo con los adjudicatarios de las 56 viviendas - Infoecos","og_description":"el d\u00eda de la toma de posesi\u00f3n de las viviendas es requisito indispensable que est\u00e9n presentes el adjudicatario\/a con su pareja, conviviente o concubino para la entrega de las llaves","og_url":"https:\/\/infoecos.com.ar\/index.php\/reunion-de-fernandez-y-marchabalo-con-los-adjudicatarios-de-las-56-viviendas\/","og_site_name":"Infoecos","article_publisher":"https:\/\/www.facebook.com\/profile.php?id=100063200290284","article_published_time":"2023-01-13T04:21:58+00:00","article_modified_time":"2023-01-17T04:30:46+00:00","og_image":[{"width":1280,"height":720,"url":"https:\/\/infoecos.com.ar\/wp-content\/uploads\/2023\/01\/Reunion-56-viviendas-3.jpg","type":"image\/jpeg"}],"author":"Jorge Matheus","twitter_card":"summary_large_image","twitter_creator":"@infoecos","twitter_site":"@infoecos","twitter_misc":{"Escrito por":"Jorge Matheus","Tiempo de lectura":"7 minutos"},"schema":{"@context":"https:\/\/schema.org","@graph":[{"@type":"Article","@id":"https:\/\/infoecos.com.ar\/index.php\/reunion-de-fernandez-y-marchabalo-con-los-adjudicatarios-de-las-56-viviendas\/#article","isPartOf":{"@id":"https:\/\/infoecos.com.ar\/index.php\/reunion-de-fernandez-y-marchabalo-con-los-adjudicatarios-de-las-56-viviendas\/"},"author":{"name":"Jorge Matheus","@id":"https:\/\/infoecos.com.ar\/#\/schema\/person\/8f5ace5ce73b4b4aac4b7245aee6f191"},"headline":"Reuni\u00f3n de Fern\u00e1ndez y Marchabalo con los adjudicatarios de las 56 viviendas","datePublished":"2023-01-13T04:21:58+00:00","dateModified":"2023-01-17T04:30:46+00:00","mainEntityOfPage":{"@id":"https:\/\/infoecos.com.ar\/index.php\/reunion-de-fernandez-y-marchabalo-con-los-adjudicatarios-de-las-56-viviendas\/"},"wordCount":1110,"publisher":{"@id":"https:\/\/infoecos.com.ar\/#organization"},"image":{"@id":"https:\/\/infoecos.com.ar\/index.php\/reunion-de-fernandez-y-marchabalo-con-los-adjudicatarios-de-las-56-viviendas\/#primaryimage"},"thumbnailUrl":"https:\/\/infoecos.com.ar\/wp-content\/uploads\/2023\/01\/Reunion-56-viviendas-3.jpg","keywords":["SE ENTREGAN EL MIERCOLES 18"],"articleSection":["Bloque inferior - 2"],"inLanguage":"es"},{"@type":"WebPage","@id":"https:\/\/infoecos.com.ar\/index.php\/reunion-de-fernandez-y-marchabalo-con-los-adjudicatarios-de-las-56-viviendas\/","url":"https:\/\/infoecos.com.ar\/index.php\/reunion-de-fernandez-y-marchabalo-con-los-adjudicatarios-de-las-56-viviendas\/","name":"Reuni\u00f3n de Fern\u00e1ndez y Marchabalo con los adjudicatarios de las 56 viviendas - Infoecos","isPartOf":{"@id":"https:\/\/infoecos.com.ar\/#website"},"primaryImageOfPage":{"@id":"https:\/\/infoecos.com.ar\/index.php\/reunion-de-fernandez-y-marchabalo-con-los-adjudicatarios-de-las-56-viviendas\/#primaryimage"},"image":{"@id":"https:\/\/infoecos.com.ar\/index.php\/reunion-de-fernandez-y-marchabalo-con-los-adjudicatarios-de-las-56-viviendas\/#primaryimage"},"thumbnailUrl":"https:\/\/infoecos.com.ar\/wp-content\/uploads\/2023\/01\/Reunion-56-viviendas-3.jpg","datePublished":"2023-01-13T04:21:58+00:00","dateModified":"2023-01-17T04:30:46+00:00","breadcrumb":{"@id":"https:\/\/infoecos.com.ar\/index.php\/reunion-de-fernandez-y-marchabalo-con-los-adjudicatarios-de-las-56-viviendas\/#breadcrumb"},"inLanguage":"es","potentialAction":[{"@type":"ReadAction","target":["https:\/\/infoecos.com.ar\/index.php\/reunion-de-fernandez-y-marchabalo-con-los-adjudicatarios-de-las-56-viviendas\/"]}]},{"@type":"ImageObject","inLanguage":"es","@id":"https:\/\/infoecos.com.ar\/index.php\/reunion-de-fernandez-y-marchabalo-con-los-adjudicatarios-de-las-56-viviendas\/#primaryimage","url":"https:\/\/infoecos.com.ar\/wp-content\/uploads\/2023\/01\/Reunion-56-viviendas-3.jpg","contentUrl":"https:\/\/infoecos.com.ar\/wp-content\/uploads\/2023\/01\/Reunion-56-viviendas-3.jpg","width":1280,"height":720},{"@type":"BreadcrumbList","@id":"https:\/\/infoecos.com.ar\/index.php\/reunion-de-fernandez-y-marchabalo-con-los-adjudicatarios-de-las-56-viviendas\/#breadcrumb","itemListElement":[{"@type":"ListItem","position":1,"name":"Portada","item":"https:\/\/infoecos.com.ar\/"},{"@type":"ListItem","position":2,"name":"Reuni\u00f3n de Fern\u00e1ndez y Marchabalo con los adjudicatarios de las 56 viviendas"}]},{"@type":"WebSite","@id":"https:\/\/infoecos.com.ar\/#website","url":"https:\/\/infoecos.com.ar\/","name":"Infoecos","description":"Noticias de trenque lauquen y la zona","publisher":{"@id":"https:\/\/infoecos.com.ar\/#organization"},"alternateName":"Noticias","potentialAction":[{"@type":"SearchAction","target":{"@type":"EntryPoint","urlTemplate":"https:\/\/infoecos.com.ar\/?s={search_term_string}"},"query-input":{"@type":"PropertyValueSpecification","valueRequired":true,"valueName":"search_term_string"}}],"inLanguage":"es"},{"@type":"Organization","@id":"https:\/\/infoecos.com.ar\/#organization","name":"Infoecos","alternateName":"Noticias","url":"https:\/\/infoecos.com.ar\/","logo":{"@type":"ImageObject","inLanguage":"es","@id":"https:\/\/infoecos.com.ar\/#\/schema\/logo\/image\/","url":"https:\/\/infoecos.com.ar\/wp-content\/uploads\/2024\/03\/cropped-logo.png","contentUrl":"https:\/\/infoecos.com.ar\/wp-content\/uploads\/2024\/03\/cropped-logo.png","width":374,"height":90,"caption":"Infoecos"},"image":{"@id":"https:\/\/infoecos.com.ar\/#\/schema\/logo\/image\/"},"sameAs":["https:\/\/www.facebook.com\/profile.php?id=100063200290284","https:\/\/x.com\/infoecos"]},{"@type":"Person","@id":"https:\/\/infoecos.com.ar\/#\/schema\/person\/8f5ace5ce73b4b4aac4b7245aee6f191","name":"Jorge Matheus","url":"https:\/\/infoecos.com.ar\/index.php\/author\/jomatheus\/"}]}},"featured_image_urls":{"full":["https:\/\/infoecos.com.ar\/wp-content\/uploads\/2023\/01\/Reunion-56-viviendas-3.jpg",1280,720,false],"thumbnail":["https:\/\/infoecos.com.ar\/wp-content\/uploads\/2023\/01\/Reunion-56-viviendas-3-300x150.jpg",300,150,true],"medium":["https:\/\/infoecos.com.ar\/wp-content\/uploads\/2023\/01\/Reunion-56-viviendas-3-800x450.jpg",800,450,true],"medium_large":["https:\/\/infoecos.com.ar\/wp-content\/uploads\/2023\/01\/Reunion-56-viviendas-3-768x432.jpg",640,360,true],"large":["https:\/\/infoecos.com.ar\/wp-content\/uploads\/2023\/01\/Reunion-56-viviendas-3.jpg",640,360,false],"1536x1536":["https:\/\/infoecos.com.ar\/wp-content\/uploads\/2023\/01\/Reunion-56-viviendas-3.jpg",1280,720,false],"2048x2048":["https:\/\/infoecos.com.ar\/wp-content\/uploads\/2023\/01\/Reunion-56-viviendas-3.jpg",1280,720,false],"covernews-slider-full":["https:\/\/infoecos.com.ar\/wp-content\/uploads\/2023\/01\/Reunion-56-viviendas-3.jpg",1115,627,false],"covernews-slider-center":["https:\/\/infoecos.com.ar\/wp-content\/uploads\/2023\/01\/Reunion-56-viviendas-3-936x720.jpg",650,500,true],"covernews-featured":["https:\/\/infoecos.com.ar\/wp-content\/uploads\/2023\/01\/Reunion-56-viviendas-3-1024x576.jpg",1024,576,true],"covernews-medium":["https:\/\/infoecos.com.ar\/wp-content\/uploads\/2023\/01\/Reunion-56-viviendas-3-720x380.jpg",540,285,true],"covernews-medium-square":["https:\/\/infoecos.com.ar\/wp-content\/uploads\/2023\/01\/Reunion-56-viviendas-3-675x450.jpg",375,250,true]},"author_info":{"info":["Jorge Matheus"]},"category_info":"<a href=\"https:\/\/infoecos.com.ar\/index.php\/category\/inferior2\/\" rel=\"category tag\">Bloque inferior - 2<\/a>","tag_info":"Bloque inferior - 2","comment_count":"0","_links":{"self":[{"href":"https:\/\/infoecos.com.ar\/index.php\/wp-json\/wp\/v2\/posts\/99961"}],"collection":[{"href":"https:\/\/infoecos.com.ar\/index.php\/wp-json\/wp\/v2\/posts"}],"about":[{"href":"https:\/\/infoecos.com.ar\/index.php\/wp-json\/wp\/v2\/types\/post"}],"author":[{"embeddable":true,"href":"https:\/\/infoecos.com.ar\/index.php\/wp-json\/wp\/v2\/users\/2"}],"replies":[{"embeddable":true,"href":"https:\/\/infoecos.com.ar\/index.php\/wp-json\/wp\/v2\/comments?post=99961"}],"version-history":[{"count":2,"href":"https:\/\/infoecos.com.ar\/index.php\/wp-json\/wp\/v2\/posts\/99961\/revisions"}],"predecessor-version":[{"id":100082,"href":"https:\/\/infoecos.com.ar\/index.php\/wp-json\/wp\/v2\/posts\/99961\/revisions\/100082"}],"wp:featuredmedia":[{"embeddable":true,"href":"https:\/\/infoecos.com.ar\/index.php\/wp-json\/wp\/v2\/media\/99964"}],"wp:attachment":[{"href":"https:\/\/infoecos.com.ar\/index.php\/wp-json\/wp\/v2\/media?parent=99961"}],"wp:term":[{"taxonomy":"category","embeddable":true,"href":"https:\/\/infoecos.com.ar\/index.php\/wp-json\/wp\/v2\/categories?post=99961"},{"taxonomy":"post_tag","embeddable":true,"href":"https:\/\/infoecos.com.ar\/index.php\/wp-json\/wp\/v2\/tags?post=99961"}],"curies":[{"name":"wp","href":"https:\/\/api.w.org\/{rel}","templated":true}]}}