{"id":99983,"date":"2023-01-13T10:29:05","date_gmt":"2023-01-13T13:29:05","guid":{"rendered":"https:\/\/infoecos.com.ar\/?p=99983"},"modified":"2023-01-13T10:29:06","modified_gmt":"2023-01-13T13:29:06","slug":"esta-sabado-primera-fecha-del-ciclo-trenque-baila-en-carnaval","status":"publish","type":"post","link":"https:\/\/infoecos.com.ar\/index.php\/esta-sabado-primera-fecha-del-ciclo-trenque-baila-en-carnaval\/","title":{"rendered":"Esta s\u00e1bado primera fecha del ciclo \u00abTrenque baila en Carnaval\u00bb"},"content":{"rendered":"\n<p>Este s\u00e1bado tendr\u00e1 lugar la primera fecha del ciclo <em>\u201cTrenque baila en Carnaval<\/em>\u201d, que organizado por la direcci\u00f3n de Cultura y Educaci\u00f3n municipal ofrecer\u00e1 una variedad de grupos y artistas de distintos g\u00e9neros musicales.<\/p>\n\n\n\n<figure class=\"wp-block-image aligncenter size-full is-resized\"><img loading=\"lazy\" decoding=\"async\" src=\"https:\/\/infoecos.com.ar\/wp-content\/uploads\/2023\/01\/musicaestya-1.jpg\" alt=\"\" class=\"wp-image-99984\" width=\"651\" height=\"651\" srcset=\"https:\/\/infoecos.com.ar\/wp-content\/uploads\/2023\/01\/musicaestya-1.jpg 843w, https:\/\/infoecos.com.ar\/wp-content\/uploads\/2023\/01\/musicaestya-1-800x800.jpg 800w, https:\/\/infoecos.com.ar\/wp-content\/uploads\/2023\/01\/musicaestya-1-768x768.jpg 768w\" sizes=\"(max-width: 651px) 100vw, 651px\" \/><\/figure>\n\n\n\n<p>Tambi\u00e9n para el s\u00e1bado 28 de enero desde las 21 se anuncia el espect\u00e1culo \u201c<em>Una noche de Rock en el Skatepark<\/em>\u201d.<\/p>\n\n\n\n<p>La actividad de carnaval se desarrollar\u00e1 desde las 20 frente al Palacio Municipal y ya est\u00e1n confirmados los artistas:<\/p>\n\n\n\n<p>Los Reyes del Cuarteto.<\/p>\n\n\n\n<p>Los Parranderos.<\/p>\n\n\n\n<p>\u201cChecho\u201d Fontana.<\/p>\n\n\n\n<p>Freddy.<\/p>\n\n\n\n<p>Comparsa Hijos del Cielo.<\/p>\n\n\n\n<p>Comparsa Bater\u00eda Do\u00f1a Norma.<\/p>\n","protected":false},"excerpt":{"rendered":"<p>Organizado por la direcci\u00f3n de Cultura y Educaci\u00f3n municipal<\/p>\n","protected":false},"author":2,"featured_media":99979,"comment_status":"closed","ping_status":"open","sticky":false,"template":"","format":"standard","meta":{"footnotes":""},"categories":[28],"tags":[7088],"class_list":["post-99983","post","type-post","status-publish","format-standard","has-post-thumbnail","hentry","category-c1nota1","tag-desde-las-20-30"],"yoast_head":"<!-- This site is optimized with the Yoast SEO plugin v23.4 - https:\/\/yoast.com\/wordpress\/plugins\/seo\/ -->\n<title>Esta s\u00e1bado primera fecha del ciclo &quot;Trenque baila en Carnaval&quot; - Infoecos<\/title>\n<meta name=\"robots\" content=\"index, follow, max-snippet:-1, max-image-preview:large, max-video-preview:-1\" \/>\n<link rel=\"canonical\" href=\"https:\/\/infoecos.com.ar\/index.php\/esta-sabado-primera-fecha-del-ciclo-trenque-baila-en-carnaval\/\" \/>\n<meta property=\"og:locale\" content=\"es_ES\" \/>\n<meta property=\"og:type\" content=\"article\" \/>\n<meta property=\"og:title\" content=\"Esta s\u00e1bado primera fecha del ciclo &quot;Trenque baila en Carnaval&quot; - Infoecos\" \/>\n<meta property=\"og:description\" content=\"Organizado por la direcci\u00f3n de Cultura y Educaci\u00f3n municipal\" \/>\n<meta property=\"og:url\" content=\"https:\/\/infoecos.com.ar\/index.php\/esta-sabado-primera-fecha-del-ciclo-trenque-baila-en-carnaval\/\" \/>\n<meta property=\"og:site_name\" content=\"Infoecos\" \/>\n<meta property=\"article:publisher\" content=\"https:\/\/www.facebook.com\/profile.php?id=100063200290284\" \/>\n<meta property=\"article:published_time\" content=\"2023-01-13T13:29:05+00:00\" \/>\n<meta property=\"article:modified_time\" content=\"2023-01-13T13:29:06+00:00\" \/>\n<meta property=\"og:image\" content=\"https:\/\/infoecos.com.ar\/wp-content\/uploads\/2023\/01\/musicaestya.jpg\" \/>\n\t<meta property=\"og:image:width\" content=\"843\" \/>\n\t<meta property=\"og:image:height\" content=\"843\" \/>\n\t<meta property=\"og:image:type\" content=\"image\/jpeg\" \/>\n<meta name=\"author\" content=\"Jorge Matheus\" \/>\n<meta name=\"twitter:card\" content=\"summary_large_image\" \/>\n<meta name=\"twitter:creator\" content=\"@infoecos\" \/>\n<meta name=\"twitter:site\" content=\"@infoecos\" \/>\n<meta name=\"twitter:label1\" content=\"Escrito por\" \/>\n\t<meta name=\"twitter:data1\" content=\"Jorge Matheus\" \/>\n\t<meta name=\"twitter:label2\" content=\"Tiempo de lectura\" \/>\n\t<meta name=\"twitter:data2\" content=\"1 minuto\" \/>\n<script type=\"application\/ld+json\" class=\"yoast-schema-graph\">{\"@context\":\"https:\/\/schema.org\",\"@graph\":[{\"@type\":\"Article\",\"@id\":\"https:\/\/infoecos.com.ar\/index.php\/esta-sabado-primera-fecha-del-ciclo-trenque-baila-en-carnaval\/#article\",\"isPartOf\":{\"@id\":\"https:\/\/infoecos.com.ar\/index.php\/esta-sabado-primera-fecha-del-ciclo-trenque-baila-en-carnaval\/\"},\"author\":{\"name\":\"Jorge Matheus\",\"@id\":\"https:\/\/infoecos.com.ar\/#\/schema\/person\/8f5ace5ce73b4b4aac4b7245aee6f191\"},\"headline\":\"Esta s\u00e1bado primera fecha del ciclo \u00abTrenque baila en Carnaval\u00bb\",\"datePublished\":\"2023-01-13T13:29:05+00:00\",\"dateModified\":\"2023-01-13T13:29:06+00:00\",\"mainEntityOfPage\":{\"@id\":\"https:\/\/infoecos.com.ar\/index.php\/esta-sabado-primera-fecha-del-ciclo-trenque-baila-en-carnaval\/\"},\"wordCount\":109,\"publisher\":{\"@id\":\"https:\/\/infoecos.com.ar\/#organization\"},\"image\":{\"@id\":\"https:\/\/infoecos.com.ar\/index.php\/esta-sabado-primera-fecha-del-ciclo-trenque-baila-en-carnaval\/#primaryimage\"},\"thumbnailUrl\":\"https:\/\/infoecos.com.ar\/wp-content\/uploads\/2023\/01\/musicaestya.jpg\",\"keywords\":[\"DESDE LAS 20.30\"],\"articleSection\":[\"C1 N1\"],\"inLanguage\":\"es\"},{\"@type\":\"WebPage\",\"@id\":\"https:\/\/infoecos.com.ar\/index.php\/esta-sabado-primera-fecha-del-ciclo-trenque-baila-en-carnaval\/\",\"url\":\"https:\/\/infoecos.com.ar\/index.php\/esta-sabado-primera-fecha-del-ciclo-trenque-baila-en-carnaval\/\",\"name\":\"Esta s\u00e1bado primera fecha del ciclo \\\"Trenque baila en Carnaval\\\" - Infoecos\",\"isPartOf\":{\"@id\":\"https:\/\/infoecos.com.ar\/#website\"},\"primaryImageOfPage\":{\"@id\":\"https:\/\/infoecos.com.ar\/index.php\/esta-sabado-primera-fecha-del-ciclo-trenque-baila-en-carnaval\/#primaryimage\"},\"image\":{\"@id\":\"https:\/\/infoecos.com.ar\/index.php\/esta-sabado-primera-fecha-del-ciclo-trenque-baila-en-carnaval\/#primaryimage\"},\"thumbnailUrl\":\"https:\/\/infoecos.com.ar\/wp-content\/uploads\/2023\/01\/musicaestya.jpg\",\"datePublished\":\"2023-01-13T13:29:05+00:00\",\"dateModified\":\"2023-01-13T13:29:06+00:00\",\"breadcrumb\":{\"@id\":\"https:\/\/infoecos.com.ar\/index.php\/esta-sabado-primera-fecha-del-ciclo-trenque-baila-en-carnaval\/#breadcrumb\"},\"inLanguage\":\"es\",\"potentialAction\":[{\"@type\":\"ReadAction\",\"target\":[\"https:\/\/infoecos.com.ar\/index.php\/esta-sabado-primera-fecha-del-ciclo-trenque-baila-en-carnaval\/\"]}]},{\"@type\":\"ImageObject\",\"inLanguage\":\"es\",\"@id\":\"https:\/\/infoecos.com.ar\/index.php\/esta-sabado-primera-fecha-del-ciclo-trenque-baila-en-carnaval\/#primaryimage\",\"url\":\"https:\/\/infoecos.com.ar\/wp-content\/uploads\/2023\/01\/musicaestya.jpg\",\"contentUrl\":\"https:\/\/infoecos.com.ar\/wp-content\/uploads\/2023\/01\/musicaestya.jpg\",\"width\":843,\"height\":843},{\"@type\":\"BreadcrumbList\",\"@id\":\"https:\/\/infoecos.com.ar\/index.php\/esta-sabado-primera-fecha-del-ciclo-trenque-baila-en-carnaval\/#breadcrumb\",\"itemListElement\":[{\"@type\":\"ListItem\",\"position\":1,\"name\":\"Portada\",\"item\":\"https:\/\/infoecos.com.ar\/\"},{\"@type\":\"ListItem\",\"position\":2,\"name\":\"Esta s\u00e1bado primera fecha del ciclo \u00abTrenque baila en Carnaval\u00bb\"}]},{\"@type\":\"WebSite\",\"@id\":\"https:\/\/infoecos.com.ar\/#website\",\"url\":\"https:\/\/infoecos.com.ar\/\",\"name\":\"Infoecos\",\"description\":\"Noticias de trenque lauquen y la zona\",\"publisher\":{\"@id\":\"https:\/\/infoecos.com.ar\/#organization\"},\"alternateName\":\"Noticias\",\"potentialAction\":[{\"@type\":\"SearchAction\",\"target\":{\"@type\":\"EntryPoint\",\"urlTemplate\":\"https:\/\/infoecos.com.ar\/?s={search_term_string}\"},\"query-input\":{\"@type\":\"PropertyValueSpecification\",\"valueRequired\":true,\"valueName\":\"search_term_string\"}}],\"inLanguage\":\"es\"},{\"@type\":\"Organization\",\"@id\":\"https:\/\/infoecos.com.ar\/#organization\",\"name\":\"Infoecos\",\"alternateName\":\"Noticias\",\"url\":\"https:\/\/infoecos.com.ar\/\",\"logo\":{\"@type\":\"ImageObject\",\"inLanguage\":\"es\",\"@id\":\"https:\/\/infoecos.com.ar\/#\/schema\/logo\/image\/\",\"url\":\"https:\/\/infoecos.com.ar\/wp-content\/uploads\/2024\/03\/cropped-logo.png\",\"contentUrl\":\"https:\/\/infoecos.com.ar\/wp-content\/uploads\/2024\/03\/cropped-logo.png\",\"width\":374,\"height\":90,\"caption\":\"Infoecos\"},\"image\":{\"@id\":\"https:\/\/infoecos.com.ar\/#\/schema\/logo\/image\/\"},\"sameAs\":[\"https:\/\/www.facebook.com\/profile.php?id=100063200290284\",\"https:\/\/x.com\/infoecos\"]},{\"@type\":\"Person\",\"@id\":\"https:\/\/infoecos.com.ar\/#\/schema\/person\/8f5ace5ce73b4b4aac4b7245aee6f191\",\"name\":\"Jorge Matheus\",\"url\":\"https:\/\/infoecos.com.ar\/index.php\/author\/jomatheus\/\"}]}<\/script>\n<!-- \/ Yoast SEO plugin. -->","yoast_head_json":{"title":"Esta s\u00e1bado primera fecha del ciclo \"Trenque baila en Carnaval\" - Infoecos","robots":{"index":"index","follow":"follow","max-snippet":"max-snippet:-1","max-image-preview":"max-image-preview:large","max-video-preview":"max-video-preview:-1"},"canonical":"https:\/\/infoecos.com.ar\/index.php\/esta-sabado-primera-fecha-del-ciclo-trenque-baila-en-carnaval\/","og_locale":"es_ES","og_type":"article","og_title":"Esta s\u00e1bado primera fecha del ciclo \"Trenque baila en Carnaval\" - Infoecos","og_description":"Organizado por la direcci\u00f3n de Cultura y Educaci\u00f3n municipal","og_url":"https:\/\/infoecos.com.ar\/index.php\/esta-sabado-primera-fecha-del-ciclo-trenque-baila-en-carnaval\/","og_site_name":"Infoecos","article_publisher":"https:\/\/www.facebook.com\/profile.php?id=100063200290284","article_published_time":"2023-01-13T13:29:05+00:00","article_modified_time":"2023-01-13T13:29:06+00:00","og_image":[{"width":843,"height":843,"url":"https:\/\/infoecos.com.ar\/wp-content\/uploads\/2023\/01\/musicaestya.jpg","type":"image\/jpeg"}],"author":"Jorge Matheus","twitter_card":"summary_large_image","twitter_creator":"@infoecos","twitter_site":"@infoecos","twitter_misc":{"Escrito por":"Jorge Matheus","Tiempo de lectura":"1 minuto"},"schema":{"@context":"https:\/\/schema.org","@graph":[{"@type":"Article","@id":"https:\/\/infoecos.com.ar\/index.php\/esta-sabado-primera-fecha-del-ciclo-trenque-baila-en-carnaval\/#article","isPartOf":{"@id":"https:\/\/infoecos.com.ar\/index.php\/esta-sabado-primera-fecha-del-ciclo-trenque-baila-en-carnaval\/"},"author":{"name":"Jorge Matheus","@id":"https:\/\/infoecos.com.ar\/#\/schema\/person\/8f5ace5ce73b4b4aac4b7245aee6f191"},"headline":"Esta s\u00e1bado primera fecha del ciclo \u00abTrenque baila en Carnaval\u00bb","datePublished":"2023-01-13T13:29:05+00:00","dateModified":"2023-01-13T13:29:06+00:00","mainEntityOfPage":{"@id":"https:\/\/infoecos.com.ar\/index.php\/esta-sabado-primera-fecha-del-ciclo-trenque-baila-en-carnaval\/"},"wordCount":109,"publisher":{"@id":"https:\/\/infoecos.com.ar\/#organization"},"image":{"@id":"https:\/\/infoecos.com.ar\/index.php\/esta-sabado-primera-fecha-del-ciclo-trenque-baila-en-carnaval\/#primaryimage"},"thumbnailUrl":"https:\/\/infoecos.com.ar\/wp-content\/uploads\/2023\/01\/musicaestya.jpg","keywords":["DESDE LAS 20.30"],"articleSection":["C1 N1"],"inLanguage":"es"},{"@type":"WebPage","@id":"https:\/\/infoecos.com.ar\/index.php\/esta-sabado-primera-fecha-del-ciclo-trenque-baila-en-carnaval\/","url":"https:\/\/infoecos.com.ar\/index.php\/esta-sabado-primera-fecha-del-ciclo-trenque-baila-en-carnaval\/","name":"Esta s\u00e1bado primera fecha del ciclo \"Trenque baila en Carnaval\" - Infoecos","isPartOf":{"@id":"https:\/\/infoecos.com.ar\/#website"},"primaryImageOfPage":{"@id":"https:\/\/infoecos.com.ar\/index.php\/esta-sabado-primera-fecha-del-ciclo-trenque-baila-en-carnaval\/#primaryimage"},"image":{"@id":"https:\/\/infoecos.com.ar\/index.php\/esta-sabado-primera-fecha-del-ciclo-trenque-baila-en-carnaval\/#primaryimage"},"thumbnailUrl":"https:\/\/infoecos.com.ar\/wp-content\/uploads\/2023\/01\/musicaestya.jpg","datePublished":"2023-01-13T13:29:05+00:00","dateModified":"2023-01-13T13:29:06+00:00","breadcrumb":{"@id":"https:\/\/infoecos.com.ar\/index.php\/esta-sabado-primera-fecha-del-ciclo-trenque-baila-en-carnaval\/#breadcrumb"},"inLanguage":"es","potentialAction":[{"@type":"ReadAction","target":["https:\/\/infoecos.com.ar\/index.php\/esta-sabado-primera-fecha-del-ciclo-trenque-baila-en-carnaval\/"]}]},{"@type":"ImageObject","inLanguage":"es","@id":"https:\/\/infoecos.com.ar\/index.php\/esta-sabado-primera-fecha-del-ciclo-trenque-baila-en-carnaval\/#primaryimage","url":"https:\/\/infoecos.com.ar\/wp-content\/uploads\/2023\/01\/musicaestya.jpg","contentUrl":"https:\/\/infoecos.com.ar\/wp-content\/uploads\/2023\/01\/musicaestya.jpg","width":843,"height":843},{"@type":"BreadcrumbList","@id":"https:\/\/infoecos.com.ar\/index.php\/esta-sabado-primera-fecha-del-ciclo-trenque-baila-en-carnaval\/#breadcrumb","itemListElement":[{"@type":"ListItem","position":1,"name":"Portada","item":"https:\/\/infoecos.com.ar\/"},{"@type":"ListItem","position":2,"name":"Esta s\u00e1bado primera fecha del ciclo \u00abTrenque baila en Carnaval\u00bb"}]},{"@type":"WebSite","@id":"https:\/\/infoecos.com.ar\/#website","url":"https:\/\/infoecos.com.ar\/","name":"Infoecos","description":"Noticias de trenque lauquen y la zona","publisher":{"@id":"https:\/\/infoecos.com.ar\/#organization"},"alternateName":"Noticias","potentialAction":[{"@type":"SearchAction","target":{"@type":"EntryPoint","urlTemplate":"https:\/\/infoecos.com.ar\/?s={search_term_string}"},"query-input":{"@type":"PropertyValueSpecification","valueRequired":true,"valueName":"search_term_string"}}],"inLanguage":"es"},{"@type":"Organization","@id":"https:\/\/infoecos.com.ar\/#organization","name":"Infoecos","alternateName":"Noticias","url":"https:\/\/infoecos.com.ar\/","logo":{"@type":"ImageObject","inLanguage":"es","@id":"https:\/\/infoecos.com.ar\/#\/schema\/logo\/image\/","url":"https:\/\/infoecos.com.ar\/wp-content\/uploads\/2024\/03\/cropped-logo.png","contentUrl":"https:\/\/infoecos.com.ar\/wp-content\/uploads\/2024\/03\/cropped-logo.png","width":374,"height":90,"caption":"Infoecos"},"image":{"@id":"https:\/\/infoecos.com.ar\/#\/schema\/logo\/image\/"},"sameAs":["https:\/\/www.facebook.com\/profile.php?id=100063200290284","https:\/\/x.com\/infoecos"]},{"@type":"Person","@id":"https:\/\/infoecos.com.ar\/#\/schema\/person\/8f5ace5ce73b4b4aac4b7245aee6f191","name":"Jorge Matheus","url":"https:\/\/infoecos.com.ar\/index.php\/author\/jomatheus\/"}]}},"featured_image_urls":{"full":["https:\/\/infoecos.com.ar\/wp-content\/uploads\/2023\/01\/musicaestya.jpg",843,843,false],"thumbnail":["https:\/\/infoecos.com.ar\/wp-content\/uploads\/2023\/01\/musicaestya-300x150.jpg",300,150,true],"medium":["https:\/\/infoecos.com.ar\/wp-content\/uploads\/2023\/01\/musicaestya-800x800.jpg",800,800,true],"medium_large":["https:\/\/infoecos.com.ar\/wp-content\/uploads\/2023\/01\/musicaestya-768x768.jpg",640,640,true],"large":["https:\/\/infoecos.com.ar\/wp-content\/uploads\/2023\/01\/musicaestya.jpg",640,640,false],"1536x1536":["https:\/\/infoecos.com.ar\/wp-content\/uploads\/2023\/01\/musicaestya.jpg",843,843,false],"2048x2048":["https:\/\/infoecos.com.ar\/wp-content\/uploads\/2023\/01\/musicaestya.jpg",843,843,false],"covernews-slider-full":["https:\/\/infoecos.com.ar\/wp-content\/uploads\/2023\/01\/musicaestya.jpg",715,715,false],"covernews-slider-center":["https:\/\/infoecos.com.ar\/wp-content\/uploads\/2023\/01\/musicaestya.jpg",500,500,false],"covernews-featured":["https:\/\/infoecos.com.ar\/wp-content\/uploads\/2023\/01\/musicaestya.jpg",843,843,false],"covernews-medium":["https:\/\/infoecos.com.ar\/wp-content\/uploads\/2023\/01\/musicaestya-720x380.jpg",540,285,true],"covernews-medium-square":["https:\/\/infoecos.com.ar\/wp-content\/uploads\/2023\/01\/musicaestya-675x450.jpg",375,250,true]},"author_info":{"info":["Jorge Matheus"]},"category_info":"<a href=\"https:\/\/infoecos.com.ar\/index.php\/category\/c1nota1\/\" rel=\"category tag\">C1 N1<\/a>","tag_info":"C1 N1","comment_count":"0","_links":{"self":[{"href":"https:\/\/infoecos.com.ar\/index.php\/wp-json\/wp\/v2\/posts\/99983"}],"collection":[{"href":"https:\/\/infoecos.com.ar\/index.php\/wp-json\/wp\/v2\/posts"}],"about":[{"href":"https:\/\/infoecos.com.ar\/index.php\/wp-json\/wp\/v2\/types\/post"}],"author":[{"embeddable":true,"href":"https:\/\/infoecos.com.ar\/index.php\/wp-json\/wp\/v2\/users\/2"}],"replies":[{"embeddable":true,"href":"https:\/\/infoecos.com.ar\/index.php\/wp-json\/wp\/v2\/comments?post=99983"}],"version-history":[{"count":1,"href":"https:\/\/infoecos.com.ar\/index.php\/wp-json\/wp\/v2\/posts\/99983\/revisions"}],"predecessor-version":[{"id":99985,"href":"https:\/\/infoecos.com.ar\/index.php\/wp-json\/wp\/v2\/posts\/99983\/revisions\/99985"}],"wp:featuredmedia":[{"embeddable":true,"href":"https:\/\/infoecos.com.ar\/index.php\/wp-json\/wp\/v2\/media\/99979"}],"wp:attachment":[{"href":"https:\/\/infoecos.com.ar\/index.php\/wp-json\/wp\/v2\/media?parent=99983"}],"wp:term":[{"taxonomy":"category","embeddable":true,"href":"https:\/\/infoecos.com.ar\/index.php\/wp-json\/wp\/v2\/categories?post=99983"},{"taxonomy":"post_tag","embeddable":true,"href":"https:\/\/infoecos.com.ar\/index.php\/wp-json\/wp\/v2\/tags?post=99983"}],"curies":[{"name":"wp","href":"https:\/\/api.w.org\/{rel}","templated":true}]}}