{"id":99998,"date":"2023-01-14T01:44:48","date_gmt":"2023-01-14T04:44:48","guid":{"rendered":"https:\/\/infoecos.com.ar\/?p=99998"},"modified":"2023-01-17T01:23:39","modified_gmt":"2023-01-17T04:23:39","slug":"lesiono-a-su-concubina-y-dos-hijas-se-autoflagelo-y-luego-fue-detenido-por-la-policia","status":"publish","type":"post","link":"https:\/\/infoecos.com.ar\/index.php\/lesiono-a-su-concubina-y-dos-hijas-se-autoflagelo-y-luego-fue-detenido-por-la-policia\/","title":{"rendered":"Lesion\u00f3 a su concubina y dos hijas, se autoflagel\u00f3 y luego fue detenido por la Polic\u00eda"},"content":{"rendered":"\n<p>Un hombre de 31 a\u00f1os de edad golpe\u00f3 ferozmente a su concubina y a dos de sus hijastras, lesion\u00e1ndolas, para posteriormente atrincherarse solo en su vivienda, en un barrio de Berutti.<\/p>\n\n\n\n<p>Por la informaci\u00f3n obtenida se pudo saber que con un cuchillo comenz\u00f3 a autolesionarse amenazando con quitarse la vida. <\/p>\n\n\n\n<figure class=\"wp-block-image aligncenter size-full is-resized\"><img loading=\"lazy\" decoding=\"async\" src=\"https:\/\/infoecos.com.ar\/wp-content\/uploads\/2023\/01\/image-51.png\" alt=\"\" class=\"wp-image-99999\" width=\"538\" height=\"717\" srcset=\"https:\/\/infoecos.com.ar\/wp-content\/uploads\/2023\/01\/image-51.png 960w, https:\/\/infoecos.com.ar\/wp-content\/uploads\/2023\/01\/image-51-600x800.png 600w, https:\/\/infoecos.com.ar\/wp-content\/uploads\/2023\/01\/image-51-768x1024.png 768w\" sizes=\"(max-width: 538px) 100vw, 538px\" \/><\/figure>\n\n\n\n<p>Concurri\u00f3 inicialmente al lugar personal policial de Berutti y una ambulancia. Se constituyeron el Jefe Departamental, Marco Antonio Arregui junto al Jefe de la Comisar\u00eda 1ra. Diego Ghinzani, m\u00e1s efectivos, e integrantes de la Patrulla Rural. <\/p>\n\n\n\n<p>Los m\u00e1ximos responsables del \u00e1rea de seguridad, Arregui, Ghinzani y Ramiro Ch\u00e1ves, \u00e9ste \u00faltimo Jefe del Destacamento de Beruti, dialogaron durante m\u00e1s de dos horas con la persona que estaba fuera de sus cabales, a los fines de lograr desistiera de su actitud y entregara el cuchillo. En todo momento amenaz\u00f3 con a los efectivos de atacarlos si ingresaban para detenerlo. Contin\u00fao autoflagel\u00e1ndose lo que le provoc\u00f3 cortes en sus brazos, cuello y pecho. Afil\u00f3 continuamente el cuchillo en una piedra. Fuentes cercanas a la polic\u00eda indicaron que la \u00abescena result\u00f3 muy impactante\u00bb. Los funcionarios policiales lo intentaron persuadir desde la puerte de ingreso, mientras que \u00e9l se encontraba en el comedor de la viviendas. Lograron sujetarlo y reducirlo cuando tuvo una distracci\u00f3n. <\/p>\n\n\n\n<p>Fue trasladado al Hospital de Trenque Lauquen en una ambulancia, a los fines de suturarle las heridas. Qued\u00f3 internado en car\u00e1cter de aprehendido por los delitos de lesiones, resistencia a la autoridad, da\u00f1o y amenazas calificadas. El hombre en cuesti\u00f3n, cuya identidad no se dio a conocer, va a ser evaluado psiqui\u00e1tricamente. Los familiares del agresor tuvieron la asistencia de personal perteneciente a la Comisar\u00eda de la Mujer. <\/p>\n","protected":false},"excerpt":{"rendered":"<p>Concurri\u00f3 inicialmente al lugar personal policial de Berutti y una ambulancia. Se constituyeron el Jefe Departamental, Marco Antonio Arregui junto al Jefe de la Comisar\u00eda 1ra. Diego Ghinzani, m\u00e1s efectivos, e integrantes de la Patrulla Rural<\/p>\n","protected":false},"author":2,"featured_media":99999,"comment_status":"closed","ping_status":"open","sticky":false,"template":"","format":"standard","meta":{"footnotes":""},"categories":[50],"tags":[7091],"class_list":["post-99998","post","type-post","status-publish","format-standard","has-post-thumbnail","hentry","category-c1nota4","tag-beruti-inusual-hecho-de-violencia"],"yoast_head":"<!-- This site is optimized with the Yoast SEO plugin v23.4 - https:\/\/yoast.com\/wordpress\/plugins\/seo\/ -->\n<title>Lesion\u00f3 a su concubina y dos hijas, se autoflagel\u00f3 y luego fue detenido por la Polic\u00eda - Infoecos<\/title>\n<meta name=\"robots\" content=\"index, follow, max-snippet:-1, max-image-preview:large, max-video-preview:-1\" \/>\n<link rel=\"canonical\" href=\"https:\/\/infoecos.com.ar\/index.php\/lesiono-a-su-concubina-y-dos-hijas-se-autoflagelo-y-luego-fue-detenido-por-la-policia\/\" \/>\n<meta property=\"og:locale\" content=\"es_ES\" \/>\n<meta property=\"og:type\" content=\"article\" \/>\n<meta property=\"og:title\" content=\"Lesion\u00f3 a su concubina y dos hijas, se autoflagel\u00f3 y luego fue detenido por la Polic\u00eda - Infoecos\" \/>\n<meta property=\"og:description\" content=\"Concurri\u00f3 inicialmente al lugar personal policial de Berutti y una ambulancia. Se constituyeron el Jefe Departamental, Marco Antonio Arregui junto al Jefe de la Comisar\u00eda 1ra. Diego Ghinzani, m\u00e1s efectivos, e integrantes de la Patrulla Rural\" \/>\n<meta property=\"og:url\" content=\"https:\/\/infoecos.com.ar\/index.php\/lesiono-a-su-concubina-y-dos-hijas-se-autoflagelo-y-luego-fue-detenido-por-la-policia\/\" \/>\n<meta property=\"og:site_name\" content=\"Infoecos\" \/>\n<meta property=\"article:publisher\" content=\"https:\/\/www.facebook.com\/profile.php?id=100063200290284\" \/>\n<meta property=\"article:published_time\" content=\"2023-01-14T04:44:48+00:00\" \/>\n<meta property=\"article:modified_time\" content=\"2023-01-17T04:23:39+00:00\" \/>\n<meta property=\"og:image\" content=\"https:\/\/infoecos.com.ar\/wp-content\/uploads\/2023\/01\/image-51.png\" \/>\n\t<meta property=\"og:image:width\" content=\"960\" \/>\n\t<meta property=\"og:image:height\" content=\"1280\" \/>\n\t<meta property=\"og:image:type\" content=\"image\/png\" \/>\n<meta name=\"author\" content=\"Jorge Matheus\" \/>\n<meta name=\"twitter:card\" content=\"summary_large_image\" \/>\n<meta name=\"twitter:creator\" content=\"@infoecos\" \/>\n<meta name=\"twitter:site\" content=\"@infoecos\" \/>\n<meta name=\"twitter:label1\" content=\"Escrito por\" \/>\n\t<meta name=\"twitter:data1\" content=\"Jorge Matheus\" \/>\n\t<meta name=\"twitter:label2\" content=\"Tiempo de lectura\" \/>\n\t<meta name=\"twitter:data2\" content=\"2 minutos\" \/>\n<script type=\"application\/ld+json\" class=\"yoast-schema-graph\">{\"@context\":\"https:\/\/schema.org\",\"@graph\":[{\"@type\":\"Article\",\"@id\":\"https:\/\/infoecos.com.ar\/index.php\/lesiono-a-su-concubina-y-dos-hijas-se-autoflagelo-y-luego-fue-detenido-por-la-policia\/#article\",\"isPartOf\":{\"@id\":\"https:\/\/infoecos.com.ar\/index.php\/lesiono-a-su-concubina-y-dos-hijas-se-autoflagelo-y-luego-fue-detenido-por-la-policia\/\"},\"author\":{\"name\":\"Jorge Matheus\",\"@id\":\"https:\/\/infoecos.com.ar\/#\/schema\/person\/8f5ace5ce73b4b4aac4b7245aee6f191\"},\"headline\":\"Lesion\u00f3 a su concubina y dos hijas, se autoflagel\u00f3 y luego fue detenido por la Polic\u00eda\",\"datePublished\":\"2023-01-14T04:44:48+00:00\",\"dateModified\":\"2023-01-17T04:23:39+00:00\",\"mainEntityOfPage\":{\"@id\":\"https:\/\/infoecos.com.ar\/index.php\/lesiono-a-su-concubina-y-dos-hijas-se-autoflagelo-y-luego-fue-detenido-por-la-policia\/\"},\"wordCount\":310,\"publisher\":{\"@id\":\"https:\/\/infoecos.com.ar\/#organization\"},\"image\":{\"@id\":\"https:\/\/infoecos.com.ar\/index.php\/lesiono-a-su-concubina-y-dos-hijas-se-autoflagelo-y-luego-fue-detenido-por-la-policia\/#primaryimage\"},\"thumbnailUrl\":\"https:\/\/infoecos.com.ar\/wp-content\/uploads\/2023\/01\/image-51.png\",\"keywords\":[\"Beruti: inusual hecho de violencia\"],\"articleSection\":[\"C1 N4\"],\"inLanguage\":\"es\"},{\"@type\":\"WebPage\",\"@id\":\"https:\/\/infoecos.com.ar\/index.php\/lesiono-a-su-concubina-y-dos-hijas-se-autoflagelo-y-luego-fue-detenido-por-la-policia\/\",\"url\":\"https:\/\/infoecos.com.ar\/index.php\/lesiono-a-su-concubina-y-dos-hijas-se-autoflagelo-y-luego-fue-detenido-por-la-policia\/\",\"name\":\"Lesion\u00f3 a su concubina y dos hijas, se autoflagel\u00f3 y luego fue detenido por la Polic\u00eda - Infoecos\",\"isPartOf\":{\"@id\":\"https:\/\/infoecos.com.ar\/#website\"},\"primaryImageOfPage\":{\"@id\":\"https:\/\/infoecos.com.ar\/index.php\/lesiono-a-su-concubina-y-dos-hijas-se-autoflagelo-y-luego-fue-detenido-por-la-policia\/#primaryimage\"},\"image\":{\"@id\":\"https:\/\/infoecos.com.ar\/index.php\/lesiono-a-su-concubina-y-dos-hijas-se-autoflagelo-y-luego-fue-detenido-por-la-policia\/#primaryimage\"},\"thumbnailUrl\":\"https:\/\/infoecos.com.ar\/wp-content\/uploads\/2023\/01\/image-51.png\",\"datePublished\":\"2023-01-14T04:44:48+00:00\",\"dateModified\":\"2023-01-17T04:23:39+00:00\",\"breadcrumb\":{\"@id\":\"https:\/\/infoecos.com.ar\/index.php\/lesiono-a-su-concubina-y-dos-hijas-se-autoflagelo-y-luego-fue-detenido-por-la-policia\/#breadcrumb\"},\"inLanguage\":\"es\",\"potentialAction\":[{\"@type\":\"ReadAction\",\"target\":[\"https:\/\/infoecos.com.ar\/index.php\/lesiono-a-su-concubina-y-dos-hijas-se-autoflagelo-y-luego-fue-detenido-por-la-policia\/\"]}]},{\"@type\":\"ImageObject\",\"inLanguage\":\"es\",\"@id\":\"https:\/\/infoecos.com.ar\/index.php\/lesiono-a-su-concubina-y-dos-hijas-se-autoflagelo-y-luego-fue-detenido-por-la-policia\/#primaryimage\",\"url\":\"https:\/\/infoecos.com.ar\/wp-content\/uploads\/2023\/01\/image-51.png\",\"contentUrl\":\"https:\/\/infoecos.com.ar\/wp-content\/uploads\/2023\/01\/image-51.png\",\"width\":960,\"height\":1280},{\"@type\":\"BreadcrumbList\",\"@id\":\"https:\/\/infoecos.com.ar\/index.php\/lesiono-a-su-concubina-y-dos-hijas-se-autoflagelo-y-luego-fue-detenido-por-la-policia\/#breadcrumb\",\"itemListElement\":[{\"@type\":\"ListItem\",\"position\":1,\"name\":\"Portada\",\"item\":\"https:\/\/infoecos.com.ar\/\"},{\"@type\":\"ListItem\",\"position\":2,\"name\":\"Lesion\u00f3 a su concubina y dos hijas, se autoflagel\u00f3 y luego fue detenido por la Polic\u00eda\"}]},{\"@type\":\"WebSite\",\"@id\":\"https:\/\/infoecos.com.ar\/#website\",\"url\":\"https:\/\/infoecos.com.ar\/\",\"name\":\"Infoecos\",\"description\":\"Noticias de trenque lauquen y la zona\",\"publisher\":{\"@id\":\"https:\/\/infoecos.com.ar\/#organization\"},\"alternateName\":\"Noticias\",\"potentialAction\":[{\"@type\":\"SearchAction\",\"target\":{\"@type\":\"EntryPoint\",\"urlTemplate\":\"https:\/\/infoecos.com.ar\/?s={search_term_string}\"},\"query-input\":{\"@type\":\"PropertyValueSpecification\",\"valueRequired\":true,\"valueName\":\"search_term_string\"}}],\"inLanguage\":\"es\"},{\"@type\":\"Organization\",\"@id\":\"https:\/\/infoecos.com.ar\/#organization\",\"name\":\"Infoecos\",\"alternateName\":\"Noticias\",\"url\":\"https:\/\/infoecos.com.ar\/\",\"logo\":{\"@type\":\"ImageObject\",\"inLanguage\":\"es\",\"@id\":\"https:\/\/infoecos.com.ar\/#\/schema\/logo\/image\/\",\"url\":\"https:\/\/infoecos.com.ar\/wp-content\/uploads\/2024\/03\/cropped-logo.png\",\"contentUrl\":\"https:\/\/infoecos.com.ar\/wp-content\/uploads\/2024\/03\/cropped-logo.png\",\"width\":374,\"height\":90,\"caption\":\"Infoecos\"},\"image\":{\"@id\":\"https:\/\/infoecos.com.ar\/#\/schema\/logo\/image\/\"},\"sameAs\":[\"https:\/\/www.facebook.com\/profile.php?id=100063200290284\",\"https:\/\/x.com\/infoecos\"]},{\"@type\":\"Person\",\"@id\":\"https:\/\/infoecos.com.ar\/#\/schema\/person\/8f5ace5ce73b4b4aac4b7245aee6f191\",\"name\":\"Jorge Matheus\",\"url\":\"https:\/\/infoecos.com.ar\/index.php\/author\/jomatheus\/\"}]}<\/script>\n<!-- \/ Yoast SEO plugin. -->","yoast_head_json":{"title":"Lesion\u00f3 a su concubina y dos hijas, se autoflagel\u00f3 y luego fue detenido por la Polic\u00eda - Infoecos","robots":{"index":"index","follow":"follow","max-snippet":"max-snippet:-1","max-image-preview":"max-image-preview:large","max-video-preview":"max-video-preview:-1"},"canonical":"https:\/\/infoecos.com.ar\/index.php\/lesiono-a-su-concubina-y-dos-hijas-se-autoflagelo-y-luego-fue-detenido-por-la-policia\/","og_locale":"es_ES","og_type":"article","og_title":"Lesion\u00f3 a su concubina y dos hijas, se autoflagel\u00f3 y luego fue detenido por la Polic\u00eda - Infoecos","og_description":"Concurri\u00f3 inicialmente al lugar personal policial de Berutti y una ambulancia. Se constituyeron el Jefe Departamental, Marco Antonio Arregui junto al Jefe de la Comisar\u00eda 1ra. Diego Ghinzani, m\u00e1s efectivos, e integrantes de la Patrulla Rural","og_url":"https:\/\/infoecos.com.ar\/index.php\/lesiono-a-su-concubina-y-dos-hijas-se-autoflagelo-y-luego-fue-detenido-por-la-policia\/","og_site_name":"Infoecos","article_publisher":"https:\/\/www.facebook.com\/profile.php?id=100063200290284","article_published_time":"2023-01-14T04:44:48+00:00","article_modified_time":"2023-01-17T04:23:39+00:00","og_image":[{"width":960,"height":1280,"url":"https:\/\/infoecos.com.ar\/wp-content\/uploads\/2023\/01\/image-51.png","type":"image\/png"}],"author":"Jorge Matheus","twitter_card":"summary_large_image","twitter_creator":"@infoecos","twitter_site":"@infoecos","twitter_misc":{"Escrito por":"Jorge Matheus","Tiempo de lectura":"2 minutos"},"schema":{"@context":"https:\/\/schema.org","@graph":[{"@type":"Article","@id":"https:\/\/infoecos.com.ar\/index.php\/lesiono-a-su-concubina-y-dos-hijas-se-autoflagelo-y-luego-fue-detenido-por-la-policia\/#article","isPartOf":{"@id":"https:\/\/infoecos.com.ar\/index.php\/lesiono-a-su-concubina-y-dos-hijas-se-autoflagelo-y-luego-fue-detenido-por-la-policia\/"},"author":{"name":"Jorge Matheus","@id":"https:\/\/infoecos.com.ar\/#\/schema\/person\/8f5ace5ce73b4b4aac4b7245aee6f191"},"headline":"Lesion\u00f3 a su concubina y dos hijas, se autoflagel\u00f3 y luego fue detenido por la Polic\u00eda","datePublished":"2023-01-14T04:44:48+00:00","dateModified":"2023-01-17T04:23:39+00:00","mainEntityOfPage":{"@id":"https:\/\/infoecos.com.ar\/index.php\/lesiono-a-su-concubina-y-dos-hijas-se-autoflagelo-y-luego-fue-detenido-por-la-policia\/"},"wordCount":310,"publisher":{"@id":"https:\/\/infoecos.com.ar\/#organization"},"image":{"@id":"https:\/\/infoecos.com.ar\/index.php\/lesiono-a-su-concubina-y-dos-hijas-se-autoflagelo-y-luego-fue-detenido-por-la-policia\/#primaryimage"},"thumbnailUrl":"https:\/\/infoecos.com.ar\/wp-content\/uploads\/2023\/01\/image-51.png","keywords":["Beruti: inusual hecho de violencia"],"articleSection":["C1 N4"],"inLanguage":"es"},{"@type":"WebPage","@id":"https:\/\/infoecos.com.ar\/index.php\/lesiono-a-su-concubina-y-dos-hijas-se-autoflagelo-y-luego-fue-detenido-por-la-policia\/","url":"https:\/\/infoecos.com.ar\/index.php\/lesiono-a-su-concubina-y-dos-hijas-se-autoflagelo-y-luego-fue-detenido-por-la-policia\/","name":"Lesion\u00f3 a su concubina y dos hijas, se autoflagel\u00f3 y luego fue detenido por la Polic\u00eda - Infoecos","isPartOf":{"@id":"https:\/\/infoecos.com.ar\/#website"},"primaryImageOfPage":{"@id":"https:\/\/infoecos.com.ar\/index.php\/lesiono-a-su-concubina-y-dos-hijas-se-autoflagelo-y-luego-fue-detenido-por-la-policia\/#primaryimage"},"image":{"@id":"https:\/\/infoecos.com.ar\/index.php\/lesiono-a-su-concubina-y-dos-hijas-se-autoflagelo-y-luego-fue-detenido-por-la-policia\/#primaryimage"},"thumbnailUrl":"https:\/\/infoecos.com.ar\/wp-content\/uploads\/2023\/01\/image-51.png","datePublished":"2023-01-14T04:44:48+00:00","dateModified":"2023-01-17T04:23:39+00:00","breadcrumb":{"@id":"https:\/\/infoecos.com.ar\/index.php\/lesiono-a-su-concubina-y-dos-hijas-se-autoflagelo-y-luego-fue-detenido-por-la-policia\/#breadcrumb"},"inLanguage":"es","potentialAction":[{"@type":"ReadAction","target":["https:\/\/infoecos.com.ar\/index.php\/lesiono-a-su-concubina-y-dos-hijas-se-autoflagelo-y-luego-fue-detenido-por-la-policia\/"]}]},{"@type":"ImageObject","inLanguage":"es","@id":"https:\/\/infoecos.com.ar\/index.php\/lesiono-a-su-concubina-y-dos-hijas-se-autoflagelo-y-luego-fue-detenido-por-la-policia\/#primaryimage","url":"https:\/\/infoecos.com.ar\/wp-content\/uploads\/2023\/01\/image-51.png","contentUrl":"https:\/\/infoecos.com.ar\/wp-content\/uploads\/2023\/01\/image-51.png","width":960,"height":1280},{"@type":"BreadcrumbList","@id":"https:\/\/infoecos.com.ar\/index.php\/lesiono-a-su-concubina-y-dos-hijas-se-autoflagelo-y-luego-fue-detenido-por-la-policia\/#breadcrumb","itemListElement":[{"@type":"ListItem","position":1,"name":"Portada","item":"https:\/\/infoecos.com.ar\/"},{"@type":"ListItem","position":2,"name":"Lesion\u00f3 a su concubina y dos hijas, se autoflagel\u00f3 y luego fue detenido por la Polic\u00eda"}]},{"@type":"WebSite","@id":"https:\/\/infoecos.com.ar\/#website","url":"https:\/\/infoecos.com.ar\/","name":"Infoecos","description":"Noticias de trenque lauquen y la zona","publisher":{"@id":"https:\/\/infoecos.com.ar\/#organization"},"alternateName":"Noticias","potentialAction":[{"@type":"SearchAction","target":{"@type":"EntryPoint","urlTemplate":"https:\/\/infoecos.com.ar\/?s={search_term_string}"},"query-input":{"@type":"PropertyValueSpecification","valueRequired":true,"valueName":"search_term_string"}}],"inLanguage":"es"},{"@type":"Organization","@id":"https:\/\/infoecos.com.ar\/#organization","name":"Infoecos","alternateName":"Noticias","url":"https:\/\/infoecos.com.ar\/","logo":{"@type":"ImageObject","inLanguage":"es","@id":"https:\/\/infoecos.com.ar\/#\/schema\/logo\/image\/","url":"https:\/\/infoecos.com.ar\/wp-content\/uploads\/2024\/03\/cropped-logo.png","contentUrl":"https:\/\/infoecos.com.ar\/wp-content\/uploads\/2024\/03\/cropped-logo.png","width":374,"height":90,"caption":"Infoecos"},"image":{"@id":"https:\/\/infoecos.com.ar\/#\/schema\/logo\/image\/"},"sameAs":["https:\/\/www.facebook.com\/profile.php?id=100063200290284","https:\/\/x.com\/infoecos"]},{"@type":"Person","@id":"https:\/\/infoecos.com.ar\/#\/schema\/person\/8f5ace5ce73b4b4aac4b7245aee6f191","name":"Jorge Matheus","url":"https:\/\/infoecos.com.ar\/index.php\/author\/jomatheus\/"}]}},"featured_image_urls":{"full":["https:\/\/infoecos.com.ar\/wp-content\/uploads\/2023\/01\/image-51.png",960,1280,false],"thumbnail":["https:\/\/infoecos.com.ar\/wp-content\/uploads\/2023\/01\/image-51-300x150.png",300,150,true],"medium":["https:\/\/infoecos.com.ar\/wp-content\/uploads\/2023\/01\/image-51-600x800.png",600,800,true],"medium_large":["https:\/\/infoecos.com.ar\/wp-content\/uploads\/2023\/01\/image-51-768x1024.png",640,853,true],"large":["https:\/\/infoecos.com.ar\/wp-content\/uploads\/2023\/01\/image-51.png",640,853,false],"1536x1536":["https:\/\/infoecos.com.ar\/wp-content\/uploads\/2023\/01\/image-51.png",960,1280,false],"2048x2048":["https:\/\/infoecos.com.ar\/wp-content\/uploads\/2023\/01\/image-51.png",960,1280,false],"covernews-slider-full":["https:\/\/infoecos.com.ar\/wp-content\/uploads\/2023\/01\/image-51-960x1020.png",673,715,true],"covernews-slider-center":["https:\/\/infoecos.com.ar\/wp-content\/uploads\/2023\/01\/image-51-936x897.png",522,500,true],"covernews-featured":["https:\/\/infoecos.com.ar\/wp-content\/uploads\/2023\/01\/image-51.png",960,1280,false],"covernews-medium":["https:\/\/infoecos.com.ar\/wp-content\/uploads\/2023\/01\/image-51-720x380.png",540,285,true],"covernews-medium-square":["https:\/\/infoecos.com.ar\/wp-content\/uploads\/2023\/01\/image-51-675x450.png",375,250,true]},"author_info":{"info":["Jorge Matheus"]},"category_info":"<a href=\"https:\/\/infoecos.com.ar\/index.php\/category\/c1nota4\/\" rel=\"category tag\">C1 N4<\/a>","tag_info":"C1 N4","comment_count":"0","_links":{"self":[{"href":"https:\/\/infoecos.com.ar\/index.php\/wp-json\/wp\/v2\/posts\/99998"}],"collection":[{"href":"https:\/\/infoecos.com.ar\/index.php\/wp-json\/wp\/v2\/posts"}],"about":[{"href":"https:\/\/infoecos.com.ar\/index.php\/wp-json\/wp\/v2\/types\/post"}],"author":[{"embeddable":true,"href":"https:\/\/infoecos.com.ar\/index.php\/wp-json\/wp\/v2\/users\/2"}],"replies":[{"embeddable":true,"href":"https:\/\/infoecos.com.ar\/index.php\/wp-json\/wp\/v2\/comments?post=99998"}],"version-history":[{"count":1,"href":"https:\/\/infoecos.com.ar\/index.php\/wp-json\/wp\/v2\/posts\/99998\/revisions"}],"predecessor-version":[{"id":100000,"href":"https:\/\/infoecos.com.ar\/index.php\/wp-json\/wp\/v2\/posts\/99998\/revisions\/100000"}],"wp:featuredmedia":[{"embeddable":true,"href":"https:\/\/infoecos.com.ar\/index.php\/wp-json\/wp\/v2\/media\/99999"}],"wp:attachment":[{"href":"https:\/\/infoecos.com.ar\/index.php\/wp-json\/wp\/v2\/media?parent=99998"}],"wp:term":[{"taxonomy":"category","embeddable":true,"href":"https:\/\/infoecos.com.ar\/index.php\/wp-json\/wp\/v2\/categories?post=99998"},{"taxonomy":"post_tag","embeddable":true,"href":"https:\/\/infoecos.com.ar\/index.php\/wp-json\/wp\/v2\/tags?post=99998"}],"curies":[{"name":"wp","href":"https:\/\/api.w.org\/{rel}","templated":true}]}}