{"id":3370,"count":1,"description":"","link":"https:\/\/infoecos.com.ar\/index.php\/tag\/presidio-el-comite-9-anos\/","name":"PRESIDI\u00d3 EL COMIT\u00c9 9 A\u00d1OS","slug":"presidio-el-comite-9-anos","taxonomy":"post_tag","meta":[],"_links":{"self":[{"href":"https:\/\/infoecos.com.ar\/index.php\/wp-json\/wp\/v2\/tags\/3370","targetHints":{"allow":["GET"]}}],"collection":[{"href":"https:\/\/infoecos.com.ar\/index.php\/wp-json\/wp\/v2\/tags"}],"about":[{"href":"https:\/\/infoecos.com.ar\/index.php\/wp-json\/wp\/v2\/taxonomies\/post_tag"}],"wp:post_type":[{"href":"https:\/\/infoecos.com.ar\/index.php\/wp-json\/wp\/v2\/posts?tags=3370"}],"curies":[{"name":"wp","href":"https:\/\/api.w.org\/{rel}","templated":true}]}}