{"id":3961,"count":1,"description":"","link":"https:\/\/infoecos.com.ar\/index.php\/tag\/se-lo-adelanto-a-hoy-dia-de-lider-tv-web\/","name":"se lo adelant\u00f3 a Hoy D\u00eda de L\u00edder TV Web","slug":"se-lo-adelanto-a-hoy-dia-de-lider-tv-web","taxonomy":"post_tag","meta":[],"_links":{"self":[{"href":"https:\/\/infoecos.com.ar\/index.php\/wp-json\/wp\/v2\/tags\/3961","targetHints":{"allow":["GET"]}}],"collection":[{"href":"https:\/\/infoecos.com.ar\/index.php\/wp-json\/wp\/v2\/tags"}],"about":[{"href":"https:\/\/infoecos.com.ar\/index.php\/wp-json\/wp\/v2\/taxonomies\/post_tag"}],"wp:post_type":[{"href":"https:\/\/infoecos.com.ar\/index.php\/wp-json\/wp\/v2\/posts?tags=3961"}],"curies":[{"name":"wp","href":"https:\/\/api.w.org\/{rel}","templated":true}]}}