{"id":5472,"count":1,"description":"","link":"https:\/\/infoecos.com.ar\/index.php\/tag\/dos-vandalos-empanaron-la-concentracion\/","name":"DOS V\u00c1NDALOS EMPA\u00d1ARON LA CONCENTRACI\u00d3N","slug":"dos-vandalos-empanaron-la-concentracion","taxonomy":"post_tag","meta":[],"_links":{"self":[{"href":"https:\/\/infoecos.com.ar\/index.php\/wp-json\/wp\/v2\/tags\/5472","targetHints":{"allow":["GET"]}}],"collection":[{"href":"https:\/\/infoecos.com.ar\/index.php\/wp-json\/wp\/v2\/tags"}],"about":[{"href":"https:\/\/infoecos.com.ar\/index.php\/wp-json\/wp\/v2\/taxonomies\/post_tag"}],"wp:post_type":[{"href":"https:\/\/infoecos.com.ar\/index.php\/wp-json\/wp\/v2\/posts?tags=5472"}],"curies":[{"name":"wp","href":"https:\/\/api.w.org\/{rel}","templated":true}]}}