{"id":5634,"count":1,"description":"","link":"https:\/\/infoecos.com.ar\/index.php\/tag\/el-sabado-mas-de-100-milimetros\/","name":"el s\u00e1bado m\u00e1s de 100 mil\u00edmetros","slug":"el-sabado-mas-de-100-milimetros","taxonomy":"post_tag","meta":[],"_links":{"self":[{"href":"https:\/\/infoecos.com.ar\/index.php\/wp-json\/wp\/v2\/tags\/5634","targetHints":{"allow":["GET"]}}],"collection":[{"href":"https:\/\/infoecos.com.ar\/index.php\/wp-json\/wp\/v2\/tags"}],"about":[{"href":"https:\/\/infoecos.com.ar\/index.php\/wp-json\/wp\/v2\/taxonomies\/post_tag"}],"wp:post_type":[{"href":"https:\/\/infoecos.com.ar\/index.php\/wp-json\/wp\/v2\/posts?tags=5634"}],"curies":[{"name":"wp","href":"https:\/\/api.w.org\/{rel}","templated":true}]}}